{"id":5740,"date":"2023-12-22T14:39:51","date_gmt":"2023-12-22T13:39:51","guid":{"rendered":"https:\/\/bos-scheyern.de\/bo\/?p=5740"},"modified":"2023-12-22T14:51:01","modified_gmt":"2023-12-22T13:51:01","slug":"stimmungsvolle-weihnachtsfeier-an-der-fosbos-scheyern","status":"publish","type":"post","link":"https:\/\/bos-scheyern.de\/bo\/?p=5740","title":{"rendered":"Stimmungsvolle Weihnachtsfeier an der FOSBOS Scheyern"},"content":{"rendered":"\n<div class=\"wp-block-image\"><figure class=\"aligncenter size-full is-resized\"><img loading=\"lazy\" src=\"https:\/\/bos-scheyern.de\/bo\/wp-content\/uploads\/2023\/12\/IMG_8573-scaled.jpg\" alt=\"\" class=\"wp-image-5741\" width=\"427\" height=\"640\" srcset=\"https:\/\/bos-scheyern.de\/bo\/wp-content\/uploads\/2023\/12\/IMG_8573-scaled.jpg 1707w, https:\/\/bos-scheyern.de\/bo\/wp-content\/uploads\/2023\/12\/IMG_8573-200x300.jpg 200w, https:\/\/bos-scheyern.de\/bo\/wp-content\/uploads\/2023\/12\/IMG_8573-683x1024.jpg 683w, https:\/\/bos-scheyern.de\/bo\/wp-content\/uploads\/2023\/12\/IMG_8573-768x1152.jpg 768w, https:\/\/bos-scheyern.de\/bo\/wp-content\/uploads\/2023\/12\/IMG_8573-1024x1536.jpg 1024w, https:\/\/bos-scheyern.de\/bo\/wp-content\/uploads\/2023\/12\/IMG_8573-1365x2048.jpg 1365w\" sizes=\"(max-width: 427px) 100vw, 427px\" \/><\/figure><\/div>\n\n\n\n<p>Am Freitag, den 22.12.2023 fand an der FOSBOS Scheyern die traditionelle Weihnachtsfeier statt, die von der Schulleitung, der Lehrerschaft und der SMV gleicherma\u00dfen gestaltet wurde. So kamen bei einem gem\u00fctlichen Klassenfr\u00fchst\u00fcck die Sch\u00fclerinnen und Sch\u00fcler mit ihrer Klassenleitung zusammen, um Pl\u00e4tzchen und Punsch zu genie\u00dfen. Im stimmungsvollen Wittelsbacher Saal des Klosters Scheyern wurden zudem die von den Klassen sowie den Klassenleiterinnen und -leitern im Vorfeld selbstverfassten Gedichte vom Weihnachtsmann vorgetragen, was oftmals f\u00fcr viel Gel\u00e4chter sorgte. \u00dcberdies konnte man in der besinnlichen Atmosph\u00e4re der Basilika Scheyern dem von den Religionslehrern und Sch\u00fclerinnen und Sch\u00fclern der Schule liebevoll gestalteten Weihnachtsgottesdienst mitfeiern. Damit fand das Jahr 2023 an der FOSBOS Scheyern einen sch\u00f6nen Abschluss und die Schulgemeinschaft konnte in die wohlverdienten Weihnachtsferien starten. Wir w\u00fcnschen allen frohe Weihnachten und einen guten Rutsch in das neue Jahr!<\/p>\n","protected":false},"excerpt":{"rendered":"<p>Am Freitag, den 22.12.2023 fand an der FOSBOS Scheyern die traditionelle Weihnachtsfeier statt, die von der Schulleitung, der Lehrerschaft und der SMV gleicherma\u00dfen gestaltet wurde. So kamen bei einem gem\u00fctlichen <a class=\"more-link\" href=\"https:\/\/bos-scheyern.de\/bo\/?p=5740\">weiterlesen<span class=\"screen-reader-text\">Stimmungsvolle Weihnachtsfeier an der FOSBOS Scheyern<\/span><span class=\"meta-nav\">\u2192<\/span><\/a><\/p>\n","protected":false},"author":14,"featured_media":5741,"comment_status":"closed","ping_status":"closed","sticky":false,"template":"","format":"standard","meta":[],"categories":[11],"tags":[],"_links":{"self":[{"href":"https:\/\/bos-scheyern.de\/bo\/index.php?rest_route=\/wp\/v2\/posts\/5740"}],"collection":[{"href":"https:\/\/bos-scheyern.de\/bo\/index.php?rest_route=\/wp\/v2\/posts"}],"about":[{"href":"https:\/\/bos-scheyern.de\/bo\/index.php?rest_route=\/wp\/v2\/types\/post"}],"author":[{"embeddable":true,"href":"https:\/\/bos-scheyern.de\/bo\/index.php?rest_route=\/wp\/v2\/users\/14"}],"replies":[{"embeddable":true,"href":"https:\/\/bos-scheyern.de\/bo\/index.php?rest_route=%2Fwp%2Fv2%2Fcomments&post=5740"}],"version-history":[{"count":2,"href":"https:\/\/bos-scheyern.de\/bo\/index.php?rest_route=\/wp\/v2\/posts\/5740\/revisions"}],"predecessor-version":[{"id":5743,"href":"https:\/\/bos-scheyern.de\/bo\/index.php?rest_route=\/wp\/v2\/posts\/5740\/revisions\/5743"}],"wp:featuredmedia":[{"embeddable":true,"href":"https:\/\/bos-scheyern.de\/bo\/index.php?rest_route=\/wp\/v2\/media\/5741"}],"wp:attachment":[{"href":"https:\/\/bos-scheyern.de\/bo\/index.php?rest_route=%2Fwp%2Fv2%2Fmedia&parent=5740"}],"wp:term":[{"taxonomy":"category","embeddable":true,"href":"https:\/\/bos-scheyern.de\/bo\/index.php?rest_route=%2Fwp%2Fv2%2Fcategories&post=5740"},{"taxonomy":"post_tag","embeddable":true,"href":"https:\/\/bos-scheyern.de\/bo\/index.php?rest_route=%2Fwp%2Fv2%2Ftags&post=5740"}],"curies":[{"name":"wp","href":"https:\/\/api.w.org\/{rel}","templated":true}]}}