{"id":5764,"date":"2024-01-11T13:29:35","date_gmt":"2024-01-11T12:29:35","guid":{"rendered":"https:\/\/bos-scheyern.de\/bo\/?p=5764"},"modified":"2024-01-11T13:29:38","modified_gmt":"2024-01-11T12:29:38","slug":"gespraech-zum-thema-inklusion-mit-irmi-hierhager-an-der-fosbos-scheyern","status":"publish","type":"post","link":"https:\/\/bos-scheyern.de\/bo\/?p=5764","title":{"rendered":"Gespr\u00e4ch zum Thema Inklusion mit Irmi Hierhager an der FOSBOS Scheyern"},"content":{"rendered":"\n<p><em>\u201eVielleicht ist das mein Weg damit umzugehen.\u201c<\/em><\/p>\n\n\n\n<p>Der zw\u00f6lfj\u00e4hrige Moritz kam mit dem Down-Syndrom zur Welt. Zuerst sei es ein Schock gewesen, sagt seine Mutter Irmi Hierhager. In der n\u00e4chsten Stunde berichtet die Sozialp\u00e4dagogin vor zwei 13. Klassen mit anschaulichen Worten, wie das Familienleben mit einem behinderten Kind aussieht. Sie erz\u00e4hlt von Sorgen, von unangenehmen Begegnungen und von den vielen H\u00fcrden, die es im Bildungssystem leider immer noch zu \u00fcberwinden gilt. Eigentlich sieht die von Deutschland ratifizierte UN-Behindertenrechtskonvention die gleichberechtigte Teilhabe von Menschen mit Behinderung vor. Doch die Realit\u00e4t zeichnet oft (noch) ein anderes Bild: fehlende Freizeitangebote wie Sport oder Ferienprogramme, vor allem aber strukturelle Benachteiligungen wie die freie Schulwahl.<\/p>\n\n\n\n<p>Die Sch\u00fclerinnen und Sch\u00fcler haben viele Fragen: Wird Moritz einmal seinen Traumberuf aus\u00fcben k\u00f6nnen? Wie wird er als Erwachsener leben? Wird er in der Schule gemobbt? Hat er selbst manchmal Probleme mit seiner Behinderung?<\/p>\n\n\n\n<p>Inzwischen geht Moritz in eine 6. Klasse der Mittelschule. Zusammen mit \u201enormalen\u201c Kindern. Aber was hei\u00dft schon \u201enormal\u201c? Die Definition ist dabei, die vielen Gemeinsamkeiten herauszuarbeiten und dass sich alle immer weiter \u00f6ffnen. Das muss der Weg sein, wie wir als Gesellschaft mit dem Thema Inklusion und Teilhabe umgehen. Um einer solchen Gesellschaft den Weg zu ebnen, geht Irmi Hierhager im Namen ihrer Freisinger Initiative f\u00fcr Inklusion FINI in Schulen, Universit\u00e4ten und mit vielen anderen ins Gespr\u00e4ch. Vielen Dank daf\u00fcr!<\/p>\n\n\n\n<p>&#8222;Wer\u00a0<em><strong>Inklusion will<\/strong><\/em>,\u00a0<em><strong>findet<\/strong><\/em>\u00a0einen\u00a0<em><strong>Weg<\/strong><\/em>. Wer\u00a0<em><strong>sie nicht will<\/strong><\/em>,\u00a0<em><strong>findet Ausreden<\/strong><\/em>.&#8220; (Ra\u00fal Krauthausen)<\/p>\n","protected":false},"excerpt":{"rendered":"<p>\u201eVielleicht ist das mein Weg damit umzugehen.\u201c Der zw\u00f6lfj\u00e4hrige Moritz kam mit dem Down-Syndrom zur Welt. Zuerst sei es ein Schock gewesen, sagt seine Mutter Irmi Hierhager. In der n\u00e4chsten <a class=\"more-link\" href=\"https:\/\/bos-scheyern.de\/bo\/?p=5764\">weiterlesen<span class=\"screen-reader-text\">Gespr\u00e4ch zum Thema Inklusion mit Irmi Hierhager an der FOSBOS Scheyern<\/span><span class=\"meta-nav\">\u2192<\/span><\/a><\/p>\n","protected":false},"author":14,"featured_media":0,"comment_status":"closed","ping_status":"closed","sticky":false,"template":"","format":"standard","meta":[],"categories":[11],"tags":[],"_links":{"self":[{"href":"https:\/\/bos-scheyern.de\/bo\/index.php?rest_route=\/wp\/v2\/posts\/5764"}],"collection":[{"href":"https:\/\/bos-scheyern.de\/bo\/index.php?rest_route=\/wp\/v2\/posts"}],"about":[{"href":"https:\/\/bos-scheyern.de\/bo\/index.php?rest_route=\/wp\/v2\/types\/post"}],"author":[{"embeddable":true,"href":"https:\/\/bos-scheyern.de\/bo\/index.php?rest_route=\/wp\/v2\/users\/14"}],"replies":[{"embeddable":true,"href":"https:\/\/bos-scheyern.de\/bo\/index.php?rest_route=%2Fwp%2Fv2%2Fcomments&post=5764"}],"version-history":[{"count":1,"href":"https:\/\/bos-scheyern.de\/bo\/index.php?rest_route=\/wp\/v2\/posts\/5764\/revisions"}],"predecessor-version":[{"id":5765,"href":"https:\/\/bos-scheyern.de\/bo\/index.php?rest_route=\/wp\/v2\/posts\/5764\/revisions\/5765"}],"wp:attachment":[{"href":"https:\/\/bos-scheyern.de\/bo\/index.php?rest_route=%2Fwp%2Fv2%2Fmedia&parent=5764"}],"wp:term":[{"taxonomy":"category","embeddable":true,"href":"https:\/\/bos-scheyern.de\/bo\/index.php?rest_route=%2Fwp%2Fv2%2Fcategories&post=5764"},{"taxonomy":"post_tag","embeddable":true,"href":"https:\/\/bos-scheyern.de\/bo\/index.php?rest_route=%2Fwp%2Fv2%2Ftags&post=5764"}],"curies":[{"name":"wp","href":"https:\/\/api.w.org\/{rel}","templated":true}]}}