{"id":5812,"date":"2024-02-01T10:44:03","date_gmt":"2024-02-01T09:44:03","guid":{"rendered":"https:\/\/bos-scheyern.de\/bo\/?p=5812"},"modified":"2024-02-01T10:44:05","modified_gmt":"2024-02-01T09:44:05","slug":"gedenken-an-die-opfer-des-nationalsozialismus-an-der-fosbos-scheyern","status":"publish","type":"post","link":"https:\/\/bos-scheyern.de\/bo\/?p=5812","title":{"rendered":"Gedenken an die Opfer des Nationalsozialismus an der FOSBOS Scheyern"},"content":{"rendered":"\n<figure class=\"wp-block-image size-large is-style-default\"><img loading=\"lazy\" width=\"1024\" height=\"520\" src=\"https:\/\/bos-scheyern.de\/bo\/wp-content\/uploads\/2024\/02\/Bild-Holocaust-Gedenktag-1024x520.jpg\" alt=\"\" class=\"wp-image-5814\" srcset=\"https:\/\/bos-scheyern.de\/bo\/wp-content\/uploads\/2024\/02\/Bild-Holocaust-Gedenktag-1024x520.jpg 1024w, https:\/\/bos-scheyern.de\/bo\/wp-content\/uploads\/2024\/02\/Bild-Holocaust-Gedenktag-300x152.jpg 300w, https:\/\/bos-scheyern.de\/bo\/wp-content\/uploads\/2024\/02\/Bild-Holocaust-Gedenktag-768x390.jpg 768w, https:\/\/bos-scheyern.de\/bo\/wp-content\/uploads\/2024\/02\/Bild-Holocaust-Gedenktag-1536x780.jpg 1536w, https:\/\/bos-scheyern.de\/bo\/wp-content\/uploads\/2024\/02\/Bild-Holocaust-Gedenktag-2048x1040.jpg 2048w\" sizes=\"(max-width: 1024px) 100vw, 1024px\" \/><figcaption>Foto: Sabine Thielitz  <\/figcaption><\/figure>\n\n\n\n<p>Anl\u00e4sslich des \u201eInternationalen Tags des Gedenkens an die Opfer des Nationalsozialismus\u201c am 27. Januar 2024 hat die AG \u201eSchule ohne Rassismus, Schule mit Courage\u201c einen Beitrag gegen das Vergessen geleistet.<\/p>\n\n\n\n<p>Dazu wurde eine Wand im Eingangsbereich des B-Baus mit Bildern und Aussagen von Zeitzeugen der NS-Zeit gestaltet. Neben kurzen Informationen und einzelnen Zitaten wurden die Bilder jeweils um einen QR-Code erg\u00e4nzt, der zu einem Statement oder kurzen Interview der jeweiligen Person f\u00fchrt, die so ihre ganz eigenen Geschichten in ber\u00fchrender Weise schildern k\u00f6nnen. Die getroffene Auswahl ist dabei bewusst sehr vielf\u00e4ltig ausgefallen: So berichten einige Zeitzeugen von den traumatischen Erlebnissen im Konzentrationslager sowie von anderweitigen Diskriminierungserfahrungen durch das NS-Regime. Andere erz\u00e4hlen von zentralen Erlebnissen aus ihrem sp\u00e4teren Leben bez\u00fcglich der Aufarbeitung der NS-Diktatur oder wenden sich in ihren Statements direkt an unsere heutige Generation, da sie das zunehmende Erstarken rechtsextremistischer Gruppen mit Sorge erf\u00fcllt. Aber auch eine ehemalige Sympathisantin der Nationalsozialisten kommt zu Wort, deren Familie sich von der Begeisterung f\u00fcr Hitler hatte zun\u00e4chst anstecken lassen und die sich im Nachhinein selbst kritisch fragt, wie es so weit hatte kommen k\u00f6nnen. So soll den einst durch das NS-Regime Verfolgten und Unterdr\u00fcckten exemplarisch eine Stimme gegeben sowie auch eine kritische Reflexion \u00fcber die geschehene Duldung und Unterst\u00fctzung dieses Unrechts-Regimes angebahnt werden.<\/p>\n\n\n\n<p>Dar\u00fcber hinaus wird mittels der detailreich gestalteten Wand auf die internationale Gedenkkampagne \u201e#WeRemember\u201c verwiesen, an der sich auch zahlreiche namenhafte Institutionen wie der Deutsche Bundestag und der Deutsche Bundesrat beteiligen, um ihrem Engagement gegen das Vergessen und f\u00fcr ein \u201eNie wieder\u201c Ausdruck zu verleihen.<\/p>\n\n\n\n<p><em>Text: StRin Sabine Thielitz<\/em><\/p>\n","protected":false},"excerpt":{"rendered":"<p>Anl\u00e4sslich des \u201eInternationalen Tags des Gedenkens an die Opfer des Nationalsozialismus\u201c am 27. Januar 2024 hat die AG \u201eSchule ohne Rassismus, Schule mit Courage\u201c einen Beitrag gegen das Vergessen geleistet. <a class=\"more-link\" href=\"https:\/\/bos-scheyern.de\/bo\/?p=5812\">weiterlesen<span class=\"screen-reader-text\">Gedenken an die Opfer des Nationalsozialismus an der FOSBOS Scheyern<\/span><span class=\"meta-nav\">\u2192<\/span><\/a><\/p>\n","protected":false},"author":14,"featured_media":5814,"comment_status":"closed","ping_status":"closed","sticky":false,"template":"","format":"standard","meta":[],"categories":[11],"tags":[],"_links":{"self":[{"href":"https:\/\/bos-scheyern.de\/bo\/index.php?rest_route=\/wp\/v2\/posts\/5812"}],"collection":[{"href":"https:\/\/bos-scheyern.de\/bo\/index.php?rest_route=\/wp\/v2\/posts"}],"about":[{"href":"https:\/\/bos-scheyern.de\/bo\/index.php?rest_route=\/wp\/v2\/types\/post"}],"author":[{"embeddable":true,"href":"https:\/\/bos-scheyern.de\/bo\/index.php?rest_route=\/wp\/v2\/users\/14"}],"replies":[{"embeddable":true,"href":"https:\/\/bos-scheyern.de\/bo\/index.php?rest_route=%2Fwp%2Fv2%2Fcomments&post=5812"}],"version-history":[{"count":1,"href":"https:\/\/bos-scheyern.de\/bo\/index.php?rest_route=\/wp\/v2\/posts\/5812\/revisions"}],"predecessor-version":[{"id":5815,"href":"https:\/\/bos-scheyern.de\/bo\/index.php?rest_route=\/wp\/v2\/posts\/5812\/revisions\/5815"}],"wp:featuredmedia":[{"embeddable":true,"href":"https:\/\/bos-scheyern.de\/bo\/index.php?rest_route=\/wp\/v2\/media\/5814"}],"wp:attachment":[{"href":"https:\/\/bos-scheyern.de\/bo\/index.php?rest_route=%2Fwp%2Fv2%2Fmedia&parent=5812"}],"wp:term":[{"taxonomy":"category","embeddable":true,"href":"https:\/\/bos-scheyern.de\/bo\/index.php?rest_route=%2Fwp%2Fv2%2Fcategories&post=5812"},{"taxonomy":"post_tag","embeddable":true,"href":"https:\/\/bos-scheyern.de\/bo\/index.php?rest_route=%2Fwp%2Fv2%2Ftags&post=5812"}],"curies":[{"name":"wp","href":"https:\/\/api.w.org\/{rel}","templated":true}]}}