{"id":5849,"date":"2024-02-08T13:25:32","date_gmt":"2024-02-08T12:25:32","guid":{"rendered":"https:\/\/bos-scheyern.de\/bo\/?p=5849"},"modified":"2024-02-08T13:31:53","modified_gmt":"2024-02-08T12:31:53","slug":"zahlreiche-besucher-am-tag-der-offenen-schule-an-der-fosbos-scheyern","status":"publish","type":"post","link":"https:\/\/bos-scheyern.de\/bo\/?p=5849","title":{"rendered":"Zahlreiche Besucher am \u201eTag der offenen Schule\u201c an der FOSBOS Scheyern"},"content":{"rendered":"\n<figure class=\"wp-block-gallery columns-2 is-cropped\"><ul class=\"blocks-gallery-grid\"><li class=\"blocks-gallery-item\"><figure><img loading=\"lazy\" width=\"683\" height=\"1024\" src=\"https:\/\/bos-scheyern.de\/bo\/wp-content\/uploads\/2024\/02\/IMG_8804-683x1024.jpg\" alt=\"\" data-id=\"5852\" data-full-url=\"https:\/\/bos-scheyern.de\/bo\/wp-content\/uploads\/2024\/02\/IMG_8804-scaled.jpg\" data-link=\"https:\/\/bos-scheyern.de\/bo\/?attachment_id=5852\" class=\"wp-image-5852\" srcset=\"https:\/\/bos-scheyern.de\/bo\/wp-content\/uploads\/2024\/02\/IMG_8804-683x1024.jpg 683w, https:\/\/bos-scheyern.de\/bo\/wp-content\/uploads\/2024\/02\/IMG_8804-200x300.jpg 200w, https:\/\/bos-scheyern.de\/bo\/wp-content\/uploads\/2024\/02\/IMG_8804-768x1152.jpg 768w, https:\/\/bos-scheyern.de\/bo\/wp-content\/uploads\/2024\/02\/IMG_8804-1024x1536.jpg 1024w, https:\/\/bos-scheyern.de\/bo\/wp-content\/uploads\/2024\/02\/IMG_8804-1365x2048.jpg 1365w, https:\/\/bos-scheyern.de\/bo\/wp-content\/uploads\/2024\/02\/IMG_8804-scaled.jpg 1707w\" sizes=\"(max-width: 683px) 100vw, 683px\" \/><\/figure><\/li><li class=\"blocks-gallery-item\"><figure><img loading=\"lazy\" width=\"1024\" height=\"683\" src=\"https:\/\/bos-scheyern.de\/bo\/wp-content\/uploads\/2024\/02\/IMG_8679-1024x683.jpg\" alt=\"\" data-id=\"5851\" data-full-url=\"https:\/\/bos-scheyern.de\/bo\/wp-content\/uploads\/2024\/02\/IMG_8679-scaled.jpg\" data-link=\"https:\/\/bos-scheyern.de\/bo\/?attachment_id=5851\" class=\"wp-image-5851\" srcset=\"https:\/\/bos-scheyern.de\/bo\/wp-content\/uploads\/2024\/02\/IMG_8679-1024x683.jpg 1024w, https:\/\/bos-scheyern.de\/bo\/wp-content\/uploads\/2024\/02\/IMG_8679-300x200.jpg 300w, https:\/\/bos-scheyern.de\/bo\/wp-content\/uploads\/2024\/02\/IMG_8679-768x512.jpg 768w, https:\/\/bos-scheyern.de\/bo\/wp-content\/uploads\/2024\/02\/IMG_8679-1536x1024.jpg 1536w, https:\/\/bos-scheyern.de\/bo\/wp-content\/uploads\/2024\/02\/IMG_8679-2048x1365.jpg 2048w\" sizes=\"(max-width: 1024px) 100vw, 1024px\" \/><\/figure><\/li><\/ul><\/figure>\n\n\n\n<p>Am Freitag, den 02. Februar 2024, fand an der Beruflichen Oberschule Scheyern der \u201eTag der offenen Schule\u201c statt. Von 14:00 bis 17:00 Uhr konnten sich interessierte Sch\u00fclerinnen und Sch\u00fcler an diesem Tag vor Ort \u00fcber die FOSBOS und die verschiedenen Ausbildungsrichtungen, die dort angeboten werden, informieren. Dieses Angebot wurde auch von vielen Besuchern wahrgenommen.<\/p>\n\n\n\n<p>Diese konnten bei dieser Gelegenheit die Schulr\u00e4ume mit der modernen technischen Ausstattung besichtigen und hatte die M\u00f6glichkeit, einen Einblick in die verschiedenen Schulprojekte und AGs sowie Informationen \u00fcber die Praktika in der 11. Klasse zu erhalten. Dar\u00fcber hinaus stellten sich alle Fachbereiche vor und in den speziellen Fachr\u00e4umen konnten \u00fcberdies Experimente aus dem Chemie- und Biologie-Unterricht sowie dem Physik-Unterricht selbst ausprobiert werden. Gerade diese nahbaren praktischen Angebote wurden von den G\u00e4sten vielfach und gerne genutzt.<\/p>\n\n\n\n<p>Auch die aktive SMV pr\u00e4sentierte sich am \u201eTag der offenen Schule\u201c: Sie agiert gem\u00e4\u00df dem Motto \u201eScheyern \u2013 mehr als eine Schule\u201c und gestaltet das Schulleben durch eigene Veranstaltungen, wie zum Beispiel eine Halloween-Party oder einen Christkindlmarkt, mit. Zudem engagieren sich an der Schule zahlreiche AGs (Schulchor, Sch\u00fclerzeitung, Umwelt- und Nachhaltigkeits-AG, AG Schule ohne Rassismus\/Schule mit Courage\u2026), die ebenfalls ihre jeweiligen Aktivit\u00e4ten vorstellten.<\/p>\n\n\n\n<p>Ihre neuerworbenen Kenntnisse \u00fcber die FOSBOS Scheyern konnten die Besucherinnen und Besucher dann auch gleich bei einem Quiz unter Beweis stellen. Der Elternbeirat und die SMV sorgten \u00fcberdies f\u00fcr das leibliche Wohl, sodass sich die G\u00e4ste nach einem Rundgang durch die Geb\u00e4ude auch noch mit Kaffee und Kuchen st\u00e4rken konnten. Der Besuch wurde durch Besichtigungen des Wohnheims abgerundet. Dieses wird besonders gern von Sch\u00fclerinnen und Sch\u00fclern, deren Heimatort f\u00fcr eine t\u00e4gliche Hin- und Herfahrt zu weit entfernt ist, genutzt. Das besondere Ambiente der Schule im Rahmen der Klosteranlage Scheyern, das dem Schulleben auch eine Art Campus-Atmosph\u00e4re verleiht, wurde dabei von vielen Besucherinnen und Besuchern sehr positiv aufgenommen.<\/p>\n\n\n\n<p>Zudem nutzten viele die Gelegenheit, sich \u00fcber die Anmeldemodalit\u00e4ten an der Schule zu informieren bzw. eine Online-Anmeldung vorzunehmen. F\u00fcr den von der FOSBOS Scheyern angebotenen <strong>Vorkurs<\/strong> zur Auffrischung der Kenntnisse in den F\u00e4chern Deutsch, Englisch und Mathematik, der am 20. Februar 2024 beginnt, l\u00e4uft die <strong>Anmeldung noch bis zum 09. Februar 2024<\/strong>.&nbsp; Die <strong>Anmeldung f\u00fcr das<\/strong> <strong>n\u00e4chste Schuljahr 2024\/25 <\/strong>ist <strong>vom 26. Februar<\/strong> <strong>bis zum 08. M\u00e4rz 2024<\/strong> m\u00f6glich. Weitere Informationen hierzu finden sich auch auf der Schul-Homepage: <a href=\"https:\/\/bos-scheyern.de\/bo\/\">https:\/\/bos-scheyern.de\/bo\/<\/a>.<\/p>\n\n\n\n<p><em>Text: StRin Sabine Thielitz<\/em><\/p>\n","protected":false},"excerpt":{"rendered":"<p>Am Freitag, den 02. Februar 2024, fand an der Beruflichen Oberschule Scheyern der \u201eTag der offenen Schule\u201c statt. Von 14:00 bis 17:00 Uhr konnten sich interessierte Sch\u00fclerinnen und Sch\u00fcler an <a class=\"more-link\" href=\"https:\/\/bos-scheyern.de\/bo\/?p=5849\">weiterlesen<span class=\"screen-reader-text\">Zahlreiche Besucher am \u201eTag der offenen Schule\u201c an der FOSBOS Scheyern<\/span><span class=\"meta-nav\">\u2192<\/span><\/a><\/p>\n","protected":false},"author":14,"featured_media":5851,"comment_status":"closed","ping_status":"closed","sticky":false,"template":"","format":"standard","meta":[],"categories":[11],"tags":[],"_links":{"self":[{"href":"https:\/\/bos-scheyern.de\/bo\/index.php?rest_route=\/wp\/v2\/posts\/5849"}],"collection":[{"href":"https:\/\/bos-scheyern.de\/bo\/index.php?rest_route=\/wp\/v2\/posts"}],"about":[{"href":"https:\/\/bos-scheyern.de\/bo\/index.php?rest_route=\/wp\/v2\/types\/post"}],"author":[{"embeddable":true,"href":"https:\/\/bos-scheyern.de\/bo\/index.php?rest_route=\/wp\/v2\/users\/14"}],"replies":[{"embeddable":true,"href":"https:\/\/bos-scheyern.de\/bo\/index.php?rest_route=%2Fwp%2Fv2%2Fcomments&post=5849"}],"version-history":[{"count":1,"href":"https:\/\/bos-scheyern.de\/bo\/index.php?rest_route=\/wp\/v2\/posts\/5849\/revisions"}],"predecessor-version":[{"id":5853,"href":"https:\/\/bos-scheyern.de\/bo\/index.php?rest_route=\/wp\/v2\/posts\/5849\/revisions\/5853"}],"wp:featuredmedia":[{"embeddable":true,"href":"https:\/\/bos-scheyern.de\/bo\/index.php?rest_route=\/wp\/v2\/media\/5851"}],"wp:attachment":[{"href":"https:\/\/bos-scheyern.de\/bo\/index.php?rest_route=%2Fwp%2Fv2%2Fmedia&parent=5849"}],"wp:term":[{"taxonomy":"category","embeddable":true,"href":"https:\/\/bos-scheyern.de\/bo\/index.php?rest_route=%2Fwp%2Fv2%2Fcategories&post=5849"},{"taxonomy":"post_tag","embeddable":true,"href":"https:\/\/bos-scheyern.de\/bo\/index.php?rest_route=%2Fwp%2Fv2%2Ftags&post=5849"}],"curies":[{"name":"wp","href":"https:\/\/api.w.org\/{rel}","templated":true}]}}