{"id":5906,"date":"2024-02-26T15:30:45","date_gmt":"2024-02-26T14:30:45","guid":{"rendered":"https:\/\/bos-scheyern.de\/bo\/?p=5906"},"modified":"2024-02-26T15:38:09","modified_gmt":"2024-02-26T14:38:09","slug":"aktion-zum-deutsch-franzoesischen-tag-2024","status":"publish","type":"post","link":"https:\/\/bos-scheyern.de\/bo\/?p=5906","title":{"rendered":"Aktion zum Deutsch-Franz\u00f6sischen Tag 2024"},"content":{"rendered":"\n<div class=\"wp-block-image is-style-default\"><figure class=\"aligncenter size-large is-resized\"><img loading=\"lazy\" src=\"https:\/\/bos-scheyern.de\/bo\/wp-content\/uploads\/2024\/02\/Deutsch-frz-Tag1-1024x768.jpg\" alt=\"\" class=\"wp-image-5908\" width=\"768\" height=\"576\" srcset=\"https:\/\/bos-scheyern.de\/bo\/wp-content\/uploads\/2024\/02\/Deutsch-frz-Tag1-1024x768.jpg 1024w, https:\/\/bos-scheyern.de\/bo\/wp-content\/uploads\/2024\/02\/Deutsch-frz-Tag1-300x225.jpg 300w, https:\/\/bos-scheyern.de\/bo\/wp-content\/uploads\/2024\/02\/Deutsch-frz-Tag1-200x150.jpg 200w, https:\/\/bos-scheyern.de\/bo\/wp-content\/uploads\/2024\/02\/Deutsch-frz-Tag1-768x576.jpg 768w, https:\/\/bos-scheyern.de\/bo\/wp-content\/uploads\/2024\/02\/Deutsch-frz-Tag1-1536x1152.jpg 1536w, https:\/\/bos-scheyern.de\/bo\/wp-content\/uploads\/2024\/02\/Deutsch-frz-Tag1.jpg 1600w\" sizes=\"(max-width: 768px) 100vw, 768px\" \/><\/figure><\/div>\n\n\n\n<p>Der \u201eDeutsch-Franz\u00f6sische Tag\u201c, 2003 von Jacques Chirac und Gerhard Schr\u00f6der ins Leben gerufen, erinnert seither in beiden L\u00e4ndern an jedem 22. Januar an die Bedeutung von Auss\u00f6hnung und Freundschaft nach den verheerenden Kriegen des 19. und 20. Jahrhunderts.<\/p>\n\n\n\n<p>An der FOSBOS Scheyern erinnerte der Wahlpflichtkurs \u201eFranz\u00f6sisch fortgef\u00fchrt\u201c dieses Jahr im Rahmen eines Verkaufs von franz\u00f6sischen Spezialit\u00e4ten wie selbstgebackenen Quiches, Madeleines und Kuchen an diesen besonderen Tag. Sobald die Bestellung auf Franz\u00f6sisch erfolgte (dank Beispiels\u00e4tzen auch f\u00fcr Nicht-Franz\u00f6sischsprecher m\u00f6glich), konnte man die Leckereien zu einem g\u00fcnstigeren Preis erwerben. Die Einnahmen wurden an die SMV f\u00fcr die Abiturfeier im Juli 2024 gespendet.<\/p>\n\n\n\n<p>Mit einem Quiz konnten au\u00dferdem alle Sch\u00fclerinnen und Sch\u00fcler ihr Wissen zu den Olympischen Spielen unter Beweis stellen, die im Sommer 2024 in Paris stattfinden werden. So sollten unter anderem Fragen zu olympischen Rekordhaltern, neu etablierten olympischen Sportarten oder dem ein oder anderen Fun Fact beantwortet werden. Die drei Teilnehmerinnen mit den meisten richtigen Antworten wurden unter anderem mit handgemachten Macarons der P\u00e2tisserie Muschler aus Freising belohnt.<\/p>\n\n\n\n<p>\u00c0 la prochaine!<\/p>\n\n\n\n<p><em>Teresa Leinfelder, Ansprechpartnerin Franz\u00f6sisch<\/em><\/p>\n\n\n\n<p><em>Patrizia Thalmeier, Politik und Gesellschaft<\/em><\/p>\n","protected":false},"excerpt":{"rendered":"<p>Der \u201eDeutsch-Franz\u00f6sische Tag\u201c, 2003 von Jacques Chirac und Gerhard Schr\u00f6der ins Leben gerufen, erinnert seither in beiden L\u00e4ndern an jedem 22. Januar an die Bedeutung von Auss\u00f6hnung und Freundschaft nach <a class=\"more-link\" href=\"https:\/\/bos-scheyern.de\/bo\/?p=5906\">weiterlesen<span class=\"screen-reader-text\">Aktion zum Deutsch-Franz\u00f6sischen Tag 2024<\/span><span class=\"meta-nav\">\u2192<\/span><\/a><\/p>\n","protected":false},"author":14,"featured_media":5908,"comment_status":"closed","ping_status":"closed","sticky":false,"template":"","format":"standard","meta":[],"categories":[11],"tags":[],"_links":{"self":[{"href":"https:\/\/bos-scheyern.de\/bo\/index.php?rest_route=\/wp\/v2\/posts\/5906"}],"collection":[{"href":"https:\/\/bos-scheyern.de\/bo\/index.php?rest_route=\/wp\/v2\/posts"}],"about":[{"href":"https:\/\/bos-scheyern.de\/bo\/index.php?rest_route=\/wp\/v2\/types\/post"}],"author":[{"embeddable":true,"href":"https:\/\/bos-scheyern.de\/bo\/index.php?rest_route=\/wp\/v2\/users\/14"}],"replies":[{"embeddable":true,"href":"https:\/\/bos-scheyern.de\/bo\/index.php?rest_route=%2Fwp%2Fv2%2Fcomments&post=5906"}],"version-history":[{"count":5,"href":"https:\/\/bos-scheyern.de\/bo\/index.php?rest_route=\/wp\/v2\/posts\/5906\/revisions"}],"predecessor-version":[{"id":5984,"href":"https:\/\/bos-scheyern.de\/bo\/index.php?rest_route=\/wp\/v2\/posts\/5906\/revisions\/5984"}],"wp:featuredmedia":[{"embeddable":true,"href":"https:\/\/bos-scheyern.de\/bo\/index.php?rest_route=\/wp\/v2\/media\/5908"}],"wp:attachment":[{"href":"https:\/\/bos-scheyern.de\/bo\/index.php?rest_route=%2Fwp%2Fv2%2Fmedia&parent=5906"}],"wp:term":[{"taxonomy":"category","embeddable":true,"href":"https:\/\/bos-scheyern.de\/bo\/index.php?rest_route=%2Fwp%2Fv2%2Fcategories&post=5906"},{"taxonomy":"post_tag","embeddable":true,"href":"https:\/\/bos-scheyern.de\/bo\/index.php?rest_route=%2Fwp%2Fv2%2Ftags&post=5906"}],"curies":[{"name":"wp","href":"https:\/\/api.w.org\/{rel}","templated":true}]}}