{"id":5914,"date":"2024-02-26T16:00:58","date_gmt":"2024-02-26T15:00:58","guid":{"rendered":"https:\/\/bos-scheyern.de\/bo\/?p=5914"},"modified":"2024-02-26T16:05:55","modified_gmt":"2024-02-26T15:05:55","slug":"faschingswoche-an-der-fosbos-scheyern-eine-woche-voller-spass-und-kreativitaet","status":"publish","type":"post","link":"https:\/\/bos-scheyern.de\/bo\/?p=5914","title":{"rendered":"Faschingswoche an der FOSBOS Scheyern: Eine Woche voller Spa\u00df und Kreativit\u00e4t!"},"content":{"rendered":"\n<div class=\"wp-block-image is-style-default\"><figure class=\"aligncenter size-full is-resized\"><img loading=\"lazy\" src=\"https:\/\/bos-scheyern.de\/bo\/wp-content\/uploads\/2024\/02\/Gray-Collage-Enjoy-Coffee-Instagram-Post1-3-e1708959843613.png\" alt=\"\" class=\"wp-image-5921\" width=\"585\" height=\"585\"\/><\/figure><\/div>\n\n\n\n<p>Die Faschingswoche an der FOSBOS Scheyern war mehr als ungew\u00f6hnlich \u2013 im positiven Sinne. Die SMV initiierte, wie jedes Jahr, eine Mottowoche und die von der Sch\u00fclerschaft gew\u00e4hlten Faschingsmottos waren sehr kreativ. Von Montag bis Freitag erlebten wir eine Vielzahl an individuellen Kost\u00fcmen.<\/p>\n\n\n\n<p><strong>Montag: Overdressed &#8211; Wer sagt, dass weniger mehr ist?<\/strong><br>Den Auftakt der Woche bildete das Motto \u201eOverdressed&#8220;. Von funkelnden Kleidern oder Partyoutfits bis hin zu eleganten Anz\u00fcgen war die Schule erf\u00fcllt von glamour\u00f6sen Outfits.<\/p>\n\n\n\n<p><strong>Dienstag: Anything but a Backpack<\/strong><br>Der Dienstag stand ganz unter dem Motto \u201eAnything but a Backpack&#8220;. Die Sch\u00fclerinnen und Sch\u00fcler zeigten ihre kreative Ader, indem sie Gegenst\u00e4nde aller Art als \u201eRucksack&#8220; umfunktionierten. Viele unkonventionelle Kreationen wie etwa ein Schubkarren, ein alter Adventskalender oder eine Katzen-Transportbox als Rucksack-Ersatz sorgten f\u00fcr Lacher.<\/p>\n\n\n\n<p><strong>Mittwoch: Anfangsbuchstabe &#8211; Kost\u00fcme mit pers\u00f6nlicher Note<\/strong><br>Der Mittwoch stand im Zeichen der Individualit\u00e4t mit dem Motto \u201eAnfangsbuchstabe&#8220;. Die Sch\u00fclerinnen und Sch\u00fcler w\u00e4hlten Kost\u00fcme, die mit dem Anfangsbuchstaben ihres Namens begannen. Dies erm\u00f6glichte es allen, ihre Pers\u00f6nlichkeit auf einzigartige Weise auszudr\u00fccken. So wanderten K\u00f6niginnen, Hexen, Kinder\u00e4rztinnen, Fantasy-Figuren oder auch \u201eTiere\u201c durch die G\u00e4nge der FOS\/BOS Scheyern.<\/p>\n\n\n\n<p><strong>Donnerstag: Jogginghose\/Pyjama &#8211; Gem\u00fctlich durch den Schultag<\/strong><br>Der Donnerstag brachte Entspannung in den Schulalltag mit dem Motto \u201eJogginghose\/Pyjama&#8220;. Die Sch\u00fclerinnen und Sch\u00fcler erschienen in bequemen, aber dennoch stylischen Outfits, was f\u00fcr eine entspannte Atmosph\u00e4re sorgte.<\/p>\n\n\n\n<p><strong>Freitag: Tracht &#8211; Tradition trifft auf Faschingsfreude<\/strong><br>Am Freitag fand die Woche mit dem Motto \u201eTracht&#8220; ihren kr\u00f6nenden Abschluss, bevor alle in die Ferien starteten.<\/p>\n\n\n\n<p>Insgesamt war die Faschings- und Mottowoche an der FOSBOS Scheyern ein voller Erfolg. Die kreativen Ideen, das Gemeinschaftsgef\u00fchl und die fr\u00f6hliche Atmosph\u00e4re haben diese Woche gepr\u00e4gt. Ein herzliches Dankesch\u00f6n an alle, die zu diesem unvergesslichen Erlebnis beigetragen haben!<\/p>\n","protected":false},"excerpt":{"rendered":"<p>Die Faschingswoche an der FOSBOS Scheyern war mehr als ungew\u00f6hnlich \u2013 im positiven Sinne. Die SMV initiierte, wie jedes Jahr, eine Mottowoche und die von der Sch\u00fclerschaft gew\u00e4hlten Faschingsmottos waren <a class=\"more-link\" href=\"https:\/\/bos-scheyern.de\/bo\/?p=5914\">weiterlesen<span class=\"screen-reader-text\">Faschingswoche an der FOSBOS Scheyern: Eine Woche voller Spa\u00df und Kreativit\u00e4t!<\/span><span class=\"meta-nav\">\u2192<\/span><\/a><\/p>\n","protected":false},"author":14,"featured_media":5921,"comment_status":"closed","ping_status":"closed","sticky":false,"template":"","format":"standard","meta":[],"categories":[11],"tags":[],"_links":{"self":[{"href":"https:\/\/bos-scheyern.de\/bo\/index.php?rest_route=\/wp\/v2\/posts\/5914"}],"collection":[{"href":"https:\/\/bos-scheyern.de\/bo\/index.php?rest_route=\/wp\/v2\/posts"}],"about":[{"href":"https:\/\/bos-scheyern.de\/bo\/index.php?rest_route=\/wp\/v2\/types\/post"}],"author":[{"embeddable":true,"href":"https:\/\/bos-scheyern.de\/bo\/index.php?rest_route=\/wp\/v2\/users\/14"}],"replies":[{"embeddable":true,"href":"https:\/\/bos-scheyern.de\/bo\/index.php?rest_route=%2Fwp%2Fv2%2Fcomments&post=5914"}],"version-history":[{"count":5,"href":"https:\/\/bos-scheyern.de\/bo\/index.php?rest_route=\/wp\/v2\/posts\/5914\/revisions"}],"predecessor-version":[{"id":5928,"href":"https:\/\/bos-scheyern.de\/bo\/index.php?rest_route=\/wp\/v2\/posts\/5914\/revisions\/5928"}],"wp:featuredmedia":[{"embeddable":true,"href":"https:\/\/bos-scheyern.de\/bo\/index.php?rest_route=\/wp\/v2\/media\/5921"}],"wp:attachment":[{"href":"https:\/\/bos-scheyern.de\/bo\/index.php?rest_route=%2Fwp%2Fv2%2Fmedia&parent=5914"}],"wp:term":[{"taxonomy":"category","embeddable":true,"href":"https:\/\/bos-scheyern.de\/bo\/index.php?rest_route=%2Fwp%2Fv2%2Fcategories&post=5914"},{"taxonomy":"post_tag","embeddable":true,"href":"https:\/\/bos-scheyern.de\/bo\/index.php?rest_route=%2Fwp%2Fv2%2Ftags&post=5914"}],"curies":[{"name":"wp","href":"https:\/\/api.w.org\/{rel}","templated":true}]}}