{"id":5929,"date":"2024-02-26T16:09:04","date_gmt":"2024-02-26T15:09:04","guid":{"rendered":"https:\/\/bos-scheyern.de\/bo\/?p=5929"},"modified":"2024-02-26T16:09:06","modified_gmt":"2024-02-26T15:09:06","slug":"love-is-in-the-air-an-der-fosbos-scheyern","status":"publish","type":"post","link":"https:\/\/bos-scheyern.de\/bo\/?p=5929","title":{"rendered":"Love is in the air an der FOSBOS Scheyern"},"content":{"rendered":"\n<p>Am 14.02. ist Valentinstag. Dass dieser in diesem Schuljahr in den Faschingsferien liegt, hat die Sch\u00fclermitverantwortung (SMV) nicht davon abgehalten, eine Valentinstags-Aktion ins Leben zu rufen. So konnten Sch\u00fclerinnen und Sch\u00fcler vorab Rosen \u00fcber die SMV bestellen und diese wurden dann mit einer Gru\u00dfkarte am Tag vor den Ferien (09.02.) verteilt.<\/p>\n\n\n\n<p>Der Valentinstag ist traditionell ein Tag, an dem Liebe und Zuneigung in den Vordergrund r\u00fccken, und die FOSBOS Scheyern hat diesen Gedanken aufgegriffen, um die Schulgemeinschaft zu st\u00e4rken. Die Aktion sorgte f\u00fcr eine romantische und fr\u00f6hliche Stimmung, als die Sch\u00fclerinnen und Sch\u00fcler ihre Rosen mit einem L\u00e4cheln entgegennahmen. Generell war die Aktion ein voller Erfolg und ein wunderbarer Beweis daf\u00fcr, dass kleine Gesten gro\u00dfe Auswirkungen haben k\u00f6nnen.<\/p>\n","protected":false},"excerpt":{"rendered":"<p>Am 14.02. ist Valentinstag. Dass dieser in diesem Schuljahr in den Faschingsferien liegt, hat die Sch\u00fclermitverantwortung (SMV) nicht davon abgehalten, eine Valentinstags-Aktion ins Leben zu rufen. So konnten Sch\u00fclerinnen und <a class=\"more-link\" href=\"https:\/\/bos-scheyern.de\/bo\/?p=5929\">weiterlesen<span class=\"screen-reader-text\">Love is in the air an der FOSBOS Scheyern<\/span><span class=\"meta-nav\">\u2192<\/span><\/a><\/p>\n","protected":false},"author":14,"featured_media":0,"comment_status":"closed","ping_status":"closed","sticky":false,"template":"","format":"standard","meta":[],"categories":[11],"tags":[],"_links":{"self":[{"href":"https:\/\/bos-scheyern.de\/bo\/index.php?rest_route=\/wp\/v2\/posts\/5929"}],"collection":[{"href":"https:\/\/bos-scheyern.de\/bo\/index.php?rest_route=\/wp\/v2\/posts"}],"about":[{"href":"https:\/\/bos-scheyern.de\/bo\/index.php?rest_route=\/wp\/v2\/types\/post"}],"author":[{"embeddable":true,"href":"https:\/\/bos-scheyern.de\/bo\/index.php?rest_route=\/wp\/v2\/users\/14"}],"replies":[{"embeddable":true,"href":"https:\/\/bos-scheyern.de\/bo\/index.php?rest_route=%2Fwp%2Fv2%2Fcomments&post=5929"}],"version-history":[{"count":1,"href":"https:\/\/bos-scheyern.de\/bo\/index.php?rest_route=\/wp\/v2\/posts\/5929\/revisions"}],"predecessor-version":[{"id":5930,"href":"https:\/\/bos-scheyern.de\/bo\/index.php?rest_route=\/wp\/v2\/posts\/5929\/revisions\/5930"}],"wp:attachment":[{"href":"https:\/\/bos-scheyern.de\/bo\/index.php?rest_route=%2Fwp%2Fv2%2Fmedia&parent=5929"}],"wp:term":[{"taxonomy":"category","embeddable":true,"href":"https:\/\/bos-scheyern.de\/bo\/index.php?rest_route=%2Fwp%2Fv2%2Fcategories&post=5929"},{"taxonomy":"post_tag","embeddable":true,"href":"https:\/\/bos-scheyern.de\/bo\/index.php?rest_route=%2Fwp%2Fv2%2Ftags&post=5929"}],"curies":[{"name":"wp","href":"https:\/\/api.w.org\/{rel}","templated":true}]}}