{"id":5978,"date":"2024-04-08T09:02:08","date_gmt":"2024-04-08T07:02:08","guid":{"rendered":"https:\/\/bos-scheyern.de\/bo\/?p=5978"},"modified":"2024-04-08T09:05:23","modified_gmt":"2024-04-08T07:05:23","slug":"die-fosbos-scheyern-feiert-menschenrechte-und-beteiligt-sich-an-den-wochen-gegen-rassismus-der-stadt-pfaffenhofen","status":"publish","type":"post","link":"https:\/\/bos-scheyern.de\/bo\/?p=5978","title":{"rendered":"Die FOSBOS Scheyern \u201efeiert Menschenrechte\u201c und beteiligt sich an den \u201eWochen gegen Rassismus\u201c der Stadt Pfaffenhofen"},"content":{"rendered":"\n<div class=\"wp-block-image is-style-default\"><figure class=\"aligncenter size-full is-resized\"><img loading=\"lazy\" src=\"https:\/\/bos-scheyern.de\/bo\/wp-content\/uploads\/2024\/04\/Workshop1-002.jpg\" alt=\"\" class=\"wp-image-5979\" width=\"459\" height=\"538\" srcset=\"https:\/\/bos-scheyern.de\/bo\/wp-content\/uploads\/2024\/04\/Workshop1-002.jpg 612w, https:\/\/bos-scheyern.de\/bo\/wp-content\/uploads\/2024\/04\/Workshop1-002-256x300.jpg 256w\" sizes=\"(max-width: 459px) 100vw, 459px\" \/><\/figure><\/div>\n\n\n\n<p>Erfreulicherweise war die FOSBOS Scheyern in diesem Jahr mit einigen Aktionen an den \u201eWochen gegen Rassismus\u201c der Stadt Pfaffenhofen beteiligt. So konnten die im Dezember in vielen Klassen gestalteten <strong>\u201eMenschenrechtsb\u00e4ume\u201c<\/strong> w\u00e4hrend der beiden \u201eWochen gegen Rassismus\u201c im Landratsamt Pfaffenhofen besichtigt werden. Diese Ausstellung gab einen interessanten Einblick in die kreative Arbeit der Sch\u00fclerinnen und Sch\u00fcler als auch in die Vielfalt der in der <strong><em>Allgemeinen Erkl\u00e4rung der Menschenrechte<\/em><\/strong> festgelegten Menschenrechte.<\/p>\n\n\n\n<p>Des Weiteren konnten an der Schule zwei Workshops zu dieser \u00fcbergeordneten Thematik angeboten werden. Am <strong>04.03.2024<\/strong> f\u00fchrte Frau Nikolai von der Menschenrechtsorganisation <strong>pbi (peace bridges international)<\/strong> mit den beiden Vorklassen einen Workshop durch, in dem die Arbeit von Menschenrechtsverteidigern und -verteidigerinnen genauer beleuchtet wurde. Hierzu stellten sich die Sch\u00fclerinnen und Sch\u00fcler als erstes die Frage, welche Eigenschaften und Kenntnisse man als Menschenrechtsverteidiger vornehmlich besitzen sollte. Schnell wurde klar, dass dieser Beruf eine sehr herausfordernde Aufgabe darstellt und neben Durchsetzungskraft, mentaler St\u00e4rke, Toleranz und Authentizit\u00e4t auch Eigenschaften wie Empathie und Courage erfordert. Die Organisation pbi versucht u.a. Menschen in S\u00fcdamerika durch zivile Schutzbegleitung Sicherheit und Unterst\u00fctzung zukommen zu lassen. Abschlie\u00dfend betonte die Referentin, dass die Arbeit internationaler Organisationen durchaus helfen und die Lage f\u00fcr die betroffenen Personen verbessern kann. Durch internationale Beobachtung kann Druck aufgebaut werden, um die jeweiligen Regierungen zu einer schrittweisen Ver\u00e4nderung der angeprangerten Lage zu bewegen.<\/p>\n\n\n\n<p>Dar\u00fcber hinaus konnte am <strong>18.03.2024<\/strong> im Rahmen des Politik-Unterrichts ein Online-Workshop von <strong>Amnesty International<\/strong> angeboten werden. Die beiden Referenten, Frau J\u00e4ger-Walter und Herr Hansen, erl\u00e4uterten aufschlussreich die Arbeit von Amnesty International und stellten die aktuell stattfindenden Projekte und Aktionen vor. Die am h\u00e4ufigsten an die Organisation gestellte Frage, ob dieses Engagement wirklich etwas bringe, beantwortet die Referentin ganz klar mit einem Ja. Nicht nur dass die Unterst\u00fctzung den von Repressionen betroffenen Personen Hoffnung gibt und sie somit mental st\u00e4rkt, ganz konkret erzielt Amnesty International in einem Drittel der F\u00e4lle eine Verbesserung der Situation. Im zweiten Teil des Workshops durften die Sch\u00fclerinnen und Sch\u00fcler in einer interaktiven \u00dcbung in verschiedene Rollen schl\u00fcpfen und sich gem\u00e4\u00df der Rolle bewusst machen, welche Privilegien, aber auch Benachteiligungen bestimmte soziale Gegebenheiten mit sich bringen. Abschlie\u00dfend verwies die Referentin darauf, dass man sich auf der Homepage von Amnesty International anhand von Kampagnen oder Petitionen f\u00fcr Einzelschicksale einsetzen kann.<\/p>\n","protected":false},"excerpt":{"rendered":"<p>Erfreulicherweise war die FOSBOS Scheyern in diesem Jahr mit einigen Aktionen an den \u201eWochen gegen Rassismus\u201c der Stadt Pfaffenhofen beteiligt. So konnten die im Dezember in vielen Klassen gestalteten \u201eMenschenrechtsb\u00e4ume\u201c <a class=\"more-link\" href=\"https:\/\/bos-scheyern.de\/bo\/?p=5978\">weiterlesen<span class=\"screen-reader-text\">Die FOSBOS Scheyern \u201efeiert Menschenrechte\u201c und beteiligt sich an den \u201eWochen gegen Rassismus\u201c der Stadt Pfaffenhofen<\/span><span class=\"meta-nav\">\u2192<\/span><\/a><\/p>\n","protected":false},"author":14,"featured_media":5981,"comment_status":"closed","ping_status":"closed","sticky":false,"template":"","format":"standard","meta":[],"categories":[11],"tags":[],"_links":{"self":[{"href":"https:\/\/bos-scheyern.de\/bo\/index.php?rest_route=\/wp\/v2\/posts\/5978"}],"collection":[{"href":"https:\/\/bos-scheyern.de\/bo\/index.php?rest_route=\/wp\/v2\/posts"}],"about":[{"href":"https:\/\/bos-scheyern.de\/bo\/index.php?rest_route=\/wp\/v2\/types\/post"}],"author":[{"embeddable":true,"href":"https:\/\/bos-scheyern.de\/bo\/index.php?rest_route=\/wp\/v2\/users\/14"}],"replies":[{"embeddable":true,"href":"https:\/\/bos-scheyern.de\/bo\/index.php?rest_route=%2Fwp%2Fv2%2Fcomments&post=5978"}],"version-history":[{"count":1,"href":"https:\/\/bos-scheyern.de\/bo\/index.php?rest_route=\/wp\/v2\/posts\/5978\/revisions"}],"predecessor-version":[{"id":5980,"href":"https:\/\/bos-scheyern.de\/bo\/index.php?rest_route=\/wp\/v2\/posts\/5978\/revisions\/5980"}],"wp:featuredmedia":[{"embeddable":true,"href":"https:\/\/bos-scheyern.de\/bo\/index.php?rest_route=\/wp\/v2\/media\/5981"}],"wp:attachment":[{"href":"https:\/\/bos-scheyern.de\/bo\/index.php?rest_route=%2Fwp%2Fv2%2Fmedia&parent=5978"}],"wp:term":[{"taxonomy":"category","embeddable":true,"href":"https:\/\/bos-scheyern.de\/bo\/index.php?rest_route=%2Fwp%2Fv2%2Fcategories&post=5978"},{"taxonomy":"post_tag","embeddable":true,"href":"https:\/\/bos-scheyern.de\/bo\/index.php?rest_route=%2Fwp%2Fv2%2Ftags&post=5978"}],"curies":[{"name":"wp","href":"https:\/\/api.w.org\/{rel}","templated":true}]}}