{"id":6014,"date":"2024-06-13T14:17:56","date_gmt":"2024-06-13T12:17:56","guid":{"rendered":"https:\/\/bos-scheyern.de\/bo\/?p=6014"},"modified":"2024-06-13T14:17:58","modified_gmt":"2024-06-13T12:17:58","slug":"fosbos-scheyern-nimmt-an-der-junior-europawahl-2024-teil","status":"publish","type":"post","link":"https:\/\/bos-scheyern.de\/bo\/?p=6014","title":{"rendered":"FOSBOS Scheyern nimmt an der Junior-Europawahl 2024 teil"},"content":{"rendered":"\n<div class=\"wp-block-image is-style-default\"><figure class=\"aligncenter size-large is-resized\"><img loading=\"lazy\" src=\"https:\/\/bos-scheyern.de\/bo\/wp-content\/uploads\/2024\/06\/Bild2-1017x1024.png\" alt=\"\" class=\"wp-image-6015\" width=\"509\" height=\"512\" srcset=\"https:\/\/bos-scheyern.de\/bo\/wp-content\/uploads\/2024\/06\/Bild2-1017x1024.png 1017w, https:\/\/bos-scheyern.de\/bo\/wp-content\/uploads\/2024\/06\/Bild2-298x300.png 298w, https:\/\/bos-scheyern.de\/bo\/wp-content\/uploads\/2024\/06\/Bild2-768x773.png 768w, https:\/\/bos-scheyern.de\/bo\/wp-content\/uploads\/2024\/06\/Bild2-1526x1536.png 1526w, https:\/\/bos-scheyern.de\/bo\/wp-content\/uploads\/2024\/06\/Bild2-2034x2048.png 2034w\" sizes=\"(max-width: 509px) 100vw, 509px\" \/><\/figure><\/div>\n\n\n\n<p>Europawahl 2024! Fragen wie \u201eWas w\u00e4hlt man da eigentlich?\u201c oder \u201eWie viele Stimmen hat man bei der Europawahl?\u201c k\u00f6nnen die Sch\u00fclerinnen und Sch\u00fcler der FOSBOS Scheyern sicherlich problemlos beantworten, denn der Fokus des Politikunterrichts lag in den letzten Wochen darauf, die Klassen bestm\u00f6glich auf die Europawahl vorzubereiten. So wurden die Bedeutung und die Besonderheiten der Europawahl thematisiert und die Sch\u00fclerinnen und Sch\u00fcler \u00fcber die Wahlprogramme der einzelnen Parteien sowie \u00fcber die politischen Zusammenh\u00e4nge im europ\u00e4ischen Kontext informiert.<\/p>\n\n\n\n<p>Um die Jugendlichen auch in der Praxis an den Prozess der politischen Partizipation heranzuf\u00fchren, <strong>nahmen die Vorklassen und die 11. Klassen am Mittwoch, den 05. Juni 2024 an der Junior-Europawahl teil<\/strong>. Im schulinternen \u201eWahllokal\u201c durften die Sch\u00fclerinnen und Sch\u00fcler ihre Stimme abgeben und somit schon vor dem Wahlsonntag den Wahlprozess simulieren.<\/p>\n\n\n\n<p>An der Junior-Europawahl nahmen in diesem Jahr bundesweit \u00fcber 5.500 Schulen teil. Das Ziel dieses Projektes ist es, junge Menschen zum \u201eW\u00e4hlen gehen\u201c zu motivieren und die Bedeutung eines gemeinsamen, starken Europas zu verdeutlichen. Die Teilnahme an dieser Initiative f\u00f6rdert das Verst\u00e4ndnis f\u00fcr Demokratie und europ\u00e4ische Strukturen und leistet einen wichtigen Beitrag dazu, die Heranwachsenden auf ihrem Weg zum \u201em\u00fcndigen B\u00fcrger\u201c zu begleiten.<\/p>\n","protected":false},"excerpt":{"rendered":"<p>Europawahl 2024! Fragen wie \u201eWas w\u00e4hlt man da eigentlich?\u201c oder \u201eWie viele Stimmen hat man bei der Europawahl?\u201c k\u00f6nnen die Sch\u00fclerinnen und Sch\u00fcler der FOSBOS Scheyern sicherlich problemlos beantworten, denn <a class=\"more-link\" href=\"https:\/\/bos-scheyern.de\/bo\/?p=6014\">weiterlesen<span class=\"screen-reader-text\">FOSBOS Scheyern nimmt an der Junior-Europawahl 2024 teil<\/span><span class=\"meta-nav\">\u2192<\/span><\/a><\/p>\n","protected":false},"author":14,"featured_media":6015,"comment_status":"closed","ping_status":"closed","sticky":false,"template":"","format":"standard","meta":[],"categories":[11],"tags":[],"_links":{"self":[{"href":"https:\/\/bos-scheyern.de\/bo\/index.php?rest_route=\/wp\/v2\/posts\/6014"}],"collection":[{"href":"https:\/\/bos-scheyern.de\/bo\/index.php?rest_route=\/wp\/v2\/posts"}],"about":[{"href":"https:\/\/bos-scheyern.de\/bo\/index.php?rest_route=\/wp\/v2\/types\/post"}],"author":[{"embeddable":true,"href":"https:\/\/bos-scheyern.de\/bo\/index.php?rest_route=\/wp\/v2\/users\/14"}],"replies":[{"embeddable":true,"href":"https:\/\/bos-scheyern.de\/bo\/index.php?rest_route=%2Fwp%2Fv2%2Fcomments&post=6014"}],"version-history":[{"count":1,"href":"https:\/\/bos-scheyern.de\/bo\/index.php?rest_route=\/wp\/v2\/posts\/6014\/revisions"}],"predecessor-version":[{"id":6016,"href":"https:\/\/bos-scheyern.de\/bo\/index.php?rest_route=\/wp\/v2\/posts\/6014\/revisions\/6016"}],"wp:featuredmedia":[{"embeddable":true,"href":"https:\/\/bos-scheyern.de\/bo\/index.php?rest_route=\/wp\/v2\/media\/6015"}],"wp:attachment":[{"href":"https:\/\/bos-scheyern.de\/bo\/index.php?rest_route=%2Fwp%2Fv2%2Fmedia&parent=6014"}],"wp:term":[{"taxonomy":"category","embeddable":true,"href":"https:\/\/bos-scheyern.de\/bo\/index.php?rest_route=%2Fwp%2Fv2%2Fcategories&post=6014"},{"taxonomy":"post_tag","embeddable":true,"href":"https:\/\/bos-scheyern.de\/bo\/index.php?rest_route=%2Fwp%2Fv2%2Ftags&post=6014"}],"curies":[{"name":"wp","href":"https:\/\/api.w.org\/{rel}","templated":true}]}}