{"id":6290,"date":"2024-10-18T15:20:47","date_gmt":"2024-10-18T13:20:47","guid":{"rendered":"https:\/\/bos-scheyern.de\/bo\/?p=6290"},"modified":"2024-10-19T08:13:25","modified_gmt":"2024-10-19T06:13:25","slug":"schueler-eltern-und-lehrer-starten-in-ein-neues-schuljahr-an-der-fosbos-scheyern","status":"publish","type":"post","link":"https:\/\/bos-scheyern.de\/bo\/?p=6290","title":{"rendered":"Sch\u00fcler, Eltern und Lehrer starten in ein neues Schuljahr an der FOSBOS Scheyern"},"content":{"rendered":"\n<div class=\"wp-block-image is-style-default\"><figure class=\"alignright size-full\"><img loading=\"lazy\" width=\"560\" height=\"288\" src=\"https:\/\/bos-scheyern.de\/bo\/wp-content\/uploads\/2024\/10\/Ausschnitt-2.png\" alt=\"\" class=\"wp-image-6291\" srcset=\"https:\/\/bos-scheyern.de\/bo\/wp-content\/uploads\/2024\/10\/Ausschnitt-2.png 560w, https:\/\/bos-scheyern.de\/bo\/wp-content\/uploads\/2024\/10\/Ausschnitt-2-300x154.png 300w\" sizes=\"(max-width: 560px) 100vw, 560px\" \/><\/figure><\/div>\n\n\n\n<p>Am Dienstag, den 10.09.2024, hat an der BO Scheyern das neue Schuljahr 2024\/25 begonnen. Vor allem die Sch\u00fclerinnen und Sch\u00fcler der Vorklasse FOSBOS, der 11. Jahrgangsstufe FOS und der 12. Jahrgangsstufe BOS sind mit gro\u00dfen Erwartungen und viel Spannung in Scheyern gestartet und haben seitdem ihre ersten Erfahrungen an der f\u00fcr sie v\u00f6llig neuen Schulart gesammelt.<\/p>\n\n\n\n<p>An dem gemeinsamen \u201eKennenlerntag\u201c in der ersten Schulwoche konnten sich die einzelnen Klassen und ihre neuen Klassenleiterinnen und Klassenleiter auch schon genauer kennenlernen und miteinander austauschen. Neben wichtigen Informationen \u00fcber das Geb\u00e4ude sowie zu schulrechtlichen Aspekten und den an der BO Scheyern vertretenen AGs wie die \u201eUmwelt- und Nachhaltigkeits- AG\u201c (UNAG) und die \u201eSchule ohne Rassismus \u2013 Schule mit Courage\u201c- AG sowie der Sch\u00fclerzeitung stand vor allem das gemeinsame Miteinander der Sch\u00fclerinnen und Sch\u00fcler im Vordergrund. Denn nach den sechsw\u00f6chigen Sommerferien hatte nat\u00fcrlich jeder viel zu erz\u00e4hlen.<\/p>\n\n\n\n<p>An dem Klassenelternabend, der am Montag, den 07.10.2024, stattfand, hatten zudem interessierte Eltern die M\u00f6glichkeit, sich vor Ort genauer \u00fcber die FOSBOS Scheyern und die jeweiligen Lehrer sowie Klassen ihrer Kinder zu informieren. Zudem bestand die Gelegenheit, sich mit dem Elternbeirat der Schule auszutauschen. Dieses Angebot wurde auch rege genutzt.<\/p>\n\n\n\n<p>Somit ging es f\u00fcr Sch\u00fcler, Eltern und Lehrer mit viel Freude und Elan in das neue Schuljahr!<\/p>\n\n\n\n<p><em>Text\/ Foto: StRin Sabine Thielitz<\/em><\/p>\n","protected":false},"excerpt":{"rendered":"<p>Am Dienstag, den 10.09.2024, hat an der BO Scheyern das neue Schuljahr 2024\/25 begonnen. Vor allem die Sch\u00fclerinnen und Sch\u00fcler der Vorklasse FOSBOS, der 11. Jahrgangsstufe FOS und der 12. <a class=\"more-link\" href=\"https:\/\/bos-scheyern.de\/bo\/?p=6290\">weiterlesen<span class=\"screen-reader-text\">Sch\u00fcler, Eltern und Lehrer starten in ein neues Schuljahr an der FOSBOS Scheyern<\/span><span class=\"meta-nav\">\u2192<\/span><\/a><\/p>\n","protected":false},"author":14,"featured_media":6291,"comment_status":"closed","ping_status":"closed","sticky":false,"template":"","format":"standard","meta":[],"categories":[11],"tags":[],"_links":{"self":[{"href":"https:\/\/bos-scheyern.de\/bo\/index.php?rest_route=\/wp\/v2\/posts\/6290"}],"collection":[{"href":"https:\/\/bos-scheyern.de\/bo\/index.php?rest_route=\/wp\/v2\/posts"}],"about":[{"href":"https:\/\/bos-scheyern.de\/bo\/index.php?rest_route=\/wp\/v2\/types\/post"}],"author":[{"embeddable":true,"href":"https:\/\/bos-scheyern.de\/bo\/index.php?rest_route=\/wp\/v2\/users\/14"}],"replies":[{"embeddable":true,"href":"https:\/\/bos-scheyern.de\/bo\/index.php?rest_route=%2Fwp%2Fv2%2Fcomments&post=6290"}],"version-history":[{"count":2,"href":"https:\/\/bos-scheyern.de\/bo\/index.php?rest_route=\/wp\/v2\/posts\/6290\/revisions"}],"predecessor-version":[{"id":6293,"href":"https:\/\/bos-scheyern.de\/bo\/index.php?rest_route=\/wp\/v2\/posts\/6290\/revisions\/6293"}],"wp:featuredmedia":[{"embeddable":true,"href":"https:\/\/bos-scheyern.de\/bo\/index.php?rest_route=\/wp\/v2\/media\/6291"}],"wp:attachment":[{"href":"https:\/\/bos-scheyern.de\/bo\/index.php?rest_route=%2Fwp%2Fv2%2Fmedia&parent=6290"}],"wp:term":[{"taxonomy":"category","embeddable":true,"href":"https:\/\/bos-scheyern.de\/bo\/index.php?rest_route=%2Fwp%2Fv2%2Fcategories&post=6290"},{"taxonomy":"post_tag","embeddable":true,"href":"https:\/\/bos-scheyern.de\/bo\/index.php?rest_route=%2Fwp%2Fv2%2Ftags&post=6290"}],"curies":[{"name":"wp","href":"https:\/\/api.w.org\/{rel}","templated":true}]}}