{"id":6297,"date":"2024-11-05T20:53:23","date_gmt":"2024-11-05T19:53:23","guid":{"rendered":"https:\/\/bos-scheyern.de\/bo\/?p=6297"},"modified":"2024-11-05T20:57:26","modified_gmt":"2024-11-05T19:57:26","slug":"impressionen-von-der-7-hausmesse-in-scheyern-duale-studiengaenge-berufliche-perspektiven","status":"publish","type":"post","link":"https:\/\/bos-scheyern.de\/bo\/?p=6297","title":{"rendered":"Impressionen von der 7. Hausmesse in Scheyern: Duale Studieng\u00e4nge &#038; berufliche Perspektiven"},"content":{"rendered":"\n<figure class=\"wp-block-gallery columns-2 is-cropped\"><ul class=\"blocks-gallery-grid\"><li class=\"blocks-gallery-item\"><figure><img loading=\"lazy\" width=\"1024\" height=\"768\" src=\"https:\/\/bos-scheyern.de\/bo\/wp-content\/uploads\/2024\/11\/Hausmesse2-1024x768.jpg\" alt=\"\" data-id=\"6301\" data-full-url=\"https:\/\/bos-scheyern.de\/bo\/wp-content\/uploads\/2024\/11\/Hausmesse2.jpg\" data-link=\"https:\/\/bos-scheyern.de\/bo\/?attachment_id=6301\" class=\"wp-image-6301\" srcset=\"https:\/\/bos-scheyern.de\/bo\/wp-content\/uploads\/2024\/11\/Hausmesse2-1024x768.jpg 1024w, https:\/\/bos-scheyern.de\/bo\/wp-content\/uploads\/2024\/11\/Hausmesse2-300x225.jpg 300w, https:\/\/bos-scheyern.de\/bo\/wp-content\/uploads\/2024\/11\/Hausmesse2-200x150.jpg 200w, https:\/\/bos-scheyern.de\/bo\/wp-content\/uploads\/2024\/11\/Hausmesse2-768x576.jpg 768w, https:\/\/bos-scheyern.de\/bo\/wp-content\/uploads\/2024\/11\/Hausmesse2-1536x1152.jpg 1536w, https:\/\/bos-scheyern.de\/bo\/wp-content\/uploads\/2024\/11\/Hausmesse2.jpg 2016w\" sizes=\"(max-width: 1024px) 100vw, 1024px\" \/><\/figure><\/li><li class=\"blocks-gallery-item\"><figure><img loading=\"lazy\" width=\"1024\" height=\"768\" src=\"https:\/\/bos-scheyern.de\/bo\/wp-content\/uploads\/2024\/11\/Podiumsdiskussion-Sozialwesen-1024x768.jpg\" alt=\"\" data-id=\"6300\" data-full-url=\"https:\/\/bos-scheyern.de\/bo\/wp-content\/uploads\/2024\/11\/Podiumsdiskussion-Sozialwesen.jpg\" data-link=\"https:\/\/bos-scheyern.de\/bo\/?attachment_id=6300\" class=\"wp-image-6300\" srcset=\"https:\/\/bos-scheyern.de\/bo\/wp-content\/uploads\/2024\/11\/Podiumsdiskussion-Sozialwesen-1024x768.jpg 1024w, https:\/\/bos-scheyern.de\/bo\/wp-content\/uploads\/2024\/11\/Podiumsdiskussion-Sozialwesen-300x225.jpg 300w, https:\/\/bos-scheyern.de\/bo\/wp-content\/uploads\/2024\/11\/Podiumsdiskussion-Sozialwesen-200x150.jpg 200w, https:\/\/bos-scheyern.de\/bo\/wp-content\/uploads\/2024\/11\/Podiumsdiskussion-Sozialwesen-768x576.jpg 768w, https:\/\/bos-scheyern.de\/bo\/wp-content\/uploads\/2024\/11\/Podiumsdiskussion-Sozialwesen-1536x1152.jpg 1536w, https:\/\/bos-scheyern.de\/bo\/wp-content\/uploads\/2024\/11\/Podiumsdiskussion-Sozialwesen.jpg 2016w\" sizes=\"(max-width: 1024px) 100vw, 1024px\" \/><\/figure><\/li><\/ul><\/figure>\n\n\n\n<p>Bereits zum 7. Mal konnte an der FOSBOS Scheyern die Hausmesse als ein Projekt der regionalen akademischen und beruflichen Orientierung f\u00fcr Sch\u00fclerinnen und Sch\u00fcler der Oberstufe durchgef\u00fchrt werden. Als mittlerweile fest etablierte Veranstaltung der Studien- und Berufsorientierung im Rahmen der fachpraktischen Ausbildung fand die Messe am Donnerstag, den 26. September 2024, wie gewohnt im historischen Ambiente des Wittelsbacher Saals des Klosters Scheyern statt. Rund 25 Firmen, Beh\u00f6rden und akademische Einrichtungen aus der Region nahmen an dieser breitgef\u00e4cherten und beliebten Informationsveranstaltung teil. Deren Vertreter sowie die zahlreichen interessierten Sch\u00fclerinnen und Sch\u00fcler wurden von dem Schulleiter Franz Haltmayer und dem Beratungslehrer sowie Organisator der Hausmesse Rudolf Pawlitschko herzlich begr\u00fc\u00dft. Bei der dann folgenden mehrst\u00fcndigen Veranstaltung leistete auch das gesamte fpA-Team der Schule tatkr\u00e4ftige Unterst\u00fctzung. Zudem gilt ein gro\u00dfer Dank dem Kloster Scheyern, das auch dieses Jahr wieder die R\u00e4umlichkeiten zur Verf\u00fcgung stellte und somit wesentlich zu dem Gelingen der Hausmesse beitrug.<\/p>\n\n\n\n<p>F\u00fcr den technischen Sektor war neben namenhaften Firmen wie Airbus, Bauer und Hipp auch die TH Ingolstadt vertreten. Im Bereich Sozialwesen beteiligten sich beispielsweise die Caritas, das Landratsamt Pfaffenhofen sowie die Werkst\u00e4tte Regens-Wagner aus Hohenwart und die AOK. Dar\u00fcber hinaus war die Partnerhochschule der KU Eichst\u00e4tt mit einem Stand vor Ort. Der Wirtschaftsbereich wurde unter anderem von der Sparkasse Pfaffenhofen sowie der Bayerischen Landesbank und dem Finanzamt Pfaffenhofen repr\u00e4sentiert. Zudem waren die Vertretungen der HWK und der IHK begehrte Ansprechpartner, da sie doch die Spezialisten f\u00fcr den beruflichen Bildungsweg und die sich dabei ergebenden facettenreichen M\u00f6glichkeiten sind. An deren und zahlreichen weiteren St\u00e4nden konnten sich die interessierten Jugendlichen \u00fcber die verschiedenen Ausbildungsm\u00f6glichkeiten informieren und wertvolle pers\u00f6nliche Kontakte kn\u00fcpfen.<\/p>\n\n\n\n<p>Zus\u00e4tzlich zu der eigentlichen Messe war dar\u00fcber hinaus ein abwechslungsreiches Rahmenprogramm geboten. Dieses umfasste neben jeweils einem Vortrag der TH Ingolstadt und der KU Eichst\u00e4tt auch eine Vorstellung der Ausbildungs- und Studienm\u00f6glichkeiten im Rahmen des \u00f6ffentlichen Dienstes. Dar\u00fcber hinaus fand eine Podiumsdiskussion \u00fcber die Arbeit in sozialen Berufen statt, an der Prof. Dr. J\u00fcrgen Zerth von der Fakult\u00e4t Soziale Arbeit der KU Eichst\u00e4tt sowie der Sozialberater der Caritas, Michael Stichlmair, und Benjamin Doppler als Bereichsleiter der Regens Wagner-Stiftung teilnahmen. Diese berichteten aus ihrem beruflichen Alltag und stellten sich den Fragen der interessierten Sch\u00fclerinnen und Sch\u00fclern. Zudem lie\u00df in einem weiteren Vortragsangebot Jonas Geisenhofer, ein ehemaliger Sch\u00fcler der FOSBOS, die Zuh\u00f6rer an seinen vielf\u00e4ltigen Erfahrungen, die er im Rahmen seines dualen Maschinenbau-Studiums bei der Firma Bauer gesammelt hat, teilnehmen.<\/p>\n\n\n\n<p>Das breite Angebot stie\u00df bei den Sch\u00fclerinnen und Sch\u00fclern der FOSBOS und der umliegenden Gymnasien auf gro\u00dfe Resonanz. Denn \u201ees ist nicht so gro\u00df hier, man kann besser ins Gespr\u00e4ch kommen und wir finden es toll, dass Unternehmen zu uns kommen und uns ihre M\u00f6glichkeiten aufzeigen\u201c, \u00e4u\u00dferten Jasmina Fink und einige ihrer Klassenkameradinnen aus der 12. Klasse FOS. Wie auch die diesbez\u00fcgliche Berichterstattung in der lokalen Presse nahelegt, konnte die diesj\u00e4hrige Hausmesse der FOSBOS Scheyern mit diesem vielf\u00e4ltigen und f\u00fcr alle Beteiligten gewinnbringenden Programm somit erneut einen wertvollen Beitrag zur Er\u00f6ffnung neuer akademischer und beruflicher Perspektiven in der Region leisten.<\/p>\n\n\n\n<p><em>Text: StRin Sabine Thielitz<\/em><\/p>\n","protected":false},"excerpt":{"rendered":"<p>Bereits zum 7. Mal konnte an der FOSBOS Scheyern die Hausmesse als ein Projekt der regionalen akademischen und beruflichen Orientierung f\u00fcr Sch\u00fclerinnen und Sch\u00fcler der Oberstufe durchgef\u00fchrt werden. Als mittlerweile <a class=\"more-link\" href=\"https:\/\/bos-scheyern.de\/bo\/?p=6297\">weiterlesen<span class=\"screen-reader-text\">Impressionen von der 7. Hausmesse in Scheyern: Duale Studieng\u00e4nge &#038; berufliche Perspektiven<\/span><span class=\"meta-nav\">\u2192<\/span><\/a><\/p>\n","protected":false},"author":14,"featured_media":6300,"comment_status":"closed","ping_status":"closed","sticky":false,"template":"","format":"standard","meta":[],"categories":[11],"tags":[],"_links":{"self":[{"href":"https:\/\/bos-scheyern.de\/bo\/index.php?rest_route=\/wp\/v2\/posts\/6297"}],"collection":[{"href":"https:\/\/bos-scheyern.de\/bo\/index.php?rest_route=\/wp\/v2\/posts"}],"about":[{"href":"https:\/\/bos-scheyern.de\/bo\/index.php?rest_route=\/wp\/v2\/types\/post"}],"author":[{"embeddable":true,"href":"https:\/\/bos-scheyern.de\/bo\/index.php?rest_route=\/wp\/v2\/users\/14"}],"replies":[{"embeddable":true,"href":"https:\/\/bos-scheyern.de\/bo\/index.php?rest_route=%2Fwp%2Fv2%2Fcomments&post=6297"}],"version-history":[{"count":2,"href":"https:\/\/bos-scheyern.de\/bo\/index.php?rest_route=\/wp\/v2\/posts\/6297\/revisions"}],"predecessor-version":[{"id":6303,"href":"https:\/\/bos-scheyern.de\/bo\/index.php?rest_route=\/wp\/v2\/posts\/6297\/revisions\/6303"}],"wp:featuredmedia":[{"embeddable":true,"href":"https:\/\/bos-scheyern.de\/bo\/index.php?rest_route=\/wp\/v2\/media\/6300"}],"wp:attachment":[{"href":"https:\/\/bos-scheyern.de\/bo\/index.php?rest_route=%2Fwp%2Fv2%2Fmedia&parent=6297"}],"wp:term":[{"taxonomy":"category","embeddable":true,"href":"https:\/\/bos-scheyern.de\/bo\/index.php?rest_route=%2Fwp%2Fv2%2Fcategories&post=6297"},{"taxonomy":"post_tag","embeddable":true,"href":"https:\/\/bos-scheyern.de\/bo\/index.php?rest_route=%2Fwp%2Fv2%2Ftags&post=6297"}],"curies":[{"name":"wp","href":"https:\/\/api.w.org\/{rel}","templated":true}]}}