{"id":6377,"date":"2025-01-10T09:21:48","date_gmt":"2025-01-10T08:21:48","guid":{"rendered":"https:\/\/bos-scheyern.de\/bo\/?p=6377"},"modified":"2025-01-10T09:21:49","modified_gmt":"2025-01-10T08:21:49","slug":"leben-und-leben-lassen-ein-friedensappell-von-faten-mukarker-an-der-fosbos-scheyern","status":"publish","type":"post","link":"https:\/\/bos-scheyern.de\/bo\/?p=6377","title":{"rendered":"\u201eLeben und leben lassen\u201c \u2013 Ein Friedensappell von Faten Mukarker an der FOSBOS Scheyern"},"content":{"rendered":"\n<div class=\"wp-block-image is-style-default\"><figure class=\"aligncenter size-large is-resized\"><img loading=\"lazy\" src=\"https:\/\/bos-scheyern.de\/bo\/wp-content\/uploads\/2025\/01\/Vortrag-Faten-Mukarker-1024x768.jpg\" alt=\"\" class=\"wp-image-6379\" width=\"512\" height=\"384\" srcset=\"https:\/\/bos-scheyern.de\/bo\/wp-content\/uploads\/2025\/01\/Vortrag-Faten-Mukarker-1024x768.jpg 1024w, https:\/\/bos-scheyern.de\/bo\/wp-content\/uploads\/2025\/01\/Vortrag-Faten-Mukarker-300x225.jpg 300w, https:\/\/bos-scheyern.de\/bo\/wp-content\/uploads\/2025\/01\/Vortrag-Faten-Mukarker-200x150.jpg 200w, https:\/\/bos-scheyern.de\/bo\/wp-content\/uploads\/2025\/01\/Vortrag-Faten-Mukarker-768x576.jpg 768w, https:\/\/bos-scheyern.de\/bo\/wp-content\/uploads\/2025\/01\/Vortrag-Faten-Mukarker-1536x1152.jpg 1536w, https:\/\/bos-scheyern.de\/bo\/wp-content\/uploads\/2025\/01\/Vortrag-Faten-Mukarker-2048x1536.jpg 2048w\" sizes=\"(max-width: 512px) 100vw, 512px\" \/><\/figure><\/div>\n\n\n\n<p>Am 27.11.2024 lud die FOSBOS Scheyern, organisiert von Pater Benedikt Friedrich, die Sch\u00fclerinnen und Sch\u00fcler zu einer besonderen Veranstaltung ein: Die pal\u00e4stinensische Christin und Friedensaktivistin Faten Mukarker sprach \u00fcber den Nahost-Konflikt, ihre pers\u00f6nlichen Erlebnisse und die Bedeutung von Frieden in einer von Gewalt gepr\u00e4gten Region.<\/p>\n\n\n\n<p>Mukarker, geboren in Bethlehem, wuchs in Deutschland auf und kehrte mit 19 Jahren in ihre Heimat zur\u00fcck. Seitdem lebt sie mit ihrer Familie in Bethlehem, im Westjordanland, und erlebt den Konflikt aus n\u00e4chster N\u00e4he. Besonders seit dem erneuten Aufflammen der Gewalt im Oktober 2023 sp\u00fcrt sie die eskalierenden Spannungen zwischen Israelis und Pal\u00e4stinensern hautnah.<\/p>\n\n\n\n<p>Auf faszinierende Weise verstand es die Referentin einen geschichtlichen \u00dcberblick \u00fcber den Nahost-Konflikt mit pers\u00f6nlichen Erlebnissen zu verbinden. Dabei betonte sie, dass es nie nur eine Sichtweise auf den Konflikt gibt: Man muss immer sowohl die pal\u00e4stinensische als auch die israelische Perspektive betrachten. So zeichnete sie die wichtigsten Stationen des Konflikts vom UN-Teilungsplan \u00fcber den Sechstagekrieg und das Osloer Friedensabkommen bis hin zur aktuellen Situation im Nahen Osten nach und schilderte eindrucksvoll ihre eigenen Erfahrungen.<\/p>\n\n\n\n<p>Mit den Worten \u201eWenn ihr w\u00e4hlen k\u00f6nnt, w\u00e4hlt immer die Zukunft\u201c rief Mukarker die Sch\u00fclerinnen und Sch\u00fcler zu Empathie und Verantwortung auf. Nur Frieden k\u00f6nne die L\u00f6sung f\u00fcr diesen Konflikt sein. Ihr Appell \u201eLeben und leben lassen\u201c bleibt als Kernaussage im Ged\u00e4chtnis. Erst wenn sich beide V\u00f6lker die Hand reichen, k\u00f6nne der Teufelskreis der Gewalt aufgebrochen und die Grundlage f\u00fcr ein friedliches Miteinander geschaffen werden.<\/p>\n\n\n\n<p>Die Sch\u00fclerinnen und Sch\u00fcler w\u00fcrdigten Mukarkers Vortrag mit gro\u00dfem Respekt und einem sehr wertsch\u00e4tzenden Feedback. Ein Sch\u00fcler lobte ihre neutrale Darstellungsart, trotz eigener Erfahrungen von Unrecht. Viele betonten, wie der Vortrag ihr Verst\u00e4ndnis des Konflikts vertieft habe und wie wichtig es sei, die Geschichte der beteiligten Parteien zu kennen.<\/p>\n\n\n\n<p>Die FOSBOS Scheyern bedankt sich herzlich bei Faten Mukarker f\u00fcr ihren reflektierten und bewegenden Vortrag \u2013 ein Appell f\u00fcr Frieden und Verst\u00e4ndigung.<\/p>\n","protected":false},"excerpt":{"rendered":"<p>Am 27.11.2024 lud die FOSBOS Scheyern, organisiert von Pater Benedikt Friedrich, die Sch\u00fclerinnen und Sch\u00fcler zu einer besonderen Veranstaltung ein: Die pal\u00e4stinensische Christin und Friedensaktivistin Faten Mukarker sprach \u00fcber den <a class=\"more-link\" href=\"https:\/\/bos-scheyern.de\/bo\/?p=6377\">weiterlesen<span class=\"screen-reader-text\">\u201eLeben und leben lassen\u201c \u2013 Ein Friedensappell von Faten Mukarker an der FOSBOS Scheyern<\/span><span class=\"meta-nav\">\u2192<\/span><\/a><\/p>\n","protected":false},"author":14,"featured_media":6379,"comment_status":"closed","ping_status":"closed","sticky":false,"template":"","format":"standard","meta":[],"categories":[11],"tags":[],"_links":{"self":[{"href":"https:\/\/bos-scheyern.de\/bo\/index.php?rest_route=\/wp\/v2\/posts\/6377"}],"collection":[{"href":"https:\/\/bos-scheyern.de\/bo\/index.php?rest_route=\/wp\/v2\/posts"}],"about":[{"href":"https:\/\/bos-scheyern.de\/bo\/index.php?rest_route=\/wp\/v2\/types\/post"}],"author":[{"embeddable":true,"href":"https:\/\/bos-scheyern.de\/bo\/index.php?rest_route=\/wp\/v2\/users\/14"}],"replies":[{"embeddable":true,"href":"https:\/\/bos-scheyern.de\/bo\/index.php?rest_route=%2Fwp%2Fv2%2Fcomments&post=6377"}],"version-history":[{"count":3,"href":"https:\/\/bos-scheyern.de\/bo\/index.php?rest_route=\/wp\/v2\/posts\/6377\/revisions"}],"predecessor-version":[{"id":6382,"href":"https:\/\/bos-scheyern.de\/bo\/index.php?rest_route=\/wp\/v2\/posts\/6377\/revisions\/6382"}],"wp:featuredmedia":[{"embeddable":true,"href":"https:\/\/bos-scheyern.de\/bo\/index.php?rest_route=\/wp\/v2\/media\/6379"}],"wp:attachment":[{"href":"https:\/\/bos-scheyern.de\/bo\/index.php?rest_route=%2Fwp%2Fv2%2Fmedia&parent=6377"}],"wp:term":[{"taxonomy":"category","embeddable":true,"href":"https:\/\/bos-scheyern.de\/bo\/index.php?rest_route=%2Fwp%2Fv2%2Fcategories&post=6377"},{"taxonomy":"post_tag","embeddable":true,"href":"https:\/\/bos-scheyern.de\/bo\/index.php?rest_route=%2Fwp%2Fv2%2Ftags&post=6377"}],"curies":[{"name":"wp","href":"https:\/\/api.w.org\/{rel}","templated":true}]}}