{"id":6389,"date":"2025-01-13T14:23:52","date_gmt":"2025-01-13T13:23:52","guid":{"rendered":"https:\/\/bos-scheyern.de\/bo\/?p=6389"},"modified":"2025-01-13T19:07:54","modified_gmt":"2025-01-13T18:07:54","slug":"weihnachtsstimmung-an-der-fosbos-scheyern","status":"publish","type":"post","link":"https:\/\/bos-scheyern.de\/bo\/?p=6389","title":{"rendered":"Weihnachtsstimmung an der FOSBOS Scheyern"},"content":{"rendered":"\n<p>Die Adventszeit wurde an der FOSBOS Scheyern von zahlreichen Aktionen begleitet, welche der Schulgemeinschaft die M\u00f6glichkeit bot, sich trotz der vielen Leistungsnachweise und der Hektik des Alltags auf das n\u00e4her r\u00fcckende Weihnachtsfest einzustimmen.<\/p>\n\n\n\n<p>So starteten p\u00fcnktlich zu Beginn der Vorweihnachtszeit wieder die allj\u00e4hrlichen Adventsimpulse, mit denen die \u201eSchule ohne Rassismus, Schule mit Courage\u201c-AG in der Zeit der Besinnung zentrale gesellschaftliche Aspekte in den Fokus r\u00fcckte. In diesem Jahr standen die Beitr\u00e4ge unter dem Motto \u201eScheyern ist WERTEvoll\u201c und besch\u00e4ftigten sich mit verschiedenen werteorientierten Themen wie gewaltfreie Kommunikation, Toleranz und Respekt sowie Gleichberechtigung und Integration. Bei der Gestaltung sogenannter \u201eWerteblumen\u201c, konnten die Sch\u00fclerinnen und Sch\u00fcler ihrer Kreativit\u00e4t freien Lauf lassen und diese mit ihren ganz pers\u00f6nlichen Wertvorstellungen f\u00fcllen.<\/p>\n\n\n\n<p>Der von der SMV mit Unterst\u00fctzung des Klosters und der Lehrerschaft organisierte Christkindlmarkt am 04.12.2024 wiederum bot Sch\u00fclerinnen und Sch\u00fclern sowie Eltern und Lehrerkollegium die M\u00f6glichkeit zu einem gem\u00fctlichen Beisammensein mit Punsch und Pl\u00e4tzchen. In der stimmungsvollen Atmosph\u00e4re des Scheyrer Klosterinnenhofes war ein ungezwungener Austausch bis zum Abend m\u00f6glich. Da zeitgleich auch der Elternsprechtag stattfand, konnten sich die Besucher sowohl mit den von den Elternvertretern liebevoll gebackenen Pl\u00e4tzchen als auch mit von den Sch\u00fclern zubereiteten Bratwurstsemmeln und Crepes st\u00e4rken.<\/p>\n\n\n\n<p>Zudem besuchte am 06.12.2024 der Nikolaus die Sch\u00fclerinnen und Sch\u00fcler im Unterricht. Unterst\u00fctzt von zwei zauberhaften Engelchen und dem f\u00fcr Notf\u00e4lle mitgebrachten, aber zum Gl\u00fcck nicht in Aktion getretenen Krampus wurden hierbei Lob und Tadel in Gedichtform verteilt. Denn in dem goldenen Buch des Nikolaus\u2018 fanden sich dank der R\u00fcckmeldungen der Lehrer zu jeder Klasse Eintragungen, die humorvoll verlesen wurden.<\/p>\n\n\n\n<div class=\"wp-block-image is-style-default\"><figure class=\"alignleft size-large is-resized\"><img loading=\"lazy\" src=\"https:\/\/bos-scheyern.de\/bo\/wp-content\/uploads\/2025\/01\/Weihnachtsstimmung-an-der-Beruflichen-Oberschule-Scheyern3-1024x819.png\" alt=\"\" class=\"wp-image-6393\" width=\"512\" height=\"410\" srcset=\"https:\/\/bos-scheyern.de\/bo\/wp-content\/uploads\/2025\/01\/Weihnachtsstimmung-an-der-Beruflichen-Oberschule-Scheyern3-1024x819.png 1024w, https:\/\/bos-scheyern.de\/bo\/wp-content\/uploads\/2025\/01\/Weihnachtsstimmung-an-der-Beruflichen-Oberschule-Scheyern3-300x240.png 300w, https:\/\/bos-scheyern.de\/bo\/wp-content\/uploads\/2025\/01\/Weihnachtsstimmung-an-der-Beruflichen-Oberschule-Scheyern3-768x614.png 768w, https:\/\/bos-scheyern.de\/bo\/wp-content\/uploads\/2025\/01\/Weihnachtsstimmung-an-der-Beruflichen-Oberschule-Scheyern3-1536x1229.png 1536w, https:\/\/bos-scheyern.de\/bo\/wp-content\/uploads\/2025\/01\/Weihnachtsstimmung-an-der-Beruflichen-Oberschule-Scheyern3.png 2000w\" sizes=\"(max-width: 512px) 100vw, 512px\" \/><\/figure><\/div>\n\n\n\n<p>Die Schulgemeinschaft der FOSBOS Scheyern beteiligte sich dar\u00fcber hinaus erneut an der Aktion des Johanniter Weihnachtstruckers und packte flei\u00dfig Weihnachtspakete f\u00fcr hilfsbed\u00fcrftige Menschen in Deutschland und S\u00fcdosteuropa. Damit setzte die Schule ein Zeichen der Solidarit\u00e4t, N\u00e4chstenliebe und Hoffnung.<\/p>\n\n\n\n<p>Den H\u00f6hepunkt und zugleich Abschluss der Adventszeit an der FOSBOS Scheyern bildete die traditionelle Weihnachtsfeier am letzten Schultag vor den Weihnachtsferien, die von der Schulleitung, der Lehrerschaft und der SMV gleicherma\u00dfen gestaltet wurde. So kamen bei einem gem\u00fctlichen Klassenfr\u00fchst\u00fcck die Sch\u00fclerinnen und Sch\u00fcler mit ihrer Klassenleitung zusammen, um Pl\u00e4tzchen und Punsch zu genie\u00dfen. Im stimmungsvollen Wittelsbacher Saal des Klosters Scheyern wurden zudem die von den Klassen sowie den Klassenleitern im Vorfeld selbstverfassten Gedichte vom Weihnachtsmann vorgetragen, was oftmals f\u00fcr viel Gel\u00e4chter sorgte. \u00dcberdies konnte man \u2013 je nach pers\u00f6nlicher Pr\u00e4ferenz &#8211; entweder in der besinnlichen Atmosph\u00e4re der Basilika Scheyern dem von den Religionslehrern der Schule gestalteten traditionellen Weihnachtsgottesdienst beiwohnen oder an der von den Ethiklehrern gef\u00fchrten Besinnung teilnehmen. Damit fand das Jahr 2024 an der FOSBOS Scheyern einen sch\u00f6nen Abschluss und die Schulgemeinschaft konnte in die wohlverdienten Weihnachtsferien starten.<\/p>\n\n\n\n<p><em>Text: StRin Sabine Thielitz<\/em><\/p>\n","protected":false},"excerpt":{"rendered":"<p>Die Adventszeit wurde an der FOSBOS Scheyern von zahlreichen Aktionen begleitet, welche der Schulgemeinschaft die M\u00f6glichkeit bot, sich trotz der vielen Leistungsnachweise und der Hektik des Alltags auf das n\u00e4her <a class=\"more-link\" href=\"https:\/\/bos-scheyern.de\/bo\/?p=6389\">weiterlesen<span class=\"screen-reader-text\">Weihnachtsstimmung an der FOSBOS Scheyern<\/span><span class=\"meta-nav\">\u2192<\/span><\/a><\/p>\n","protected":false},"author":14,"featured_media":6393,"comment_status":"closed","ping_status":"closed","sticky":false,"template":"","format":"standard","meta":[],"categories":[11],"tags":[],"_links":{"self":[{"href":"https:\/\/bos-scheyern.de\/bo\/index.php?rest_route=\/wp\/v2\/posts\/6389"}],"collection":[{"href":"https:\/\/bos-scheyern.de\/bo\/index.php?rest_route=\/wp\/v2\/posts"}],"about":[{"href":"https:\/\/bos-scheyern.de\/bo\/index.php?rest_route=\/wp\/v2\/types\/post"}],"author":[{"embeddable":true,"href":"https:\/\/bos-scheyern.de\/bo\/index.php?rest_route=\/wp\/v2\/users\/14"}],"replies":[{"embeddable":true,"href":"https:\/\/bos-scheyern.de\/bo\/index.php?rest_route=%2Fwp%2Fv2%2Fcomments&post=6389"}],"version-history":[{"count":2,"href":"https:\/\/bos-scheyern.de\/bo\/index.php?rest_route=\/wp\/v2\/posts\/6389\/revisions"}],"predecessor-version":[{"id":6395,"href":"https:\/\/bos-scheyern.de\/bo\/index.php?rest_route=\/wp\/v2\/posts\/6389\/revisions\/6395"}],"wp:featuredmedia":[{"embeddable":true,"href":"https:\/\/bos-scheyern.de\/bo\/index.php?rest_route=\/wp\/v2\/media\/6393"}],"wp:attachment":[{"href":"https:\/\/bos-scheyern.de\/bo\/index.php?rest_route=%2Fwp%2Fv2%2Fmedia&parent=6389"}],"wp:term":[{"taxonomy":"category","embeddable":true,"href":"https:\/\/bos-scheyern.de\/bo\/index.php?rest_route=%2Fwp%2Fv2%2Fcategories&post=6389"},{"taxonomy":"post_tag","embeddable":true,"href":"https:\/\/bos-scheyern.de\/bo\/index.php?rest_route=%2Fwp%2Fv2%2Ftags&post=6389"}],"curies":[{"name":"wp","href":"https:\/\/api.w.org\/{rel}","templated":true}]}}