{"id":6429,"date":"2025-01-27T16:58:26","date_gmt":"2025-01-27T15:58:26","guid":{"rendered":"https:\/\/bos-scheyern.de\/bo\/?p=6429"},"modified":"2025-01-27T16:58:45","modified_gmt":"2025-01-27T15:58:45","slug":"zahlreiche-besucher-am-tag-der-offenen-schule-an-der-fosbos-scheyern-2","status":"publish","type":"post","link":"https:\/\/bos-scheyern.de\/bo\/?p=6429","title":{"rendered":"Zahlreiche Besucher am \u201eTag der offenen Schule\u201c an der FOSBOS Scheyern"},"content":{"rendered":"\n<figure class=\"wp-block-image size-large is-style-default\"><img loading=\"lazy\" width=\"1024\" height=\"475\" src=\"https:\/\/bos-scheyern.de\/bo\/wp-content\/uploads\/2025\/01\/TdoT-fuer-Zeitung-1024x475.jpg\" alt=\"\" class=\"wp-image-6430\" srcset=\"https:\/\/bos-scheyern.de\/bo\/wp-content\/uploads\/2025\/01\/TdoT-fuer-Zeitung-1024x475.jpg 1024w, https:\/\/bos-scheyern.de\/bo\/wp-content\/uploads\/2025\/01\/TdoT-fuer-Zeitung-300x139.jpg 300w, https:\/\/bos-scheyern.de\/bo\/wp-content\/uploads\/2025\/01\/TdoT-fuer-Zeitung-768x356.jpg 768w, https:\/\/bos-scheyern.de\/bo\/wp-content\/uploads\/2025\/01\/TdoT-fuer-Zeitung-1536x712.jpg 1536w, https:\/\/bos-scheyern.de\/bo\/wp-content\/uploads\/2025\/01\/TdoT-fuer-Zeitung-2048x949.jpg 2048w\" sizes=\"(max-width: 1024px) 100vw, 1024px\" \/><\/figure>\n\n\n\n<p>Am Freitag, den 24. Januar 2025, fand an der Beruflichen Oberschule Scheyern der \u201eTag der offenen Schule\u201c statt. Von 14:00 bis 17:00 Uhr konnten sich interessierte Sch\u00fclerinnen und Sch\u00fcler an diesem Tag vor Ort \u00fcber die FOSBOS und die verschiedenen dortigen Ausbildungsrichtungen informieren. Dieses Angebot wurde auch von vielen Besuchern wahrgenommen, die sich dabei auch durch das besondere Ambiente der Schule im Rahmen der Klosteranlage Scheyern, das dem Schulleben auch eine Art Campus-Atmosph\u00e4re verleiht, beeindruckt zeigten.<\/p>\n\n\n\n<p>Es bestand die M\u00f6glichkeit, die Schulr\u00e4ume mit der modernen technischen Ausstattung zu besichtigen und Informationen \u00fcber die verschiedenen Fachbereiche sowie die Praktika in der 11. Klasse zu erhalten. Dabei zog besonders der erst im Herbst 2024 eingeweihte naturwissenschaftliche Neubau der Schule viele Interessenten an. In den speziellen Fachr\u00e4umen konnten auch Experimente aus dem Chemie- und Biologie-Unterricht sowie dem Physik-Unterricht selbst ausprobiert werden. Gerade diese nahbaren praktischen Angebote wurden von den G\u00e4sten vielfach und gerne genutzt.<\/p>\n\n\n\n<p>Zudem konnten die Besucher Einblick in die verschiedenen Schulprojekte und AGs erhalten. Neben der SMV, die das Schulleben durch eigene Veranstaltungen aktiv mitgestaltet, stellten die zahlreichen AGs der FOSBOS Scheyern (Sch\u00fclerzeitung, Umwelt- und Nachhaltigkeits-AG, AG Schule ohne Rassismus\/Schule mit Courage\u2026) ihre jeweiligen Aktivit\u00e4ten vor.<\/p>\n\n\n\n<p>Der Elternbeirat und die SMV sorgten \u00fcberdies f\u00fcr das leibliche Wohl, sodass sich die G\u00e4ste mit Kaffee und Kuchen st\u00e4rken konnten. Der Besuch wurde durch die m\u00f6glichen Besichtigungen des Klosters und des Wohnheims abgerundet. Dieses wird besonders gern von Sch\u00fclerinnen und Sch\u00fclern, deren Heimatort f\u00fcr eine t\u00e4gliche Hin- und Herfahrt zu weit entfernt ist, genutzt.<\/p>\n\n\n\n<p>Zudem ergriffen viele die Gelegenheit, sich \u00fcber die Anmeldemodalit\u00e4ten an der Schule zu informieren bzw. eine Online-Anmeldung vorzunehmen. F\u00fcr den von der FOSBOS Scheyern angebotenen <strong>Vorkurs<\/strong> zur Auffrischung der Kenntnisse in den F\u00e4chern Deutsch, Englisch und Mathematik, der <strong>am 18. Februar 2025 beginnt<\/strong>, m\u00fcssen die Anmeldeunterlagen im Sekretariat der Schule abgegeben werden. Die <strong>Anmeldung f\u00fcr das<\/strong> <strong>n\u00e4chste Schuljahr 2025\/26 <\/strong>ist <strong>vom 17. Februar<\/strong> <strong>bis zum 28. Februar 2025<\/strong> m\u00f6glich.<\/p>\n\n\n\n<p>Wer sich f\u00fcr die BO Scheyern interessiert, aber nicht das Angebot des Tags der offenen Schule nutzen konnte, dem bietet sich am <strong>Donnerstag, dem 30.01.2025, ab 19:00 Uhr<\/strong> bei dem <strong>Informationsabend f\u00fcr die BOS Scheyern<\/strong>, der unter dem Motto <strong>\u201eDurch mit der Ausbildung? \u2013 Rein ins Abi!\u201c <\/strong>steht, noch eine weitere Gelegenheit n\u00e4here Informationen zu den jeweiligen Ausbildungsrichtungen und Fachbereichen zu erhalten.<\/p>\n\n\n\n<p><em>Text: StRin Sabine Thielitz<\/em><\/p>\n","protected":false},"excerpt":{"rendered":"<p>Am Freitag, den 24. Januar 2025, fand an der Beruflichen Oberschule Scheyern der \u201eTag der offenen Schule\u201c statt. Von 14:00 bis 17:00 Uhr konnten sich interessierte Sch\u00fclerinnen und Sch\u00fcler an <a class=\"more-link\" href=\"https:\/\/bos-scheyern.de\/bo\/?p=6429\">weiterlesen<span class=\"screen-reader-text\">Zahlreiche Besucher am \u201eTag der offenen Schule\u201c an der FOSBOS Scheyern<\/span><span class=\"meta-nav\">\u2192<\/span><\/a><\/p>\n","protected":false},"author":14,"featured_media":6430,"comment_status":"closed","ping_status":"closed","sticky":false,"template":"","format":"standard","meta":[],"categories":[11],"tags":[],"_links":{"self":[{"href":"https:\/\/bos-scheyern.de\/bo\/index.php?rest_route=\/wp\/v2\/posts\/6429"}],"collection":[{"href":"https:\/\/bos-scheyern.de\/bo\/index.php?rest_route=\/wp\/v2\/posts"}],"about":[{"href":"https:\/\/bos-scheyern.de\/bo\/index.php?rest_route=\/wp\/v2\/types\/post"}],"author":[{"embeddable":true,"href":"https:\/\/bos-scheyern.de\/bo\/index.php?rest_route=\/wp\/v2\/users\/14"}],"replies":[{"embeddable":true,"href":"https:\/\/bos-scheyern.de\/bo\/index.php?rest_route=%2Fwp%2Fv2%2Fcomments&post=6429"}],"version-history":[{"count":1,"href":"https:\/\/bos-scheyern.de\/bo\/index.php?rest_route=\/wp\/v2\/posts\/6429\/revisions"}],"predecessor-version":[{"id":6431,"href":"https:\/\/bos-scheyern.de\/bo\/index.php?rest_route=\/wp\/v2\/posts\/6429\/revisions\/6431"}],"wp:featuredmedia":[{"embeddable":true,"href":"https:\/\/bos-scheyern.de\/bo\/index.php?rest_route=\/wp\/v2\/media\/6430"}],"wp:attachment":[{"href":"https:\/\/bos-scheyern.de\/bo\/index.php?rest_route=%2Fwp%2Fv2%2Fmedia&parent=6429"}],"wp:term":[{"taxonomy":"category","embeddable":true,"href":"https:\/\/bos-scheyern.de\/bo\/index.php?rest_route=%2Fwp%2Fv2%2Fcategories&post=6429"},{"taxonomy":"post_tag","embeddable":true,"href":"https:\/\/bos-scheyern.de\/bo\/index.php?rest_route=%2Fwp%2Fv2%2Ftags&post=6429"}],"curies":[{"name":"wp","href":"https:\/\/api.w.org\/{rel}","templated":true}]}}