{"id":6482,"date":"2025-03-04T09:45:33","date_gmt":"2025-03-04T08:45:33","guid":{"rendered":"https:\/\/bos-scheyern.de\/bo\/?p=6482"},"modified":"2025-03-04T09:45:35","modified_gmt":"2025-03-04T08:45:35","slug":"menschenrechte-im-fokus-ein-workshop-von-amnesty-international-an-der-bo-scheyern","status":"publish","type":"post","link":"https:\/\/bos-scheyern.de\/bo\/?p=6482","title":{"rendered":"Menschenrechte im Fokus \u2013 Ein Workshop von Amnesty International an der BO Scheyern"},"content":{"rendered":"\n<div class=\"wp-block-image is-style-default\"><figure class=\"aligncenter size-large is-resized\"><img loading=\"lazy\" src=\"https:\/\/bos-scheyern.de\/bo\/wp-content\/uploads\/2025\/03\/Workshop-Bild-HP-2-1024x576.jpg\" alt=\"\" class=\"wp-image-6483\" width=\"768\" height=\"432\" srcset=\"https:\/\/bos-scheyern.de\/bo\/wp-content\/uploads\/2025\/03\/Workshop-Bild-HP-2-1024x576.jpg 1024w, https:\/\/bos-scheyern.de\/bo\/wp-content\/uploads\/2025\/03\/Workshop-Bild-HP-2-300x169.jpg 300w, https:\/\/bos-scheyern.de\/bo\/wp-content\/uploads\/2025\/03\/Workshop-Bild-HP-2-768x432.jpg 768w, https:\/\/bos-scheyern.de\/bo\/wp-content\/uploads\/2025\/03\/Workshop-Bild-HP-2.jpg 1280w\" sizes=\"(max-width: 768px) 100vw, 768px\" \/><\/figure><\/div>\n\n\n\n<p>Am Montag, den 24. Februar 2025, fand im Rahmen der Aktionen des \u201eSchule ohne Rassismus\/ Schule mit Courage\u201c-Teams an der BO Scheyern wie auch bereits im letzten Schuljahr ein Workshop von Amnesty International statt. Hierbei erhielten rund 40 Sch\u00fclerinnen und Sch\u00fcler der 12. und 13. Jahrgangsstufe von den beiden Referentinnen Isabel W.-J. und Christina H. nach einer kurzen pers\u00f6nlichen Vorstellung interessante Einblicke in die vielf\u00e4ltige Arbeit der international agierenden Menschenrechtsorganisation. So wurde mitten in der Faschingszeit von den im Kontext der SMV-Mottowoche zum Teil als Pumuckl, Prinzessin Lillifee und Pippi Langstrumpf sowie anderen \u201eHelden der Kindheit\u201c verkleideten Teilnehmern gleicherma\u00dfen ernsthaft wie lebhaft \u00fcber die Bedeutung der Menschenrechte diskutiert.<\/p>\n\n\n\n<p>Nachdem die Referentinnen mit nahbaren Beispielen aus dem Alltag der jungen Zuh\u00f6rer ein Verst\u00e4ndnis f\u00fcr die wichtige Bedeutung der Menschenrechte angebahnt hatten, lag der Fokus auf den diesbez\u00fcglich in vielen Teilen der Welt problematischen Verh\u00e4ltnissen. Dies wurde am Beispiel der von AI initiierten urgent action f\u00fcr den jungen \u00c4gypter Badr Mohamed, der im Zusammenhang mit den von den Regierungskr\u00e4ften gewaltvoll unterdr\u00fcckten Demonstrationen auf dem Ramses-Platz in Kairo im Jahr 2013 derzeit eine f\u00fcnfj\u00e4hrige Haftstrafe verb\u00fc\u00dft, deutlich. Denn infolgedessen, dass seine Inhaftierung ohne ein faires Gerichtsverfahren erfolgte und er unter inhumanen Haftbedingungen leidet, fordert Amnesty International seine sofortige Freilassung. Zus\u00e4tzlich zu derartigen Einzelschicksalen engagiert sich die Menschenrechtsorganisation auch, um das Leid der Menschen in internationalen Konflikten wie dem Israel-Gaza-Konflikt zu mindern. Gem\u00e4\u00df ihrem Selbstverst\u00e4ndnis als NGO betont Amnesty International dabei ihre Unabh\u00e4ngigkeit von Regierungseinfl\u00fcssen und ruft alle Konfliktparteien zur M\u00e4\u00dfigung sowie zum Schutz von Menschenrechten auf, wie die Referentinnen versicherten.<\/p>\n\n\n\n<p>Bei der folgenden \u00dcbung \u201eEin Schritt nach vorn\u201c schl\u00fcpften die Sch\u00fclerinnen und Sch\u00fcler in fiktive soziale Rollen, um sich besser in die politische, gesellschaftliche und finanzielle Lebenssituation anderer Menschen einf\u00fchlen und deren t\u00e4gliche Herausforderungen nachvollziehen zu k\u00f6nnen. Die Bandbreite reichte dabei von der Tochter eines reichen Bankdirektors in Mitteleuropa \u00fcber die eines \u00e4rmlichen Bauern in S\u00fcdosteuropa oder eines hochbetagten und behinderten Bewohners eines Pflegeheims. In Gruppen besch\u00e4ftigten sich die Sch\u00fclerinnen und Sch\u00fclern abschlie\u00dfend nochmals vertieft mit den in der Allgemeinen Erkl\u00e4rung der Menschenrechte niedergelegten Rechten, die weltweit f\u00fcr alle Menschen gelten sollen.<\/p>\n\n\n\n<p>Gem\u00e4\u00df dem Slogan \u201ewrite for rights\u201c verabschiedeten sich die Referentinnen mit dem Aufruf ihre urgent actions online zu unterst\u00fctzen. Denn das Motto des Gr\u00fcnders der Menschenrechtsorganisation Peter Benenson gelte noch heute f\u00fcr die Arbeit von Amnesty International: \u201eWenn eine einzelne Person protestiert, bewirkt das nur wenig, aber wenn es viele Leute gleichzeitig tun w\u00fcrden, k\u00f6nnte es einen nachhaltigen Eindruck hinterlassen.\u201c<\/p>\n\n\n\n<p><em>Text: StRin Sabine Thielitz<\/em><\/p>\n","protected":false},"excerpt":{"rendered":"<p>Am Montag, den 24. Februar 2025, fand im Rahmen der Aktionen des \u201eSchule ohne Rassismus\/ Schule mit Courage\u201c-Teams an der BO Scheyern wie auch bereits im letzten Schuljahr ein Workshop <a class=\"more-link\" href=\"https:\/\/bos-scheyern.de\/bo\/?p=6482\">weiterlesen<span class=\"screen-reader-text\">Menschenrechte im Fokus \u2013 Ein Workshop von Amnesty International an der BO Scheyern<\/span><span class=\"meta-nav\">\u2192<\/span><\/a><\/p>\n","protected":false},"author":14,"featured_media":6483,"comment_status":"closed","ping_status":"closed","sticky":false,"template":"","format":"standard","meta":[],"categories":[11],"tags":[],"_links":{"self":[{"href":"https:\/\/bos-scheyern.de\/bo\/index.php?rest_route=\/wp\/v2\/posts\/6482"}],"collection":[{"href":"https:\/\/bos-scheyern.de\/bo\/index.php?rest_route=\/wp\/v2\/posts"}],"about":[{"href":"https:\/\/bos-scheyern.de\/bo\/index.php?rest_route=\/wp\/v2\/types\/post"}],"author":[{"embeddable":true,"href":"https:\/\/bos-scheyern.de\/bo\/index.php?rest_route=\/wp\/v2\/users\/14"}],"replies":[{"embeddable":true,"href":"https:\/\/bos-scheyern.de\/bo\/index.php?rest_route=%2Fwp%2Fv2%2Fcomments&post=6482"}],"version-history":[{"count":1,"href":"https:\/\/bos-scheyern.de\/bo\/index.php?rest_route=\/wp\/v2\/posts\/6482\/revisions"}],"predecessor-version":[{"id":6484,"href":"https:\/\/bos-scheyern.de\/bo\/index.php?rest_route=\/wp\/v2\/posts\/6482\/revisions\/6484"}],"wp:featuredmedia":[{"embeddable":true,"href":"https:\/\/bos-scheyern.de\/bo\/index.php?rest_route=\/wp\/v2\/media\/6483"}],"wp:attachment":[{"href":"https:\/\/bos-scheyern.de\/bo\/index.php?rest_route=%2Fwp%2Fv2%2Fmedia&parent=6482"}],"wp:term":[{"taxonomy":"category","embeddable":true,"href":"https:\/\/bos-scheyern.de\/bo\/index.php?rest_route=%2Fwp%2Fv2%2Fcategories&post=6482"},{"taxonomy":"post_tag","embeddable":true,"href":"https:\/\/bos-scheyern.de\/bo\/index.php?rest_route=%2Fwp%2Fv2%2Ftags&post=6482"}],"curies":[{"name":"wp","href":"https:\/\/api.w.org\/{rel}","templated":true}]}}