{"id":6486,"date":"2025-03-10T14:38:10","date_gmt":"2025-03-10T13:38:10","guid":{"rendered":"https:\/\/bos-scheyern.de\/bo\/?p=6486"},"modified":"2025-04-02T21:32:52","modified_gmt":"2025-04-02T19:32:52","slug":"geschichte-aus-erster-hand-ein-zeitzeugeninterview-mit-dem-holocaust-ueberlebenden-ernst-grube","status":"publish","type":"post","link":"https:\/\/bos-scheyern.de\/bo\/?p=6486","title":{"rendered":"Geschichte aus erster Hand: Ein Zeitzeugeninterview mit dem Holocaust-\u00dcberlebenden Ernst Grube"},"content":{"rendered":"\n<div class=\"wp-block-image is-style-default\"><figure class=\"alignright size-full is-resized\"><img loading=\"lazy\" src=\"https:\/\/bos-scheyern.de\/bo\/wp-content\/uploads\/2025\/03\/Foto_Ernst-Grube.jpg\" alt=\"\" class=\"wp-image-6499\" width=\"400\" height=\"300\" srcset=\"https:\/\/bos-scheyern.de\/bo\/wp-content\/uploads\/2025\/03\/Foto_Ernst-Grube.jpg 800w, https:\/\/bos-scheyern.de\/bo\/wp-content\/uploads\/2025\/03\/Foto_Ernst-Grube-300x225.jpg 300w, https:\/\/bos-scheyern.de\/bo\/wp-content\/uploads\/2025\/03\/Foto_Ernst-Grube-200x150.jpg 200w, https:\/\/bos-scheyern.de\/bo\/wp-content\/uploads\/2025\/03\/Foto_Ernst-Grube-768x576.jpg 768w\" sizes=\"(max-width: 400px) 100vw, 400px\" \/><\/figure><\/div>\n\n\n\n<p>Am 21. Januar 2025 bot sich den Sch\u00fclerinnen und Sch\u00fclern der B-T12B und der B-W12 eine au\u00dfergew\u00f6hnliche Gelegenheit: In einem Online-Gespr\u00e4ch konnten sie dem Zeitzeugen, Friedensaktivisten und Holocaust-\u00dcberlebenden Ernst Grube direkt Fragen stellen. Die Veranstaltung, organisiert von der Fachschaft Geschichte, war nicht nur eine eindrucksvolle Begegnung mit der Vergangenheit, sondern auch eine Mahnung f\u00fcr die Gegenwart und Zukunft.<\/p>\n\n\n\n<p>Die beiden Klassen hatten sich zuvor intensiv mit dem im November 2024 erschienenen und das Leben von Ernst Grube darstellenden <em>Graphic Novel<\/em> \u201eZeit heilt keine Wunden\u201c besch\u00e4ftigt. Anhand von ausgew\u00e4hlten Bildern aus dem Comic hatten die Sch\u00fclerinnen und Sch\u00fcler die Kindheit und Jugend sowie das sp\u00e4tere Leben von Herrn Grube nachzeichnen k\u00f6nnen. Besonders die Zeit im j\u00fcdischen Kinderheim sowie die Monate im Ghetto Theresienstadt wurden dabei genauer beleuchtet, da die Erfahrungen der Judenverfolgung, der Deportationen sowie der Verlust von Angeh\u00f6rigen und Verwandten im Zuge der nationalsozialistischen Diktatur das Leben von Ernst Grube unwiederbringlich pr\u00e4gten.<\/p>\n\n\n\n<p>Im Vorfeld des Zeitzeugeninterviews hatten die Jugendlichen gezielt Fragen formuliert, um vertiefte Einblicke in die schreckliche Zeit der Nationalsozialismus zu erhalten, aber auch um die Einsch\u00e4tzung des Holocaust-\u00dcberlebenden zu den heutigen politischen Entwicklungen zu erfahren.<\/p>\n\n\n\n<p>Herrn Grubes Antworten waren fesselnd und tief bewegend: So berichtete er von der Rolle seines nicht-j\u00fcdischen Vaters, der f\u00fcr die Familie stark sein musste und die Deportation der j\u00fcdischen Mutter sowie der drei Kinder hinausz\u00f6gern konnte, von der Zeit im Ghetto Theresienstadt, in der der Hunger ein st\u00e4ndiger Begleiter war, und von der Befreiung durch die Rote Armee. Auf die Frage, was er der Jugend mitgeben m\u00f6chte, richtete Herr Grube eine eindringliche Botschaft an die Sch\u00fclerinnen und Sch\u00fcler: Er betone die Notwendigkeit eines demokratischen Staates und unterstrich, dass die Demokratie ohne die tagt\u00e4gliche Verteidigung durch die B\u00fcrgerinnen und B\u00fcrger nicht lebensf\u00e4hig sei. Seine Aufgabe als Zeitzeuge sieht er somit sowohl in der Wissensvermittlung als auch in der klaren F\u00fcrsprache f\u00fcr Solidarit\u00e4t und gesellschaftliches Miteinander.<\/p>\n\n\n\n<p>Weiterhin fand Grube, der sein Leben der Aufkl\u00e4rung und dem politischen Pazifismus gewidmet hat, deutliche Worte zur aktuellen weltpolitischen Situation und sprach sich entschieden gegen jede Art von \u201eLagern\u201c aus, in denen Menschen abgesondert und in Enge leben m\u00fcssen. Offen bekundete er seine Sorge bez\u00fcglich der Zunahme von Angriffen auf Politikerinnen und Politikern sowie des antidemokratischen Denkens in der Bev\u00f6lkerung.<\/p>\n\n\n\n<p>Das Zeitzeugeninterview mit Herrn Grube hinterlie\u00df die Klassen nachdenklich, aber auch mit tiefem Respekt f\u00fcr einen Mann, der sein Leben dem Kampf f\u00fcr Frieden und gegen das Vergessen gewidmet hat. Umso bedeutungsvoller war es, dass auch Ernst Grube dieses Interview mit unseren Sch\u00fclerinnen und Sch\u00fclern als \u201eSternstunde\u201c empfunden hat.<\/p>\n\n\n\n<p>Die FOSBOS Scheyern m\u00f6chte sich ganz herzlich bei Herrn Grube f\u00fcr sein Engagement, seine Zeit und vor allem die zur Reflexion mahnenden Worte bedanken.<\/p>\n\n\n\n<p>Es war uns eine gro\u00dfe Ehre.<\/p>\n","protected":false},"excerpt":{"rendered":"<p>Am 21. Januar 2025 bot sich den Sch\u00fclerinnen und Sch\u00fclern der B-T12B und der B-W12 eine au\u00dfergew\u00f6hnliche Gelegenheit: In einem Online-Gespr\u00e4ch konnten sie dem Zeitzeugen, Friedensaktivisten und Holocaust-\u00dcberlebenden Ernst Grube <a class=\"more-link\" href=\"https:\/\/bos-scheyern.de\/bo\/?p=6486\">weiterlesen<span class=\"screen-reader-text\">Geschichte aus erster Hand: Ein Zeitzeugeninterview mit dem Holocaust-\u00dcberlebenden Ernst Grube<\/span><span class=\"meta-nav\">\u2192<\/span><\/a><\/p>\n","protected":false},"author":14,"featured_media":6499,"comment_status":"closed","ping_status":"closed","sticky":false,"template":"","format":"standard","meta":[],"categories":[11],"tags":[],"_links":{"self":[{"href":"https:\/\/bos-scheyern.de\/bo\/index.php?rest_route=\/wp\/v2\/posts\/6486"}],"collection":[{"href":"https:\/\/bos-scheyern.de\/bo\/index.php?rest_route=\/wp\/v2\/posts"}],"about":[{"href":"https:\/\/bos-scheyern.de\/bo\/index.php?rest_route=\/wp\/v2\/types\/post"}],"author":[{"embeddable":true,"href":"https:\/\/bos-scheyern.de\/bo\/index.php?rest_route=\/wp\/v2\/users\/14"}],"replies":[{"embeddable":true,"href":"https:\/\/bos-scheyern.de\/bo\/index.php?rest_route=%2Fwp%2Fv2%2Fcomments&post=6486"}],"version-history":[{"count":4,"href":"https:\/\/bos-scheyern.de\/bo\/index.php?rest_route=\/wp\/v2\/posts\/6486\/revisions"}],"predecessor-version":[{"id":6599,"href":"https:\/\/bos-scheyern.de\/bo\/index.php?rest_route=\/wp\/v2\/posts\/6486\/revisions\/6599"}],"wp:featuredmedia":[{"embeddable":true,"href":"https:\/\/bos-scheyern.de\/bo\/index.php?rest_route=\/wp\/v2\/media\/6499"}],"wp:attachment":[{"href":"https:\/\/bos-scheyern.de\/bo\/index.php?rest_route=%2Fwp%2Fv2%2Fmedia&parent=6486"}],"wp:term":[{"taxonomy":"category","embeddable":true,"href":"https:\/\/bos-scheyern.de\/bo\/index.php?rest_route=%2Fwp%2Fv2%2Fcategories&post=6486"},{"taxonomy":"post_tag","embeddable":true,"href":"https:\/\/bos-scheyern.de\/bo\/index.php?rest_route=%2Fwp%2Fv2%2Ftags&post=6486"}],"curies":[{"name":"wp","href":"https:\/\/api.w.org\/{rel}","templated":true}]}}