{"id":6490,"date":"2025-03-12T17:23:25","date_gmt":"2025-03-12T16:23:25","guid":{"rendered":"https:\/\/bos-scheyern.de\/bo\/?p=6490"},"modified":"2025-03-12T17:23:27","modified_gmt":"2025-03-12T16:23:27","slug":"auf-die-plaetze-fertig-waehlen-die-juniorwahl-zur-bundestagswahl-2025","status":"publish","type":"post","link":"https:\/\/bos-scheyern.de\/bo\/?p=6490","title":{"rendered":"Auf die Pl\u00e4tze, fertig, W\u00c4HLEN! Die Juniorwahl zur Bundestagswahl 2025"},"content":{"rendered":"\n<figure class=\"wp-block-image size-full is-style-default\"><img loading=\"lazy\" width=\"741\" height=\"423\" src=\"https:\/\/bos-scheyern.de\/bo\/wp-content\/uploads\/2025\/03\/Wahl9.jpg\" alt=\"\" class=\"wp-image-6491\" srcset=\"https:\/\/bos-scheyern.de\/bo\/wp-content\/uploads\/2025\/03\/Wahl9.jpg 741w, https:\/\/bos-scheyern.de\/bo\/wp-content\/uploads\/2025\/03\/Wahl9-300x171.jpg 300w, https:\/\/bos-scheyern.de\/bo\/wp-content\/uploads\/2025\/03\/Wahl9-700x400.jpg 700w\" sizes=\"(max-width: 741px) 100vw, 741px\" \/><\/figure>\n\n\n\n<p>Nach den erfolgreichen Juniorwahlen zur bayerischen Landtagswahl im Herbst 2023 und zur Europawahl im Sommer 2024 stand f\u00fcr die Sch\u00fclerinnen und Sch\u00fcler der Vorklasse sowie der 11. und 12. Klassen der FOS nun ein weiteres politisches Highlight an: die Juniorwahl zur Bundestagswahl 2025!<\/p>\n\n\n\n<p>In einem spannenden Vorbereitungsmodul setzten sich die Jugendlichen intensiv mit den Wahlprogrammen der Parteien sowie mit den Aufgaben und Funktionen des Bundestags auseinander. Besonders im Fokus stand weiterhin die Bedeutung der Erst- und Zweitstimme sowie das reformierte Wahlsystem, das den Bundestag erstmals auf 630 Abgeordnete begrenzt.<\/p>\n\n\n\n<p>Anschlie\u00dfend wurde der Wahlprozess \u201ein der Praxis\u201c simuliert. Im schulinternen \u201eWahllokal\u201c gaben die Sch\u00fclerinnen und Sch\u00fcler ihre Stimmen ab, die dann in der Wahlurne gesammelt wurden. &nbsp;Am Montag nach der Wahl konnten die Ergebnisse der Bundestagswahl sowie das Gesamtergebnis der bundesweiten Juniorwahl im Foyer der FOS BOS Scheyern eingesehen werden.<\/p>\n\n\n\n<p>Die Juniorwahl erm\u00f6glichte somit wertvolle Einblicke in den politischen Entscheidungsprozess und f\u00f6rderte ein tieferes Verst\u00e4ndnis f\u00fcr die Bedeutung von Wahlen und Demokratie.<\/p>\n\n\n\n<p>In Scheyern beteiligten sich rund 300 Jugendliche an der Juniorwahl und waren somit Teil des deutschlandweiten Projekts, das insgesamt 7.210 Schulen und \u00fcber zwei Millionen Sch\u00fclerinnen und Sch\u00fcler vereinte. &nbsp;<\/p>\n\n\n\n<p>Die Fachschaft Geschichte \/ Politik und Gesellschaft bedankt sich herzlich bei allen Beteiligten und hofft, einen wichtigen Beitrag zur politischen Bildung und gelebten Demokratie geleistet zu haben.<\/p>\n","protected":false},"excerpt":{"rendered":"<p>Nach den erfolgreichen Juniorwahlen zur bayerischen Landtagswahl im Herbst 2023 und zur Europawahl im Sommer 2024 stand f\u00fcr die Sch\u00fclerinnen und Sch\u00fcler der Vorklasse sowie der 11. und 12. Klassen <a class=\"more-link\" href=\"https:\/\/bos-scheyern.de\/bo\/?p=6490\">weiterlesen<span class=\"screen-reader-text\">Auf die Pl\u00e4tze, fertig, W\u00c4HLEN! Die Juniorwahl zur Bundestagswahl 2025<\/span><span class=\"meta-nav\">\u2192<\/span><\/a><\/p>\n","protected":false},"author":14,"featured_media":6491,"comment_status":"closed","ping_status":"closed","sticky":false,"template":"","format":"standard","meta":[],"categories":[11],"tags":[],"_links":{"self":[{"href":"https:\/\/bos-scheyern.de\/bo\/index.php?rest_route=\/wp\/v2\/posts\/6490"}],"collection":[{"href":"https:\/\/bos-scheyern.de\/bo\/index.php?rest_route=\/wp\/v2\/posts"}],"about":[{"href":"https:\/\/bos-scheyern.de\/bo\/index.php?rest_route=\/wp\/v2\/types\/post"}],"author":[{"embeddable":true,"href":"https:\/\/bos-scheyern.de\/bo\/index.php?rest_route=\/wp\/v2\/users\/14"}],"replies":[{"embeddable":true,"href":"https:\/\/bos-scheyern.de\/bo\/index.php?rest_route=%2Fwp%2Fv2%2Fcomments&post=6490"}],"version-history":[{"count":1,"href":"https:\/\/bos-scheyern.de\/bo\/index.php?rest_route=\/wp\/v2\/posts\/6490\/revisions"}],"predecessor-version":[{"id":6492,"href":"https:\/\/bos-scheyern.de\/bo\/index.php?rest_route=\/wp\/v2\/posts\/6490\/revisions\/6492"}],"wp:featuredmedia":[{"embeddable":true,"href":"https:\/\/bos-scheyern.de\/bo\/index.php?rest_route=\/wp\/v2\/media\/6491"}],"wp:attachment":[{"href":"https:\/\/bos-scheyern.de\/bo\/index.php?rest_route=%2Fwp%2Fv2%2Fmedia&parent=6490"}],"wp:term":[{"taxonomy":"category","embeddable":true,"href":"https:\/\/bos-scheyern.de\/bo\/index.php?rest_route=%2Fwp%2Fv2%2Fcategories&post=6490"},{"taxonomy":"post_tag","embeddable":true,"href":"https:\/\/bos-scheyern.de\/bo\/index.php?rest_route=%2Fwp%2Fv2%2Ftags&post=6490"}],"curies":[{"name":"wp","href":"https:\/\/api.w.org\/{rel}","templated":true}]}}