{"id":6544,"date":"2025-03-16T18:34:17","date_gmt":"2025-03-16T17:34:17","guid":{"rendered":"https:\/\/bos-scheyern.de\/bo\/?p=6544"},"modified":"2025-03-29T09:31:28","modified_gmt":"2025-03-29T08:31:28","slug":"feierliche-einweihung-des-erweiterungsbaus-mit-kultusministerin-anna-stolz","status":"publish","type":"post","link":"https:\/\/bos-scheyern.de\/bo\/?p=6544","title":{"rendered":"Feierliche Einweihung des Erweiterungsbaus mit Kultusministerin Anna Stolz"},"content":{"rendered":"\n<p>Am 11.10.2024 durften wir die Bayerische Kultusministerin Anna Stolz an unserer Schule begr\u00fc\u00dfen, die anl\u00e4sslich der feierlichen Einweihung unseres Erweiterungsbaus zu Gast war. Sehen Sie hier den Beitrag:<\/p>\n\n\n\n<div style=\"height:20px\" aria-hidden=\"true\" class=\"wp-block-spacer\"><\/div>\n\n\n\n<div data-cmms-embed-id=\"116301\/x2r5zpzjbtysl\/myb9zln6tlt7b\" data-cmms-base=\"www.tvingolstadt.de\"><\/div><script async=\"\" src=\"\/\/www.tvingolstadt.de\/wp-content\/plugins\/cmms\/assets\/dist\/static\/cmms.media.embed.js\"><\/script>\n\n\n\n<div style=\"height:20px\" aria-hidden=\"true\" class=\"wp-block-spacer\"><\/div>\n\n\n\n<p>Lesen Sie <a href=\"https:\/\/bos-scheyern.de\/bo\/wp-content\/uploads\/2025\/03\/FOS_BOS_Landkreismagazin_Oktober_2024.pdf\" data-type=\"URL\" data-id=\"https:\/\/bos-scheyern.de\/bo\/wp-content\/uploads\/2025\/03\/FOS_BOS_Landkreismagazin_Oktober_2024.pdf\">hier<\/a> den Artikel, der dazu im Landkreismagazin ver\u00f6ffentlicht wurde.<\/p>\n","protected":false},"excerpt":{"rendered":"<p>Am 11.10.2024 durften wir die Bayerische Kultusministerin Anna Stolz an unserer Schule begr\u00fc\u00dfen, die anl\u00e4sslich der feierlichen Einweihung unseres Erweiterungsbaus zu Gast war. Sehen Sie hier den Beitrag: Lesen Sie <a class=\"more-link\" href=\"https:\/\/bos-scheyern.de\/bo\/?p=6544\">weiterlesen<span class=\"screen-reader-text\">Feierliche Einweihung des Erweiterungsbaus mit Kultusministerin Anna Stolz<\/span><span class=\"meta-nav\">\u2192<\/span><\/a><\/p>\n","protected":false},"author":14,"featured_media":6547,"comment_status":"closed","ping_status":"closed","sticky":false,"template":"","format":"standard","meta":[],"categories":[11],"tags":[],"_links":{"self":[{"href":"https:\/\/bos-scheyern.de\/bo\/index.php?rest_route=\/wp\/v2\/posts\/6544"}],"collection":[{"href":"https:\/\/bos-scheyern.de\/bo\/index.php?rest_route=\/wp\/v2\/posts"}],"about":[{"href":"https:\/\/bos-scheyern.de\/bo\/index.php?rest_route=\/wp\/v2\/types\/post"}],"author":[{"embeddable":true,"href":"https:\/\/bos-scheyern.de\/bo\/index.php?rest_route=\/wp\/v2\/users\/14"}],"replies":[{"embeddable":true,"href":"https:\/\/bos-scheyern.de\/bo\/index.php?rest_route=%2Fwp%2Fv2%2Fcomments&post=6544"}],"version-history":[{"count":6,"href":"https:\/\/bos-scheyern.de\/bo\/index.php?rest_route=\/wp\/v2\/posts\/6544\/revisions"}],"predecessor-version":[{"id":6592,"href":"https:\/\/bos-scheyern.de\/bo\/index.php?rest_route=\/wp\/v2\/posts\/6544\/revisions\/6592"}],"wp:featuredmedia":[{"embeddable":true,"href":"https:\/\/bos-scheyern.de\/bo\/index.php?rest_route=\/wp\/v2\/media\/6547"}],"wp:attachment":[{"href":"https:\/\/bos-scheyern.de\/bo\/index.php?rest_route=%2Fwp%2Fv2%2Fmedia&parent=6544"}],"wp:term":[{"taxonomy":"category","embeddable":true,"href":"https:\/\/bos-scheyern.de\/bo\/index.php?rest_route=%2Fwp%2Fv2%2Fcategories&post=6544"},{"taxonomy":"post_tag","embeddable":true,"href":"https:\/\/bos-scheyern.de\/bo\/index.php?rest_route=%2Fwp%2Fv2%2Ftags&post=6544"}],"curies":[{"name":"wp","href":"https:\/\/api.w.org\/{rel}","templated":true}]}}