{"id":6639,"date":"2025-06-06T18:14:50","date_gmt":"2025-06-06T16:14:50","guid":{"rendered":"https:\/\/bos-scheyern.de\/bo\/?p=6639"},"modified":"2025-06-06T18:14:52","modified_gmt":"2025-06-06T16:14:52","slug":"dia-espanol-en-scheyern-spanischer-tag-an-der-fosbos","status":"publish","type":"post","link":"https:\/\/bos-scheyern.de\/bo\/?p=6639","title":{"rendered":"\u00a1D\u00eda espa\u00f1ol en Scheyern! \u2013 Spanischer Tag an der FOSBOS"},"content":{"rendered":"\n<div class=\"wp-block-image is-style-default\"><figure class=\"aligncenter size-large is-resized\"><img loading=\"lazy\" src=\"https:\/\/bos-scheyern.de\/bo\/wp-content\/uploads\/2025\/06\/IMG_0180-1024x683.jpg\" alt=\"\" class=\"wp-image-6640\" width=\"768\" height=\"512\" srcset=\"https:\/\/bos-scheyern.de\/bo\/wp-content\/uploads\/2025\/06\/IMG_0180-1024x683.jpg 1024w, https:\/\/bos-scheyern.de\/bo\/wp-content\/uploads\/2025\/06\/IMG_0180-300x200.jpg 300w, https:\/\/bos-scheyern.de\/bo\/wp-content\/uploads\/2025\/06\/IMG_0180-768x512.jpg 768w, https:\/\/bos-scheyern.de\/bo\/wp-content\/uploads\/2025\/06\/IMG_0180-1536x1024.jpg 1536w, https:\/\/bos-scheyern.de\/bo\/wp-content\/uploads\/2025\/06\/IMG_0180-2048x1365.jpg 2048w\" sizes=\"(max-width: 768px) 100vw, 768px\" \/><\/figure><\/div>\n\n\n\n<p>Am 21. Mai 2025 verwandelte sich der Klosterhof der FOSBOS Scheyern in eine kleine spanische Plaza: Die Sch\u00fclerinnen und Sch\u00fcler der 12. Klassen des Wahlfachs Spanisch organisierten einen Spanischen Tag, der ganz im Zeichen von Kulinarik, Kultur und Kreativit\u00e4t stand.<\/p>\n\n\n\n<p>In den ersten beiden Stunden bereiteten die Sch\u00fclerinnen und Sch\u00fcler mit gro\u00dfem Engagement eine Vielzahl typisch spanischer Leckereien vor, gestalteten Plakate und erstellten ein Quiz zu spanischen und lateinamerikanischen Traditionen und Redewendungen, den geografischen Gegebenheiten der L\u00e4nder sowie zur richtigen Begr\u00fc\u00dfung im Spanischen. In den beiden Pausen konnten dann neben Tapas, belegten Broten mit Tomate, Salami oder Serrano-Schinken auch Wraps, Tortilla sowie Oliven-K\u00e4se-Spie\u00dfe gegen eine kleine Spende erworben werden.<\/p>\n\n\n\n<p>Wer bei dem interaktiven Quiz drei Fragen rund um Sprache, Kultur und Land korrekt beantworten konnte, durfte sich \u00fcber einen Tapas-Gutschein freuen. Sowohl Sch\u00fclerinnen und Sch\u00fcler als auch Lehrkr\u00e4fte versuchten ihr Gl\u00fcck \u2013 und lernten dabei spielerisch noch etwas dazu.<\/p>\n\n\n\n<p>Bei spanischer Musik, farbenfroher Deko und strahlendem Sonnenschein im Klosterhof war die Atmosph\u00e4re rundum stimmig. Ein gro\u00dfes Lob an alle Beteiligten \u2013 der Spanische Tag war ein voller Erfolg und ein gelungener Abschluss vor den Abiturpr\u00fcfungen. \u00a1Muchas gracias!<\/p>\n","protected":false},"excerpt":{"rendered":"<p>Am 21. Mai 2025 verwandelte sich der Klosterhof der FOSBOS Scheyern in eine kleine spanische Plaza: Die Sch\u00fclerinnen und Sch\u00fcler der 12. Klassen des Wahlfachs Spanisch organisierten einen Spanischen Tag, <a class=\"more-link\" href=\"https:\/\/bos-scheyern.de\/bo\/?p=6639\">weiterlesen<span class=\"screen-reader-text\">\u00a1D\u00eda espa\u00f1ol en Scheyern! \u2013 Spanischer Tag an der FOSBOS<\/span><span class=\"meta-nav\">\u2192<\/span><\/a><\/p>\n","protected":false},"author":14,"featured_media":6640,"comment_status":"closed","ping_status":"closed","sticky":false,"template":"","format":"standard","meta":[],"categories":[11],"tags":[],"_links":{"self":[{"href":"https:\/\/bos-scheyern.de\/bo\/index.php?rest_route=\/wp\/v2\/posts\/6639"}],"collection":[{"href":"https:\/\/bos-scheyern.de\/bo\/index.php?rest_route=\/wp\/v2\/posts"}],"about":[{"href":"https:\/\/bos-scheyern.de\/bo\/index.php?rest_route=\/wp\/v2\/types\/post"}],"author":[{"embeddable":true,"href":"https:\/\/bos-scheyern.de\/bo\/index.php?rest_route=\/wp\/v2\/users\/14"}],"replies":[{"embeddable":true,"href":"https:\/\/bos-scheyern.de\/bo\/index.php?rest_route=%2Fwp%2Fv2%2Fcomments&post=6639"}],"version-history":[{"count":1,"href":"https:\/\/bos-scheyern.de\/bo\/index.php?rest_route=\/wp\/v2\/posts\/6639\/revisions"}],"predecessor-version":[{"id":6641,"href":"https:\/\/bos-scheyern.de\/bo\/index.php?rest_route=\/wp\/v2\/posts\/6639\/revisions\/6641"}],"wp:featuredmedia":[{"embeddable":true,"href":"https:\/\/bos-scheyern.de\/bo\/index.php?rest_route=\/wp\/v2\/media\/6640"}],"wp:attachment":[{"href":"https:\/\/bos-scheyern.de\/bo\/index.php?rest_route=%2Fwp%2Fv2%2Fmedia&parent=6639"}],"wp:term":[{"taxonomy":"category","embeddable":true,"href":"https:\/\/bos-scheyern.de\/bo\/index.php?rest_route=%2Fwp%2Fv2%2Fcategories&post=6639"},{"taxonomy":"post_tag","embeddable":true,"href":"https:\/\/bos-scheyern.de\/bo\/index.php?rest_route=%2Fwp%2Fv2%2Ftags&post=6639"}],"curies":[{"name":"wp","href":"https:\/\/api.w.org\/{rel}","templated":true}]}}