{"id":6643,"date":"2025-06-23T08:11:12","date_gmt":"2025-06-23T06:11:12","guid":{"rendered":"https:\/\/bos-scheyern.de\/bo\/?p=6643"},"modified":"2025-06-23T08:11:14","modified_gmt":"2025-06-23T06:11:14","slug":"beginn-der-abschlusspruefungen-an-der-fosbos-scheyern","status":"publish","type":"post","link":"https:\/\/bos-scheyern.de\/bo\/?p=6643","title":{"rendered":"Beginn der Abschlusspr\u00fcfungen an der FOSBOS Scheyern"},"content":{"rendered":"\n<div class=\"wp-block-image is-style-default\"><figure class=\"aligncenter size-large is-resized\"><img loading=\"lazy\" src=\"https:\/\/bos-scheyern.de\/bo\/wp-content\/uploads\/2025\/06\/IMG_0208-1024x683.jpg\" alt=\"\" class=\"wp-image-6645\" width=\"512\" height=\"342\" srcset=\"https:\/\/bos-scheyern.de\/bo\/wp-content\/uploads\/2025\/06\/IMG_0208-1024x683.jpg 1024w, https:\/\/bos-scheyern.de\/bo\/wp-content\/uploads\/2025\/06\/IMG_0208-300x200.jpg 300w, https:\/\/bos-scheyern.de\/bo\/wp-content\/uploads\/2025\/06\/IMG_0208-768x512.jpg 768w, https:\/\/bos-scheyern.de\/bo\/wp-content\/uploads\/2025\/06\/IMG_0208-1536x1024.jpg 1536w, https:\/\/bos-scheyern.de\/bo\/wp-content\/uploads\/2025\/06\/IMG_0208-2048x1365.jpg 2048w\" sizes=\"(max-width: 512px) 100vw, 512px\" \/><\/figure><\/div>\n\n\n\n<p>An der FOSBOS Scheyern haben am Mittwoch, den 28.05.2025, die diesj\u00e4hrigen Pr\u00fcfungen zu der Fachhochschulreife und der Fachgebundenen bzw. Allgemeinen Hochschulreife mit dem Fach Deutsch begonnen. Als p\u00fcnktlich um acht bzw. neun Uhr der Startschuss f\u00fcr die diesj\u00e4hrigen Pr\u00fcfungskandidatinnen und Pr\u00fcfungskandidaten fiel, hatten diese Textmarker, Traubenzucker und Talismane bereits griffbereit. In diesem Schuljahr sind insgesamt 275 Sch\u00fclerinnen und Sch\u00fcler der Fachoberschule und Berufsoberschule Scheyern angetreten, um vom 28. Mai bis 04. Juni die schriftlichen Abitur- oder Fachabiturpr\u00fcfungen abzulegen. Dabei streben 200 Kandidatinnen und Kandidaten den nach der 12. Klasse m\u00f6glichen Erwerb der Fachhochschulreife an. Um den nach dem Besuch der 13. Klasse vorgesehenen Abschluss der Fachgebundenen bzw. Allgemeinen Hochschulreife bem\u00fchen sich zudem 75 Sch\u00fclerinnen und Sch\u00fcler. W\u00e4hrend am Freitag die Pr\u00fcfung in dem jeweils zweigabh\u00e4ngigen Profilfach folgt, steht am kommenden Montag das schriftliche Englisch-Abitur auf dem Pr\u00fcfungsplan. Die Pr\u00fcfungsrunde schlie\u00dft sich am Mittwoch, den 04. Juni, mit der Pr\u00fcfung im Fach Mathematik. Einer verpflichtenden m\u00fcndlichen Gruppenpr\u00fcfung im Fach Englisch stellten sich die Pr\u00fcflinge bereits vorab vom 12. bis 15. Mai 2025.<\/p>\n\n\n\n<p><em>Text: StRin Sabine Thielitz<\/em><\/p>\n","protected":false},"excerpt":{"rendered":"<p>An der FOSBOS Scheyern haben am Mittwoch, den 28.05.2025, die diesj\u00e4hrigen Pr\u00fcfungen zu der Fachhochschulreife und der Fachgebundenen bzw. Allgemeinen Hochschulreife mit dem Fach Deutsch begonnen. Als p\u00fcnktlich um acht <a class=\"more-link\" href=\"https:\/\/bos-scheyern.de\/bo\/?p=6643\">weiterlesen<span class=\"screen-reader-text\">Beginn der Abschlusspr\u00fcfungen an der FOSBOS Scheyern<\/span><span class=\"meta-nav\">\u2192<\/span><\/a><\/p>\n","protected":false},"author":14,"featured_media":6645,"comment_status":"closed","ping_status":"closed","sticky":false,"template":"","format":"standard","meta":[],"categories":[11],"tags":[],"_links":{"self":[{"href":"https:\/\/bos-scheyern.de\/bo\/index.php?rest_route=\/wp\/v2\/posts\/6643"}],"collection":[{"href":"https:\/\/bos-scheyern.de\/bo\/index.php?rest_route=\/wp\/v2\/posts"}],"about":[{"href":"https:\/\/bos-scheyern.de\/bo\/index.php?rest_route=\/wp\/v2\/types\/post"}],"author":[{"embeddable":true,"href":"https:\/\/bos-scheyern.de\/bo\/index.php?rest_route=\/wp\/v2\/users\/14"}],"replies":[{"embeddable":true,"href":"https:\/\/bos-scheyern.de\/bo\/index.php?rest_route=%2Fwp%2Fv2%2Fcomments&post=6643"}],"version-history":[{"count":1,"href":"https:\/\/bos-scheyern.de\/bo\/index.php?rest_route=\/wp\/v2\/posts\/6643\/revisions"}],"predecessor-version":[{"id":6646,"href":"https:\/\/bos-scheyern.de\/bo\/index.php?rest_route=\/wp\/v2\/posts\/6643\/revisions\/6646"}],"wp:featuredmedia":[{"embeddable":true,"href":"https:\/\/bos-scheyern.de\/bo\/index.php?rest_route=\/wp\/v2\/media\/6645"}],"wp:attachment":[{"href":"https:\/\/bos-scheyern.de\/bo\/index.php?rest_route=%2Fwp%2Fv2%2Fmedia&parent=6643"}],"wp:term":[{"taxonomy":"category","embeddable":true,"href":"https:\/\/bos-scheyern.de\/bo\/index.php?rest_route=%2Fwp%2Fv2%2Fcategories&post=6643"},{"taxonomy":"post_tag","embeddable":true,"href":"https:\/\/bos-scheyern.de\/bo\/index.php?rest_route=%2Fwp%2Fv2%2Ftags&post=6643"}],"curies":[{"name":"wp","href":"https:\/\/api.w.org\/{rel}","templated":true}]}}