{"id":6648,"date":"2025-07-02T17:34:44","date_gmt":"2025-07-02T15:34:44","guid":{"rendered":"https:\/\/bos-scheyern.de\/bo\/?p=6648"},"modified":"2025-07-02T17:34:46","modified_gmt":"2025-07-02T15:34:46","slug":"germandream-an-der-bo-scheyern","status":"publish","type":"post","link":"https:\/\/bos-scheyern.de\/bo\/?p=6648","title":{"rendered":"GermanDream an der BO Scheyern"},"content":{"rendered":"\n<div class=\"wp-block-image is-style-default\"><figure class=\"aligncenter size-large is-resized\"><img loading=\"lazy\" src=\"https:\/\/bos-scheyern.de\/bo\/wp-content\/uploads\/2025\/07\/German-Dream-1024x768.jpg\" alt=\"\" class=\"wp-image-6649\" width=\"768\" height=\"576\" srcset=\"https:\/\/bos-scheyern.de\/bo\/wp-content\/uploads\/2025\/07\/German-Dream-1024x768.jpg 1024w, https:\/\/bos-scheyern.de\/bo\/wp-content\/uploads\/2025\/07\/German-Dream-300x225.jpg 300w, https:\/\/bos-scheyern.de\/bo\/wp-content\/uploads\/2025\/07\/German-Dream-200x150.jpg 200w, https:\/\/bos-scheyern.de\/bo\/wp-content\/uploads\/2025\/07\/German-Dream-768x576.jpg 768w, https:\/\/bos-scheyern.de\/bo\/wp-content\/uploads\/2025\/07\/German-Dream-1536x1152.jpg 1536w, https:\/\/bos-scheyern.de\/bo\/wp-content\/uploads\/2025\/07\/German-Dream-2048x1536.jpg 2048w\" sizes=\"(max-width: 768px) 100vw, 768px\" \/><\/figure><\/div>\n\n\n\n<p>Welche Werte sind uns wichtig? Und wie k\u00f6nnen wir diese in unseren Alltag integrieren? Am Mittwoch, den 04.06.2025, konnte sich die Schulgemeinschaft der FOSBOS Scheyern \u00fcber den Besuch eines GermanDream-Teams freuen, das mit zwei Schulklassen einen sehr interessanten und bereichernden Workshop zu eben diesem Thema durchgef\u00fchrt hat. Bei GermanDream handelt es sich um eine Organisation, die sich auf der Basis der freiheitlich-demokratischen Grundordnung aktiv gegen Rassismus und f\u00fcr einen respektvollen und werteorientierten Umgang miteinander einsetzt. Vielfalt, Empathie und Teilhabe stehen dabei im Fokus. In diesem Sinne wirken die haupts\u00e4chlich ehrenamtlichen Mitarbeiterinnen und Mitarbeiter auch an Schulen und suchen den Dialog mit jungen Menschen.<\/p>\n\n\n\n<p>Neben der n\u00e4heren Er\u00f6rterung der Frage, was Werte \u00fcberhaupt sind, wurden die Sch\u00fclerinnen und Sch\u00fcler durch die Moderatorin Lisa und die Wertebotschafterin Damla dazu angeregt, ihre eigenen Wertvorstellungen und deren Umsetzung im Alltag zu reflektieren. Dadurch entstand ein reger Gedankenaustausch, bei dem die Teilnehmerinnen und Teilnehmer auch mehr \u00fcber sich selbst und ihre Mitsch\u00fclerinnen und Mitsch\u00fcler erfahren konnten. Die positiven R\u00fcckmeldungen aus den beiden Klassen zeigten, wie wichtig pers\u00f6nliche Wertvorstellungen gerade auch in Zeiten von Krisen, fake news und Populismus sind. Wir bedanken uns daher sehr herzlich f\u00fcr die gelungene Veranstaltung und den intensiven Gedankenaustausch!<\/p>\n\n\n\n<p><em>Text: StRin Sabine Thielitz<\/em><\/p>\n","protected":false},"excerpt":{"rendered":"<p>Welche Werte sind uns wichtig? Und wie k\u00f6nnen wir diese in unseren Alltag integrieren? Am Mittwoch, den 04.06.2025, konnte sich die Schulgemeinschaft der FOSBOS Scheyern \u00fcber den Besuch eines GermanDream-Teams <a class=\"more-link\" href=\"https:\/\/bos-scheyern.de\/bo\/?p=6648\">weiterlesen<span class=\"screen-reader-text\">GermanDream an der BO Scheyern<\/span><span class=\"meta-nav\">\u2192<\/span><\/a><\/p>\n","protected":false},"author":14,"featured_media":0,"comment_status":"closed","ping_status":"closed","sticky":false,"template":"","format":"standard","meta":[],"categories":[11],"tags":[],"_links":{"self":[{"href":"https:\/\/bos-scheyern.de\/bo\/index.php?rest_route=\/wp\/v2\/posts\/6648"}],"collection":[{"href":"https:\/\/bos-scheyern.de\/bo\/index.php?rest_route=\/wp\/v2\/posts"}],"about":[{"href":"https:\/\/bos-scheyern.de\/bo\/index.php?rest_route=\/wp\/v2\/types\/post"}],"author":[{"embeddable":true,"href":"https:\/\/bos-scheyern.de\/bo\/index.php?rest_route=\/wp\/v2\/users\/14"}],"replies":[{"embeddable":true,"href":"https:\/\/bos-scheyern.de\/bo\/index.php?rest_route=%2Fwp%2Fv2%2Fcomments&post=6648"}],"version-history":[{"count":1,"href":"https:\/\/bos-scheyern.de\/bo\/index.php?rest_route=\/wp\/v2\/posts\/6648\/revisions"}],"predecessor-version":[{"id":6650,"href":"https:\/\/bos-scheyern.de\/bo\/index.php?rest_route=\/wp\/v2\/posts\/6648\/revisions\/6650"}],"wp:attachment":[{"href":"https:\/\/bos-scheyern.de\/bo\/index.php?rest_route=%2Fwp%2Fv2%2Fmedia&parent=6648"}],"wp:term":[{"taxonomy":"category","embeddable":true,"href":"https:\/\/bos-scheyern.de\/bo\/index.php?rest_route=%2Fwp%2Fv2%2Fcategories&post=6648"},{"taxonomy":"post_tag","embeddable":true,"href":"https:\/\/bos-scheyern.de\/bo\/index.php?rest_route=%2Fwp%2Fv2%2Ftags&post=6648"}],"curies":[{"name":"wp","href":"https:\/\/api.w.org\/{rel}","templated":true}]}}