{"id":6657,"date":"2025-07-08T06:56:14","date_gmt":"2025-07-08T04:56:14","guid":{"rendered":"https:\/\/bos-scheyern.de\/bo\/?p=6657"},"modified":"2025-07-08T07:09:21","modified_gmt":"2025-07-08T05:09:21","slug":"gemeinsam-gestalten-b-new","status":"publish","type":"post","link":"https:\/\/bos-scheyern.de\/bo\/?p=6657","title":{"rendered":"Gemeinsam gestalten \u2013 B-NEW"},"content":{"rendered":"\n<h3>Ein Workshop-Wochenende f\u00fcr nachhaltige Entwicklung und gelebte Werte<\/h3>\n\n\n\n<p>Was macht unsere Schule besonders? Was bedeutet es, Teil einer Gemeinschaft zu sein, in der Nachhaltigkeit, Respekt und Vielfalt nicht nur Schlagworte sind, sondern im Alltag gelebt werden?<\/p>\n\n\n\n<p>Diesen Fragen wollen wir am <strong>19. und 20. September 2025<\/strong> beim Workshop-Wochenende <strong>\u201eGemeinsam gestalten \u2013 B-NEW\u201c<\/strong> an der FOSBOS Scheyern nachgehen.<\/p>\n\n\n\n<p><strong>B-NEW<\/strong> steht f\u00fcr <em>Bildung f\u00fcr nachhaltige Entwicklung und Werte<\/em>. Ziel des Wochenendes ist es, gemeinsam mit euch Ideen f\u00fcr eine gelebte Nachhaltigkeits- und Wertekultur an unserer Schule zu sammeln sowie uns \u00fcber Themen aus Politik und Gesellschaft auszutauschen. Als Teil des Netzwerks <em>Schule ohne Rassismus \u2013 Schule mit Courage<\/em> ist es uns wichtig, eure W\u00fcnsche und Vorstellungen aufzugreifen \u2013 und gemeinsam an einer offenen und zukunftsf\u00e4higen Schulkultur zu arbeiten.<\/p>\n\n\n\n<p>In abwechslungsreichen Workshops setzen wir uns mit Themen wie Demokratie, Menschenrechten, Kunst- und Meinungsfreiheit auseinander. Ihr lernt unsere schulinternen Arbeitsgruppen kennen, k\u00f6nnt euch kreativ und sportlich einbringen sowie neue Lern- und Arbeitstechniken entdecken \u2013 und vor allem: euch austauschen, diskutieren und mitreden.<\/p>\n\n\n\n<p>Das Workshop-Wochenende beginnt <strong>am Freitag, den 19.09.2025 um 13.45 Uhr<\/strong>. F\u00fcr Zwischenmahlzeiten, Abendessen, Fr\u00fchst\u00fcck und Getr\u00e4nke ist gesorgt. \u00dcbernachtungsm\u00f6glichkeiten und Duschen sind vorhanden. Schlafsack, Isomatte, Kissen o.\u00e4. m\u00fcssen selbst mitgebracht werden. Nach einer Feedbackrunde endet die Veranstaltung <strong>am Samstag, den 20.09.2025 gegen 13.30 Uhr<\/strong>.<\/p>\n\n\n\n<p><br>Alle Teilnehmenden erhalten im Anschluss eine <strong>offizielle Teilnahmebest\u00e4tigung<\/strong>. <strong>Wer mitdenken und mitgestalten will, ist herzlich eingeladen.<\/strong><\/p>\n\n\n\n<p><br>Wir freuen uns auf ein inspirierendes Wochenende voller Ideen und spannender Begegnungen!<\/p>\n\n\n\n<div style=\"height:15px\" aria-hidden=\"true\" class=\"wp-block-spacer\"><\/div>\n\n\n\n<p><a href=\"https:\/\/bos-scheyern.de\/bo\/wp-content\/uploads\/2025\/07\/Programm-Workshop-Wochenende.pdf\" data-type=\"URL\" data-id=\"https:\/\/bos-scheyern.de\/bo\/wp-content\/uploads\/2025\/07\/Programm-Workshop-Wochenende.pdf\">Zum Programm<\/a><\/p>\n\n\n\n<p><a href=\"https:\/\/bos-scheyern.de\/bo\/wp-content\/uploads\/2025\/07\/Anmeldeformular-Workshop-Wochenende-1.pdf\" data-type=\"URL\" data-id=\"https:\/\/bos-scheyern.de\/bo\/wp-content\/uploads\/2025\/07\/Anmeldeformular-Workshop-Wochenende-1.pdf\">Zur Anmeldung<\/a><\/p>\n\n\n\n<p><\/p>\n","protected":false},"excerpt":{"rendered":"<p>Ein Workshop-Wochenende f\u00fcr nachhaltige Entwicklung und gelebte Werte Was macht unsere Schule besonders? Was bedeutet es, Teil einer Gemeinschaft zu sein, in der Nachhaltigkeit, Respekt und Vielfalt nicht nur Schlagworte <a class=\"more-link\" href=\"https:\/\/bos-scheyern.de\/bo\/?p=6657\">weiterlesen<span class=\"screen-reader-text\">Gemeinsam gestalten \u2013 B-NEW<\/span><span class=\"meta-nav\">\u2192<\/span><\/a><\/p>\n","protected":false},"author":14,"featured_media":0,"comment_status":"closed","ping_status":"closed","sticky":false,"template":"","format":"standard","meta":[],"categories":[11],"tags":[],"_links":{"self":[{"href":"https:\/\/bos-scheyern.de\/bo\/index.php?rest_route=\/wp\/v2\/posts\/6657"}],"collection":[{"href":"https:\/\/bos-scheyern.de\/bo\/index.php?rest_route=\/wp\/v2\/posts"}],"about":[{"href":"https:\/\/bos-scheyern.de\/bo\/index.php?rest_route=\/wp\/v2\/types\/post"}],"author":[{"embeddable":true,"href":"https:\/\/bos-scheyern.de\/bo\/index.php?rest_route=\/wp\/v2\/users\/14"}],"replies":[{"embeddable":true,"href":"https:\/\/bos-scheyern.de\/bo\/index.php?rest_route=%2Fwp%2Fv2%2Fcomments&post=6657"}],"version-history":[{"count":6,"href":"https:\/\/bos-scheyern.de\/bo\/index.php?rest_route=\/wp\/v2\/posts\/6657\/revisions"}],"predecessor-version":[{"id":6668,"href":"https:\/\/bos-scheyern.de\/bo\/index.php?rest_route=\/wp\/v2\/posts\/6657\/revisions\/6668"}],"wp:attachment":[{"href":"https:\/\/bos-scheyern.de\/bo\/index.php?rest_route=%2Fwp%2Fv2%2Fmedia&parent=6657"}],"wp:term":[{"taxonomy":"category","embeddable":true,"href":"https:\/\/bos-scheyern.de\/bo\/index.php?rest_route=%2Fwp%2Fv2%2Fcategories&post=6657"},{"taxonomy":"post_tag","embeddable":true,"href":"https:\/\/bos-scheyern.de\/bo\/index.php?rest_route=%2Fwp%2Fv2%2Ftags&post=6657"}],"curies":[{"name":"wp","href":"https:\/\/api.w.org\/{rel}","templated":true}]}}