{"id":6723,"date":"2025-09-22T16:37:21","date_gmt":"2025-09-22T14:37:21","guid":{"rendered":"https:\/\/bos-scheyern.de\/bo\/?p=6723"},"modified":"2025-09-22T17:49:00","modified_gmt":"2025-09-22T15:49:00","slug":"ludwig-i-bayerns-groesster-koenig","status":"publish","type":"post","link":"https:\/\/bos-scheyern.de\/bo\/?p=6723","title":{"rendered":"Ludwig I. \u2013 Bayerns gr\u00f6\u00dfter K\u00f6nig?"},"content":{"rendered":"\n<p><strong>Eine Exkursion der 11. Klassen ins Haus der Bayerischen Geschichte nach Regensburg<\/strong><\/p>\n\n\n\n<div class=\"wp-block-image is-style-default\"><figure class=\"aligncenter size-large is-resized\"><img loading=\"lazy\" src=\"https:\/\/bos-scheyern.de\/bo\/wp-content\/uploads\/2025\/09\/Reg2-e1758554513791-1024x660.jpg\" alt=\"\" class=\"wp-image-6727\" width=\"512\" height=\"330\" srcset=\"https:\/\/bos-scheyern.de\/bo\/wp-content\/uploads\/2025\/09\/Reg2-e1758554513791-1024x660.jpg 1024w, https:\/\/bos-scheyern.de\/bo\/wp-content\/uploads\/2025\/09\/Reg2-e1758554513791-300x193.jpg 300w, https:\/\/bos-scheyern.de\/bo\/wp-content\/uploads\/2025\/09\/Reg2-e1758554513791-768x495.jpg 768w, https:\/\/bos-scheyern.de\/bo\/wp-content\/uploads\/2025\/09\/Reg2-e1758554513791.jpg 1135w\" sizes=\"(max-width: 512px) 100vw, 512px\" \/><\/figure><\/div>\n\n\n\n<p>Im Rahmen der Projekttage unternahmen alle sieben 11. Klassen der FOSBOS Scheyern am Mittwoch, den 30.07.2025 eine Fahrt nach Regensburg ins Haus der Bayerischen Geschichte. Ziel war die Bayerische Landesausstellung \u201eLudwig I. \u2013 Bayerns gr\u00f6\u00dfter K\u00f6nig?\u201c sowie ein Workshop in der Bavariathek. Die Fahrt war im Unterricht intensiv vorbereitet worden, sodass die Klassen mit Vorwissen in die F\u00fchrungen starten konnten.<\/p>\n\n\n\n<p>In der Ausstellung erhielten die Sch\u00fclerinnen und Sch\u00fcler einen lebendigen Einblick in das Leben des K\u00f6nigs, der gleicherma\u00dfen Unterst\u00fctzer moderner Technik und Infrastruktur (Entstehung gro\u00dfer Manufakturen und Fabriken, Ausbau des Eisenbahnsystems, Bau des Ludwig-Donau-Main-Kanals) wie auch leidenschaftlicher Bewahrer klassischer Traditionen war. Vor allem seine Bewunderung f\u00fcr die Antike spiegelt sich noch heute in vielen ber\u00fchmten Bauwerken wie beispielsweise der Walhalla in Donaustauf bei Regensburg und den Propyl\u00e4en in M\u00fcnchen wider. Ludwig verstand sich selbst als gro\u00dfer F\u00f6rderer von Kunst und Kultur und trug seinerzeit zur Entstehung der einzigartigen Kunst- und Skulpturensammlungen in der Alten und Neuen Pinakothek sowie in der Glyptothek bei. Die bereits in anderen Bereichen angedeutete Ambiguit\u00e4t des Herrschers konnten die Sch\u00fclerinnen und Sch\u00fcler auch beim Thema \u201ePressefreiheit\u201c erfahren: So schr\u00e4nkte der sonst so liberale und dem Volk zugewandte K\u00f6nig im Zuge der wachsenden Kritik an seinen politischen Entscheidungen sowie an der skandalumwobenen Beziehung zu Lola Montez gegen Ende seiner Regentschaft die Pressefreiheit massiv ein. Sein Abdankungsschreiben an das Volk, in dem er die Herrschaft auf seinen Sohn Maximilian \u00fcbertrug, bildete den eindrucksvollen Abschluss dieser Ausstellung.<\/p>\n\n\n\n<p>Besonders spannend war f\u00fcr die Jugendlichen der sich anschlie\u00dfende medienp\u00e4dagogische Workshop \u201eK\u00f6nig vor der Kamera\u201c in der Bavariathek. Hier konnten die Sch\u00fclerinnen und Sch\u00fcler eigene Posts von Ludwig I. entwerfen und nachvollziehen, wie leicht Bilder manipuliert und die Stimmung in der \u00d6ffentlichkeit gelenkt werden kann.<\/p>\n\n\n\n<p>Die Exkursion nach Regensburg zeigte eindrucksvoll, wie aktuell historische Themen bis heute sind und sollte v.a. auch die enge Beziehung unserer Schule, der FOSBOS Scheyern, zu Ludwig I. in den Fokus r\u00fccken. Scheyern war der Stammsitz der Wittelsbacher und Ludwig I. f\u00f6rderte 1838 aktiv die Wiederbesiedelung des Klosters Scheyern durch die Benediktinerm\u00f6nche nach der vorausgegangenen S\u00e4kularisation. Bis heute ist das Grab der Wittelsbacher in der Kapitelkirche in der Scheyrer Basilika zu besichtigen und der \u201eWittelsbacher Saal\u201c tr\u00e4gt den Namen des einflussreichen Herrschergeschlechts. F\u00fcr Ludwig bestand folglich sowohl eine pers\u00f6nliche als auch eine religi\u00f6se Beziehung zu Scheyern. Wir hoffen, dass wir diese besondere Verbindung unseren Sch\u00fclerinnen und Sch\u00fclern n\u00e4herbringen konnten.<\/p>\n","protected":false},"excerpt":{"rendered":"<p>Eine Exkursion der 11. Klassen ins Haus der Bayerischen Geschichte nach Regensburg Im Rahmen der Projekttage unternahmen alle sieben 11. Klassen der FOSBOS Scheyern am Mittwoch, den 30.07.2025 eine Fahrt <a class=\"more-link\" href=\"https:\/\/bos-scheyern.de\/bo\/?p=6723\">weiterlesen<span class=\"screen-reader-text\">Ludwig I. \u2013 Bayerns gr\u00f6\u00dfter K\u00f6nig?<\/span><span class=\"meta-nav\">\u2192<\/span><\/a><\/p>\n","protected":false},"author":14,"featured_media":6736,"comment_status":"closed","ping_status":"closed","sticky":false,"template":"","format":"standard","meta":[],"categories":[11],"tags":[],"_links":{"self":[{"href":"https:\/\/bos-scheyern.de\/bo\/index.php?rest_route=\/wp\/v2\/posts\/6723"}],"collection":[{"href":"https:\/\/bos-scheyern.de\/bo\/index.php?rest_route=\/wp\/v2\/posts"}],"about":[{"href":"https:\/\/bos-scheyern.de\/bo\/index.php?rest_route=\/wp\/v2\/types\/post"}],"author":[{"embeddable":true,"href":"https:\/\/bos-scheyern.de\/bo\/index.php?rest_route=\/wp\/v2\/users\/14"}],"replies":[{"embeddable":true,"href":"https:\/\/bos-scheyern.de\/bo\/index.php?rest_route=%2Fwp%2Fv2%2Fcomments&post=6723"}],"version-history":[{"count":3,"href":"https:\/\/bos-scheyern.de\/bo\/index.php?rest_route=\/wp\/v2\/posts\/6723\/revisions"}],"predecessor-version":[{"id":6732,"href":"https:\/\/bos-scheyern.de\/bo\/index.php?rest_route=\/wp\/v2\/posts\/6723\/revisions\/6732"}],"wp:featuredmedia":[{"embeddable":true,"href":"https:\/\/bos-scheyern.de\/bo\/index.php?rest_route=\/wp\/v2\/media\/6736"}],"wp:attachment":[{"href":"https:\/\/bos-scheyern.de\/bo\/index.php?rest_route=%2Fwp%2Fv2%2Fmedia&parent=6723"}],"wp:term":[{"taxonomy":"category","embeddable":true,"href":"https:\/\/bos-scheyern.de\/bo\/index.php?rest_route=%2Fwp%2Fv2%2Fcategories&post=6723"},{"taxonomy":"post_tag","embeddable":true,"href":"https:\/\/bos-scheyern.de\/bo\/index.php?rest_route=%2Fwp%2Fv2%2Ftags&post=6723"}],"curies":[{"name":"wp","href":"https:\/\/api.w.org\/{rel}","templated":true}]}}