{"id":6789,"date":"2025-10-30T13:08:32","date_gmt":"2025-10-30T12:08:32","guid":{"rendered":"https:\/\/bos-scheyern.de\/bo\/?p=6789"},"modified":"2025-11-10T05:35:43","modified_gmt":"2025-11-10T04:35:43","slug":"impressionen-zur-8-hausmesse-in-scheyern-duale-studiengaenge-berufliche-perspektiven","status":"publish","type":"post","link":"https:\/\/bos-scheyern.de\/bo\/?p=6789","title":{"rendered":"Impressionen zur 8. Hausmesse in Scheyern: Duale Studieng\u00e4nge &#038; berufliche Perspektiven"},"content":{"rendered":"\n<p><\/p>\n\n\n\n<div class=\"wp-block-image is-style-default\"><figure class=\"aligncenter size-large is-resized\"><img loading=\"lazy\" src=\"https:\/\/bos-scheyern.de\/bo\/wp-content\/uploads\/2025\/10\/Bild1-1024x683.jpg\" alt=\"\" class=\"wp-image-6790\" width=\"768\" height=\"512\" srcset=\"https:\/\/bos-scheyern.de\/bo\/wp-content\/uploads\/2025\/10\/Bild1-1024x683.jpg 1024w, https:\/\/bos-scheyern.de\/bo\/wp-content\/uploads\/2025\/10\/Bild1-300x200.jpg 300w, https:\/\/bos-scheyern.de\/bo\/wp-content\/uploads\/2025\/10\/Bild1-768x512.jpg 768w, https:\/\/bos-scheyern.de\/bo\/wp-content\/uploads\/2025\/10\/Bild1-1536x1024.jpg 1536w, https:\/\/bos-scheyern.de\/bo\/wp-content\/uploads\/2025\/10\/Bild1-2048x1365.jpg 2048w\" sizes=\"(max-width: 768px) 100vw, 768px\" \/><\/figure><\/div>\n\n\n\n<p>Bereits zum 8. Mal konnte am 25.09.2025 an der FOSBOS Scheyern die Hausmesse als ein Projekt der regionalen akademischen und beruflichen Orientierung f\u00fcr Sch\u00fclerinnen und Sch\u00fcler der Oberstufe durchgef\u00fchrt werden. Wie gewohnt fand die Messe im Wittelsbacher Saal des Scheyerer Klosters statt. \u00dcber 20 Firmen, Beh\u00f6rden und akademische Einrichtungen aus der Region nahmen an dieser breitgef\u00e4cherten und beliebten Informationsveranstaltung teil. So waren neben namenhaften Firmen wie Airbus, Bauer und Hipp auch die TH Ingolstadt und die KU Eichst\u00e4tt vertreten. Im Bereich Sozialwesen beteiligten sich beispielsweise die Caritas, das Landratsamt Pfaffenhofen sowie die Werkst\u00e4tte Regens-Wagner aus Hohenwart. An deren und zahlreichen weiteren St\u00e4nden konnten sich die interessierten Jugendlichen \u00fcber die verschiedenen Ausbildungsm\u00f6glichkeiten informieren und wertvolle pers\u00f6nliche Kontakte kn\u00fcpfen. Dieses Angebot wurde nicht nur von den Sch\u00fclerinnen und Sch\u00fclern der FOSBOS Scheyern, sondern auch von Interessenten anderer weiterf\u00fchrender Schulen aus dem Landkreis Pfaffenhofen sowie den Nachbarlandkreisen rege genutzt. Zus\u00e4tzlich zu der eigentlichen Messe war ein abwechslungsreiches Rahmenprogramm geboten. Dieses umfasste neben jeweils einem Vortrag der TH Ingolstadt und der KU Eichst\u00e4tt auch eine Vorstellung des Dualen Studiums im \u00f6ffentlichen Dienst und einen Erfahrungsbericht von Nachwuchskr\u00e4ften der BayernLB. Zudem fand eine Podiumsdiskussion \u00fcber die Arbeit in sozialen Berufen statt, an der Elke D\u00fcrr als Leiterin des Jugendamtes Pfaffenhofen, Benjamin Doppler, Bereichsleiter der Regens-Wagner-Werkst\u00e4tte, sowie Prof. Dr. J\u00fcrgen Zerth, Inhaber des Lehrstuhls f\u00fcr Management in Einrichtungen des Sozial- und Gesundheitswesens an der KU Eichst\u00e4tt, und Michael Stichlmair, Sozialberater der Caritas Neuburg-Schrobenhausen, teilnahmen. Organisiert wurde die Messe von Rudi Pawlitschko, Beratungslehrer an der FOSBOS Scheyern, und Daniela Doppler, Schulbeauftragte f\u00fcr die fpA, die von engagierten Sch\u00fclerinnen und Sch\u00fclern und dem fpA-Team unterst\u00fctzt wurden.<\/p>\n\n\n\n<p>Wie auch die diesbez\u00fcgliche Berichterstattung in den regionalen Medien nahelegt, konnte die diesj\u00e4hrige Hausmesse der FOSBOS Scheyern mit diesem vielf\u00e4ltigen und f\u00fcr alle Beteiligten gewinnbringenden Programm einen wertvollen Beitrag zur Er\u00f6ffnung neuer akademischer und beruflicher Perspektiven in der Region leisten.<\/p>\n\n\n\n<p>Auch im n\u00e4chsten Schuljahr wird die Berufs- und Studienmesse am 24.09.2026 wieder in der bew\u00e4hrten Form stattfinden.<\/p>\n\n\n\n<p>Lesen Sie hier die Berichterstattung der \u00f6rtlichen Presse: <\/p>\n\n\n\n<p><a href=\"https:\/\/bos-scheyern.de\/bo\/wp-content\/uploads\/2025\/11\/Screenshot-2025-09-30.png\" data-type=\"URL\" data-id=\"https:\/\/bos-scheyern.de\/bo\/wp-content\/uploads\/2025\/11\/Screenshot-2025-09-30.png\">Pfaffenhofener Kurier (erschienen am 30.09.2025)<\/a><\/p>\n\n\n\n<p><a href=\"https:\/\/bos-scheyern.de\/bo\/wp-content\/uploads\/2025\/11\/Screenshot-2025-10-14.png\" data-type=\"URL\" data-id=\"https:\/\/bos-scheyern.de\/bo\/wp-content\/uploads\/2025\/11\/Screenshot-2025-10-14.png\">Bericht in der Schrobenhausener Zeitung (erschienen am 14.10.2025)<\/a><\/p>\n","protected":false},"excerpt":{"rendered":"<p>Bereits zum 8. Mal konnte am 25.09.2025 an der FOSBOS Scheyern die Hausmesse als ein Projekt der regionalen akademischen und beruflichen Orientierung f\u00fcr Sch\u00fclerinnen und Sch\u00fcler der Oberstufe durchgef\u00fchrt werden. <a class=\"more-link\" href=\"https:\/\/bos-scheyern.de\/bo\/?p=6789\">weiterlesen<span class=\"screen-reader-text\">Impressionen zur 8. Hausmesse in Scheyern: Duale Studieng\u00e4nge &#038; berufliche Perspektiven<\/span><span class=\"meta-nav\">\u2192<\/span><\/a><\/p>\n","protected":false},"author":14,"featured_media":6790,"comment_status":"closed","ping_status":"closed","sticky":false,"template":"","format":"standard","meta":[],"categories":[11],"tags":[],"_links":{"self":[{"href":"https:\/\/bos-scheyern.de\/bo\/index.php?rest_route=\/wp\/v2\/posts\/6789"}],"collection":[{"href":"https:\/\/bos-scheyern.de\/bo\/index.php?rest_route=\/wp\/v2\/posts"}],"about":[{"href":"https:\/\/bos-scheyern.de\/bo\/index.php?rest_route=\/wp\/v2\/types\/post"}],"author":[{"embeddable":true,"href":"https:\/\/bos-scheyern.de\/bo\/index.php?rest_route=\/wp\/v2\/users\/14"}],"replies":[{"embeddable":true,"href":"https:\/\/bos-scheyern.de\/bo\/index.php?rest_route=%2Fwp%2Fv2%2Fcomments&post=6789"}],"version-history":[{"count":2,"href":"https:\/\/bos-scheyern.de\/bo\/index.php?rest_route=\/wp\/v2\/posts\/6789\/revisions"}],"predecessor-version":[{"id":6796,"href":"https:\/\/bos-scheyern.de\/bo\/index.php?rest_route=\/wp\/v2\/posts\/6789\/revisions\/6796"}],"wp:featuredmedia":[{"embeddable":true,"href":"https:\/\/bos-scheyern.de\/bo\/index.php?rest_route=\/wp\/v2\/media\/6790"}],"wp:attachment":[{"href":"https:\/\/bos-scheyern.de\/bo\/index.php?rest_route=%2Fwp%2Fv2%2Fmedia&parent=6789"}],"wp:term":[{"taxonomy":"category","embeddable":true,"href":"https:\/\/bos-scheyern.de\/bo\/index.php?rest_route=%2Fwp%2Fv2%2Fcategories&post=6789"},{"taxonomy":"post_tag","embeddable":true,"href":"https:\/\/bos-scheyern.de\/bo\/index.php?rest_route=%2Fwp%2Fv2%2Ftags&post=6789"}],"curies":[{"name":"wp","href":"https:\/\/api.w.org\/{rel}","templated":true}]}}