{"id":6844,"date":"2025-12-19T20:17:30","date_gmt":"2025-12-19T19:17:30","guid":{"rendered":"https:\/\/bos-scheyern.de\/bo\/?p=6844"},"modified":"2025-12-19T20:19:46","modified_gmt":"2025-12-19T19:19:46","slug":"weihnachtsstimmung-zum-jahresausklang-an-der-fosbos-scheyern","status":"publish","type":"post","link":"https:\/\/bos-scheyern.de\/bo\/?p=6844","title":{"rendered":"Weihnachtsstimmung zum Jahresausklang an der FOSBOS Scheyern"},"content":{"rendered":"\n<div class=\"wp-block-image is-style-default\"><figure class=\"aligncenter size-full is-resized\"><img loading=\"lazy\" src=\"https:\/\/bos-scheyern.de\/bo\/wp-content\/uploads\/2025\/12\/IMG_2408-scaled.jpg\" alt=\"\" class=\"wp-image-6846\" width=\"640\" height=\"480\" srcset=\"https:\/\/bos-scheyern.de\/bo\/wp-content\/uploads\/2025\/12\/IMG_2408-scaled.jpg 2560w, https:\/\/bos-scheyern.de\/bo\/wp-content\/uploads\/2025\/12\/IMG_2408-300x225.jpg 300w, https:\/\/bos-scheyern.de\/bo\/wp-content\/uploads\/2025\/12\/IMG_2408-1024x768.jpg 1024w, https:\/\/bos-scheyern.de\/bo\/wp-content\/uploads\/2025\/12\/IMG_2408-200x150.jpg 200w, https:\/\/bos-scheyern.de\/bo\/wp-content\/uploads\/2025\/12\/IMG_2408-768x576.jpg 768w, https:\/\/bos-scheyern.de\/bo\/wp-content\/uploads\/2025\/12\/IMG_2408-1536x1152.jpg 1536w, https:\/\/bos-scheyern.de\/bo\/wp-content\/uploads\/2025\/12\/IMG_2408-2048x1536.jpg 2048w\" sizes=\"(max-width: 640px) 100vw, 640px\" \/><\/figure><\/div>\n\n\n\n<p>Der Dezember wurde an der FOSBOS Scheyern wieder von zahlreichen Aktionen begleitet, welche der Schulgemeinschaft die M\u00f6glichkeit boten, sich trotz der schulischen Aufgaben und der Hektik des Alltags auf das n\u00e4her r\u00fcckende Weihnachtsfest einzustimmen.<\/p>\n\n\n\n<p>So starteten p\u00fcnktlich zu Beginn der Vorweihnachtszeit wieder die <strong>allj\u00e4hrlichen Adventsimpulse<\/strong>, mit denen die \u201eSchule ohne Rassismus, Schule mit Courage\u201c-AG zentrale gesellschaftliche Aspekte in den Fokus r\u00fcckte. In diesem Jahr standen die Beitr\u00e4ge unter dem Motto \u201eSternstunden der Zukunft&#8220;. Dabei wurden in den Klassen vielversprechende Entwicklungen in verschiedenen gesellschaftlichen Bereichen thematisiert. So standen zum Beispiel wichtige Errungenschaften in den Bereichen Medizin und K\u00fcnstlicher Intelligenz im Vordergrund. Das Augenmerk wurde aber auch auf einzelne herausragende Pers\u00f6nlichkeiten gelegt, die durch soziales Engagement oder zivilen Ungehorsam \u201eeinen Funken entz\u00fcndet\u201c und zu einer positiven Entwicklung in ihren L\u00e4ndern beigetragen haben. In diesem Kontext wurde auch die Wichtigkeit internationaler Solidarit\u00e4t und humanit\u00e4rer Hilfe \u00fcber Landesgrenzen hinweg deutlich. Die Sch\u00fclerinnen und Sch\u00fcler hatten die Gelegenheit, sich mit diesen facettenreichen Aspekten auf kreative Weise auseinanderzusetzen und Plakate, Zeitungsartikel sowie Bilder zu diesen Themenbereichen zu gestalten. Ein Teil davon wird im M\u00e4rz 2026 auch bei den \u201eWochen gegen Rassismus&#8220; der Stadt Pfaffenhofen&nbsp;im Landratsamt ausgestellt werden.<\/p>\n\n\n\n<p>Der von der SMV mit Unterst\u00fctzung des Klosters und der Lehrerschaft organisierte <strong>Christkindlmarkt<\/strong> am 04.12.2025 wiederum bot der Schulfamilie die M\u00f6glichkeit zu einem gem\u00fctlichen Beisammensein mit Punsch und Gl\u00fchwein. Dabei konnten sich die G\u00e4ste auch mit liebevoll gebackenen Pl\u00e4tzchen und Kuchen sowie mit weiteren von den Sch\u00fclern zubereiteten Leckereien st\u00e4rken.<\/p>\n\n\n\n<p>Die Schulgemeinschaft der FOSBOS Scheyern beteiligte sich dar\u00fcber hinaus erneut an der <strong>Aktion des Johanniter Weihnachtstruckers <\/strong>und packte flei\u00dfig Weihnachtspakete f\u00fcr hilfsbed\u00fcrftige Menschen in Deutschland und S\u00fcdosteuropa. Damit setzte die Schule auch dieses Jahr wieder ein Zeichen der Solidarit\u00e4t, N\u00e4chstenliebe und Hoffnung.<\/p>\n\n\n\n<p>Den H\u00f6hepunkt und zugleich Abschluss der Adventszeit an der FOSBOS Scheyern bildete die <strong>traditionelle Weihnachtsfeier am letzten Schultag<\/strong> vor den Weihnachtsferien, die von der Schulleitung, der Lehrerschaft und der SMV gleicherma\u00dfen gestaltet wurde. So kamen die Sch\u00fclerinnen und Sch\u00fcler mit ihrer Klassenleitung in einer gem\u00fctlichen Runde im Klassenzimmer zusammen, um Pl\u00e4tzchen und Punsch zu genie\u00dfen. Im stimmungsvollen Wittelsbacher Saal des Klosters Scheyern wurden zudem die von den Klassen im Vorfeld selbstverfassten Gedichte vorgetragen, was oftmals f\u00fcr Schmunzeln und Gel\u00e4chter im Publikum sorgte. Dar\u00fcber hinaus konnte man \u2013 je nach pers\u00f6nlicher Pr\u00e4ferenz \u2013 entweder in der besinnlichen Atmosph\u00e4re der Basilika Scheyern dem von den Religionslehrern der Schule gestalteten traditionellen Weihnachtsgottesdienst beiwohnen oder an einem von den Ethiklehrern initiierten Workshop zu dem Thema \u201eFrieden\u201c teilnehmen. Damit fand das Jahr 2025 an der FOSBOS Scheyern einen sch\u00f6nen Abschluss und die Schulgemeinschaft konnte in die wohlverdienten Weihnachtsferien starten. Wir w\u00fcnschen allen frohe Weihnachten und einen guten Rutsch in das neue Jahr!<\/p>\n\n\n\n<p><em>Text: StRin Sabine Schorn<\/em><\/p>\n","protected":false},"excerpt":{"rendered":"<p>Der Dezember wurde an der FOSBOS Scheyern wieder von zahlreichen Aktionen begleitet, welche der Schulgemeinschaft die M\u00f6glichkeit boten, sich trotz der schulischen Aufgaben und der Hektik des Alltags auf das <a class=\"more-link\" href=\"https:\/\/bos-scheyern.de\/bo\/?p=6844\">weiterlesen<span class=\"screen-reader-text\">Weihnachtsstimmung zum Jahresausklang an der FOSBOS Scheyern<\/span><span class=\"meta-nav\">\u2192<\/span><\/a><\/p>\n","protected":false},"author":14,"featured_media":6846,"comment_status":"closed","ping_status":"closed","sticky":false,"template":"","format":"standard","meta":[],"categories":[11],"tags":[],"_links":{"self":[{"href":"https:\/\/bos-scheyern.de\/bo\/index.php?rest_route=\/wp\/v2\/posts\/6844"}],"collection":[{"href":"https:\/\/bos-scheyern.de\/bo\/index.php?rest_route=\/wp\/v2\/posts"}],"about":[{"href":"https:\/\/bos-scheyern.de\/bo\/index.php?rest_route=\/wp\/v2\/types\/post"}],"author":[{"embeddable":true,"href":"https:\/\/bos-scheyern.de\/bo\/index.php?rest_route=\/wp\/v2\/users\/14"}],"replies":[{"embeddable":true,"href":"https:\/\/bos-scheyern.de\/bo\/index.php?rest_route=%2Fwp%2Fv2%2Fcomments&post=6844"}],"version-history":[{"count":2,"href":"https:\/\/bos-scheyern.de\/bo\/index.php?rest_route=\/wp\/v2\/posts\/6844\/revisions"}],"predecessor-version":[{"id":6848,"href":"https:\/\/bos-scheyern.de\/bo\/index.php?rest_route=\/wp\/v2\/posts\/6844\/revisions\/6848"}],"wp:featuredmedia":[{"embeddable":true,"href":"https:\/\/bos-scheyern.de\/bo\/index.php?rest_route=\/wp\/v2\/media\/6846"}],"wp:attachment":[{"href":"https:\/\/bos-scheyern.de\/bo\/index.php?rest_route=%2Fwp%2Fv2%2Fmedia&parent=6844"}],"wp:term":[{"taxonomy":"category","embeddable":true,"href":"https:\/\/bos-scheyern.de\/bo\/index.php?rest_route=%2Fwp%2Fv2%2Fcategories&post=6844"},{"taxonomy":"post_tag","embeddable":true,"href":"https:\/\/bos-scheyern.de\/bo\/index.php?rest_route=%2Fwp%2Fv2%2Ftags&post=6844"}],"curies":[{"name":"wp","href":"https:\/\/api.w.org\/{rel}","templated":true}]}}