{"id":6857,"date":"2026-01-07T09:43:07","date_gmt":"2026-01-07T08:43:07","guid":{"rendered":"https:\/\/bos-scheyern.de\/bo\/?p=6857"},"modified":"2026-01-07T09:51:02","modified_gmt":"2026-01-07T08:51:02","slug":"adventsimpulse-2025-sternstunden-der-zukunft","status":"publish","type":"post","link":"https:\/\/bos-scheyern.de\/bo\/?p=6857","title":{"rendered":"Adventsimpulse 2025: \u201eSternstunden der Zukunft\u201c"},"content":{"rendered":"\n<div class=\"wp-block-media-text alignwide has-media-on-the-right is-stacked-on-mobile\"><figure class=\"wp-block-media-text__media\"><img src=\"https:\/\/bos-scheyern.de\/bo\/wp-content\/uploads\/2026\/01\/Fenster_Advent-scaled-e1767775603782-614x1024.jpeg\" alt=\"\" class=\"wp-image-6859 size-full\"\/><\/figure><div class=\"wp-block-media-text__content\">\n<p>In den vier Wochen vor Weihnachten standen die diesj\u00e4hrigen Adventsimpulse unter dem Leitthema <strong>\u201eSternstunden der Zukunft\u201c<\/strong>. Ziel war es, bewusst einen positiven Blick in die Zukunft zu werfen und sich zu \u00fcberlegen, welche Entwicklungen und Erfindungen unser Leben gerechter, solidarischer und lebenswerter machen k\u00f6nnen. Gerade angesichts globaler Krisen, gesellschaftlicher Spannungen und gro\u00dfer Unsicherheiten sollten die Impulse Mut machen und verdeutlichen, dass Ver\u00e4nderung m\u00f6glich ist und oft fr\u00fcher beginnt, als man denkt.<\/p>\n\n\n\n<p>Der erste Adventsimpuls griff das Motto <strong>\u201eEin Funke gen\u00fcgt\u201c<\/strong> auf und lenkte den Blick auf Menschen, die durch ihr Engagement und Wirken oder durch Akte zivilen Ungehorsams gro\u00dfe gesellschaftliche Ver\u00e4nderungen angesto\u00dfen haben. Die Sch\u00fclerinnen und Sch\u00fcler setzten sich mit der Erkenntnis auseinander, dass es h\u00e4ufig einzelne mutige Entscheidungen sind, aus denen ganze Bewegungen entstehen. Pers\u00f6nlichkeiten wie Nelson Mandela, Rosa Parks oder Mahatma Gandhi standen exemplarisch f\u00fcr diesen Gedanken, ebenso wie der Kampf um das Frauenwahlrecht, f\u00fcr Gleichberechtigung, freie sexuelle Identifikation oder Umwelt- und Klimagerechtigkeit. So wurde deutlich, dass auch kleine Schritte im Alltag eine gesellschaftliche Wirkung entfalten k\u00f6nnen. Als Zukunftsvision entstand eine international freie und gleichberechtigte Gesellschaft, in der junge Menschen den Mut haben, eigene \u00dcberzeugungen zu vertreten und ihre Ideen aktiv umzusetzen.<\/p>\n<\/div><\/div>\n\n\n\n<p>Im zweiten Adventsimpuls stand das Motto <strong>\u201eTechnologien der Zukunft\u201c<\/strong> im Mittelpunkt. Diskutiert wurde, wie digitale Entwicklungen und K\u00fcnstliche Intelligenz das Leben bereits heute erleichtern und k\u00fcnftig noch st\u00e4rker pr\u00e4gen k\u00f6nnen. \u201eSmart Cities\u201c, autonomes Fahren, effizientere Alltagstechnologien oder neue Anwendungen in Wirtschaft, Bildung und Gesundheitswesen seien hier exemplarisch zu nennen. Die Sch\u00fclerinnen und Sch\u00fcler setzten sich kritisch mit der Frage auseinander, in welchen Bereichen KI zu mehr Effizienz, Komfort und Teilhabe beitragen kann und ob sie sogar helfen k\u00f6nnte, eine offene und vielf\u00e4ltige Gesellschaft zu f\u00f6rdern. Die entstehenden Zukunftsbilder reichten von interaktiven Klassenzimmern \u00fcber moderne Museen und Bibliotheken bis hin zu innovativen Arbeitswelten und einer verbesserten medizinischen Versorgung.<\/p>\n\n\n\n<p>Unter dem Motto <strong>\u201eSolidarit\u00e4t kennt keine Grenzen\u201c<\/strong> r\u00fcckte der dritte Adventsimpuls die internationale Verantwortung in den Fokus. Anhand von Beispielen aus der Katastrophenhilfe, der Entwicklungszusammenarbeit und dem kulturellen Austausch wurde sichtbar, wie vielf\u00e4ltig globale Solidarit\u00e4t bereits gelebt wird. Meilensteine wie die <em>Allgemeine Erkl\u00e4rung der Menschenrechte<\/em> von 1948 oder die <em>UN-Kinderrechtskonvention<\/em> von 1989, das Engagement internationaler Organisationen wie <em>Amnesty International<\/em> oder <em>\u00c4rzte ohne Grenzen<\/em> sowie Bewegungen und Initiativen wie <em>Fair Trade<\/em> oder <em>Black Lives Matter<\/em> zeigten, dass bereits viel erreicht wurde. Gleichzeitig wurde betont, dass Solidarit\u00e4t nicht nur auf internationaler Ebene stattfindet, sondern auch im Alltag beginnt. Jeder einzelne kann durch Spenden, freiwilliges Engagement oder ein respektvolles Miteinander eine solidarische Gemeinschaft pr\u00e4gen und f\u00f6rdern. Als positives Zukunftsszenario konnte man sich eine solidarische Weltgemeinschaft, in der die Schere zwischen Arm und Reich deutlich kleiner ist, vorstellen.<\/p>\n\n\n\n<p>Der vierte Adventsimpuls stand unter dem Leitgedanken <strong>\u201eSternstunden der Medizin\u201c<\/strong> und widmete sich den gro\u00dfen medizinischen Durchbr\u00fcchen der Geschichte. Von grundlegenden Entwicklungen wie dem Kaiserschnitt, Operationen unter Narkose und Hygienema\u00dfnahmen zur Infektionsvermeidung \u00fcber die Entdeckung des Penizillins bis hin zu Impfungen und modernen biotechnologischen Verfahren wie der Genschere CRISPR\/Cas9 wurde deutlich, wie sehr medizinischer Fortschritt das Leben von Millionen Menschen verbessert und gerettet hat. Darauf aufbauend entwarfen die Sch\u00fclerinnen und Sch\u00fcler Zukunftsvisionen, in denen weitere Krankheiten bek\u00e4mpft, neue Heilmethoden entwickelt und medizinische Versorgung gerechter zug\u00e4nglich gemacht werden.<\/p>\n\n\n\n<p>W\u00e4hrend der Adventsimpulse regten \u00fcbergeordnete Leitfragen wie \u201eWas hat sich im Vergleich zu heute ver\u00e4ndert?\u201c, \u201eWie sieht die Welt von morgen aus?\u201c oder \u201eWelcher Moment hat diese Zukunft entscheidend gepr\u00e4gt?\u201c zur Reflexion an. Die Sch\u00fclerinnen und Sch\u00fcler entwickelten Ideen zu Erfindungen oder gesellschaftlichen Wendepunkten, die sp\u00e4ter als echte \u201eSternstunden\u201c gelten k\u00f6nnten, und setzten sich dabei auch mit ethischen Fragen und m\u00f6glichen Risiken auseinander.<\/p>\n\n\n\n<p>Im Rahmen der Adventsimpulse entstanden zahlreiche Plakate, die diese Zukunftsvisionen sichtbar machen. Diese Arbeiten werden im M\u00e4rz 2026 w\u00e4hrend der <strong>\u201eWochen gegen Rassismus\u201c<\/strong> der Stadt Pfaffenhofen im Landratsamt ausgestellt. F\u00fcr einen besonders stimmungsvollen Rahmen sorgte zudem die Gestaltung des Schulgeb\u00e4udes: Die Fenster des B-Baus wurden mit Lichterketten und Sternen dekoriert und boten vor allem in den fr\u00fchen Morgenstunden ein eindrucksvolles Bild. So wurden die Adventsimpulse nicht nur inhaltlich, sondern auch visuell zu einem starken Zeichen daf\u00fcr, dass Hoffnung, Engagement und Zukunftsdenken an unserer Schule fest verankert sind.<\/p>\n","protected":false},"excerpt":{"rendered":"<p>In den vier Wochen vor Weihnachten standen die diesj\u00e4hrigen Adventsimpulse unter dem Leitthema \u201eSternstunden der Zukunft\u201c. Ziel war es, bewusst einen positiven Blick in die Zukunft zu werfen und sich <a class=\"more-link\" href=\"https:\/\/bos-scheyern.de\/bo\/?p=6857\">weiterlesen<span class=\"screen-reader-text\">Adventsimpulse 2025: \u201eSternstunden der Zukunft\u201c<\/span><span class=\"meta-nav\">\u2192<\/span><\/a><\/p>\n","protected":false},"author":14,"featured_media":6859,"comment_status":"closed","ping_status":"closed","sticky":false,"template":"","format":"standard","meta":[],"categories":[11],"tags":[],"_links":{"self":[{"href":"https:\/\/bos-scheyern.de\/bo\/index.php?rest_route=\/wp\/v2\/posts\/6857"}],"collection":[{"href":"https:\/\/bos-scheyern.de\/bo\/index.php?rest_route=\/wp\/v2\/posts"}],"about":[{"href":"https:\/\/bos-scheyern.de\/bo\/index.php?rest_route=\/wp\/v2\/types\/post"}],"author":[{"embeddable":true,"href":"https:\/\/bos-scheyern.de\/bo\/index.php?rest_route=\/wp\/v2\/users\/14"}],"replies":[{"embeddable":true,"href":"https:\/\/bos-scheyern.de\/bo\/index.php?rest_route=%2Fwp%2Fv2%2Fcomments&post=6857"}],"version-history":[{"count":3,"href":"https:\/\/bos-scheyern.de\/bo\/index.php?rest_route=\/wp\/v2\/posts\/6857\/revisions"}],"predecessor-version":[{"id":6863,"href":"https:\/\/bos-scheyern.de\/bo\/index.php?rest_route=\/wp\/v2\/posts\/6857\/revisions\/6863"}],"wp:featuredmedia":[{"embeddable":true,"href":"https:\/\/bos-scheyern.de\/bo\/index.php?rest_route=\/wp\/v2\/media\/6859"}],"wp:attachment":[{"href":"https:\/\/bos-scheyern.de\/bo\/index.php?rest_route=%2Fwp%2Fv2%2Fmedia&parent=6857"}],"wp:term":[{"taxonomy":"category","embeddable":true,"href":"https:\/\/bos-scheyern.de\/bo\/index.php?rest_route=%2Fwp%2Fv2%2Fcategories&post=6857"},{"taxonomy":"post_tag","embeddable":true,"href":"https:\/\/bos-scheyern.de\/bo\/index.php?rest_route=%2Fwp%2Fv2%2Ftags&post=6857"}],"curies":[{"name":"wp","href":"https:\/\/api.w.org\/{rel}","templated":true}]}}