{"id":703,"date":"2015-02-10T08:00:46","date_gmt":"2015-02-10T08:00:46","guid":{"rendered":"http:\/\/cms2.bos-scheyern.de\/?p=703"},"modified":"2015-05-19T10:10:36","modified_gmt":"2015-05-19T10:10:36","slug":"us-veteranen-ehren-marcus-siebler","status":"publish","type":"post","link":"https:\/\/bos-scheyern.de\/bo\/?p=703","title":{"rendered":"US-Veteranen ehren Marcus Siebler"},"content":{"rendered":"<p><strong>Diese Schlagzeile war im Oktober 2014 im <em>Pfaffenhofener Kurier<\/em> erschienen, und sie bildete den Ansto\u00df, den Filmemacher aus Gerolsbach an unsere Schule einzuladen.<\/strong><\/p>\n<p><a href=\"https:\/\/bos-scheyern.de\/bo\/wp-content\/uploads\/2015\/02\/Siebler21.jpg\"><img loading=\"lazy\" class=\"alignnone size-full wp-image-718\" src=\"https:\/\/bos-scheyern.de\/bo\/wp-content\/uploads\/2015\/02\/Siebler21.jpg\" alt=\"Siebler2\" width=\"550\" height=\"389\" srcset=\"https:\/\/bos-scheyern.de\/bo\/wp-content\/uploads\/2015\/02\/Siebler21.jpg 550w, https:\/\/bos-scheyern.de\/bo\/wp-content\/uploads\/2015\/02\/Siebler21-300x212.jpg 300w\" sizes=\"(max-width: 550px) 100vw, 550px\" \/><\/a><\/p>\n<p>&nbsp;<\/p>\n<p>Marcus Siebler hat mit seinem Dokumentarfilm <strong>13. Juni 1944<\/strong> nicht nur in den USA f\u00fcr Aufsehen gesorgt: Die Dokumentation \u00fcber die Ermordung von drei Crewmitgliedern eines abgeschossenen US-Bombers durch fanatische Nationalsozialisten im Zweiten Weltkrieg wurde in Deutschland von mehreren tausend Besuchern gesehen. Zusammen mit der Doku <strong><em>13,5 km<\/em><\/strong> wurde der Film auch schon im Fernsehen (von <em>BR-alpha<\/em>) gesendet.<\/p>\n<figure id=\"attachment_704\" aria-describedby=\"caption-attachment-704\" style=\"width: 252px\" class=\"wp-caption alignleft\"><a href=\"https:\/\/bos-scheyern.de\/bo\/wp-content\/uploads\/2015\/02\/Siebler1.jpg\"><img loading=\"lazy\" class=\"wp-image-704 \" src=\"https:\/\/bos-scheyern.de\/bo\/wp-content\/uploads\/2015\/02\/Siebler1.jpg\" alt=\"Siebler1\" width=\"252\" height=\"217\" srcset=\"https:\/\/bos-scheyern.de\/bo\/wp-content\/uploads\/2015\/02\/Siebler1.jpg 1385w, https:\/\/bos-scheyern.de\/bo\/wp-content\/uploads\/2015\/02\/Siebler1-300x259.jpg 300w, https:\/\/bos-scheyern.de\/bo\/wp-content\/uploads\/2015\/02\/Siebler1-768x662.jpg 768w, https:\/\/bos-scheyern.de\/bo\/wp-content\/uploads\/2015\/02\/Siebler1-1024x883.jpg 1024w\" sizes=\"(max-width: 252px) 100vw, 252px\" \/><\/a><figcaption id=\"caption-attachment-704\" class=\"wp-caption-text\">Marcus Siebler im Gespr\u00e4ch mit der Fachbetreuerin f\u00fcr Deutsch-Geschichte-Sozialkunde, Dagmar Zalten-Egger (StD)<\/figcaption><\/figure>\n<p>Den Sch\u00fclern aus f\u00fcnf 12. und 13. Klassen wurden beide Filme vorgef\u00fchrt. Marcus Siebler berichtete \u00fcber seine Recherchen und bot interessante Einblicke in die Entstehung solcher Filme. Die in beiden Produktionen dokumentierten Kriegsverbrechen (13,5 km rekonstruiert einen Todesmarsch j\u00fcdischer KZ-H\u00e4ftlinge durch die Hallertau) erzeugten bei unseren jungen Zuh\u00f6rern Betroffenheit und Nachdenklichkeit.<\/p>\n<p>(Veranstaltung vom 22.12.2014)<\/p>\n","protected":false},"excerpt":{"rendered":"<p>Diese Schlagzeile war im Oktober 2014 im Pfaffenhofener Kurier erschienen, und sie bildete den Ansto\u00df, den Filmemacher aus Gerolsbach an unsere Schule einzuladen. &nbsp; Marcus Siebler hat mit seinem Dokumentarfilm <a class=\"more-link\" href=\"https:\/\/bos-scheyern.de\/bo\/?p=703\">weiterlesen<span class=\"screen-reader-text\">US-Veteranen ehren Marcus Siebler<\/span><span class=\"meta-nav\">\u2192<\/span><\/a><\/p>\n","protected":false},"author":5,"featured_media":705,"comment_status":"closed","ping_status":"closed","sticky":false,"template":"","format":"standard","meta":[],"categories":[11],"tags":[],"_links":{"self":[{"href":"https:\/\/bos-scheyern.de\/bo\/index.php?rest_route=\/wp\/v2\/posts\/703"}],"collection":[{"href":"https:\/\/bos-scheyern.de\/bo\/index.php?rest_route=\/wp\/v2\/posts"}],"about":[{"href":"https:\/\/bos-scheyern.de\/bo\/index.php?rest_route=\/wp\/v2\/types\/post"}],"author":[{"embeddable":true,"href":"https:\/\/bos-scheyern.de\/bo\/index.php?rest_route=\/wp\/v2\/users\/5"}],"replies":[{"embeddable":true,"href":"https:\/\/bos-scheyern.de\/bo\/index.php?rest_route=%2Fwp%2Fv2%2Fcomments&post=703"}],"version-history":[{"count":7,"href":"https:\/\/bos-scheyern.de\/bo\/index.php?rest_route=\/wp\/v2\/posts\/703\/revisions"}],"predecessor-version":[{"id":1158,"href":"https:\/\/bos-scheyern.de\/bo\/index.php?rest_route=\/wp\/v2\/posts\/703\/revisions\/1158"}],"wp:featuredmedia":[{"embeddable":true,"href":"https:\/\/bos-scheyern.de\/bo\/index.php?rest_route=\/wp\/v2\/media\/705"}],"wp:attachment":[{"href":"https:\/\/bos-scheyern.de\/bo\/index.php?rest_route=%2Fwp%2Fv2%2Fmedia&parent=703"}],"wp:term":[{"taxonomy":"category","embeddable":true,"href":"https:\/\/bos-scheyern.de\/bo\/index.php?rest_route=%2Fwp%2Fv2%2Fcategories&post=703"},{"taxonomy":"post_tag","embeddable":true,"href":"https:\/\/bos-scheyern.de\/bo\/index.php?rest_route=%2Fwp%2Fv2%2Ftags&post=703"}],"curies":[{"name":"wp","href":"https:\/\/api.w.org\/{rel}","templated":true}]}}