{"id":981,"date":"2015-03-18T11:52:08","date_gmt":"2015-03-18T11:52:08","guid":{"rendered":"https:\/\/bos-scheyern.de\/bo\/?p=981"},"modified":"2015-06-19T13:59:59","modified_gmt":"2015-06-19T13:59:59","slug":"daenische-schuelergruppe-zu-gast-an-der-bos-scheyern","status":"publish","type":"post","link":"https:\/\/bos-scheyern.de\/bo\/?p=981","title":{"rendered":"D\u00e4nische Sch\u00fclergruppe zu Gast an der BO Scheyern"},"content":{"rendered":"<p><a href=\"https:\/\/bos-scheyern.de\/bo\/wp-content\/uploads\/2015\/03\/dan1.jpg\"><img loading=\"lazy\" class=\"  wp-image-982 alignleft\" src=\"https:\/\/bos-scheyern.de\/bo\/wp-content\/uploads\/2015\/03\/dan1.jpg\" alt=\"dan1\" width=\"307\" height=\"209\" \/><\/a> Eine automatische Ballwurfmaschine, selbstaufl\u00f6sende M\u00fcllbeutel und ein Fahrraddynamo mit Handyladestation \u2013 die Projekte, die die d\u00e4nischen Sch\u00fcler des TEC Ballerup zu Beginn ihres einw\u00f6chigen Aufenthalts in Scheyern vorstellten, erregten die Aufmerksamkeit der Zuh\u00f6rer. Neun Jugendliche und drei Lehrkr\u00e4fte waren im Rahmen des europ\u00e4ischen Erasmus+Austauschprogramms nach Bayern gekommen, um gemeinsam an verschiedenen Themen zu \u201eCleanTech &amp; Green Energy\u201c weiterzuarbeiten. Seit 2014 sind die BO Scheyern und das technische Gymnasium aus der N\u00e4he von Kopenhagen offizielle Partnerschulen. Die Scheyerer Sch\u00fcler waren im Herbst letzten Jahres zu Gast in D\u00e4nemark, nun fand der Gegenbesuch statt. Akribisch wurde durch das Lehrerteam \u201eAu\u00dfenkontakte\u201c der BO Scheyern ein Programm zu Energiekonzepten, Windenergie und Geb\u00e4udetechnik zusammengestellt. So waren verschiedene Experten in den neuen Studiersaal geladen, wo auch das Energiespardorf f\u00fcr einen Workshop aufgebaut war. Weiter waren Besichtigungen und Vortr\u00e4ge Teil des Programms. Die internationale Gruppe aus Sch\u00fclern und Lehrern besuchte unter anderem ein Energie-Plus-Haus in Pfaffenhofen, die TH Ingolstadt sowie eine Windturbine in Paunzhausen. Dass auch in Bayern Windkraft vermehrt genutzt wird, fanden die Besucher aus dem Norden besonders interessant, hat D\u00e4nemark in dieser Hinsicht doch eine gewisse Vorreiterrolle inne. Am letzten Abend stand ein klimafreundlicher kulinarischer H\u00f6hepunkt an. Speisen, die von einem Partyservice energiesparend und umweltschonend ausgew\u00e4hlt als auch zubereitet wurden, lie\u00dfen sich G\u00e4ste und Scheyerer schmecken.<\/p>\n<p>Anders als bei dem Aufenthalt in D\u00e4nemark wurden die Jugendlichen nicht in Gastfamilien untergebracht, sondern zentral im Kloster Scheyern. Die besondere Atmosph\u00e4re des Klosters wurde von den G\u00e4sten begeistert aufgenommen. An einigen Abenden lie\u00df man in den Aufenthaltsr\u00e4umen des Sch\u00fclerwohnheims den Tag in gem\u00fctlicher Runde ausklingen. Denn auch das Miteinander <a href=\"https:\/\/bos-scheyern.de\/bo\/wp-content\/uploads\/2015\/03\/dan2.jpg\"><img loading=\"lazy\" class=\"  wp-image-983 alignright\" src=\"https:\/\/bos-scheyern.de\/bo\/wp-content\/uploads\/2015\/03\/dan2.jpg\" alt=\"dan2\" width=\"308\" height=\"209\" \/><\/a>und der Spa\u00df sollten nicht zu kurz kommen. \u201eDas ist uns schon sehr wichtig, dass sich die D\u00e4nen bei uns wohl f\u00fchlen und zuhause erz\u00e4hlen k\u00f6nnen, wie gastfreundlich die Bayern sind\u201c, merkte Felix Kr\u00fcger, der letzten Herbst in D\u00e4nemark dabei war, an. Nicht zuletzt bei diesen Gelegenheiten wurde auch die Erwartung des Schulleiters Hubert Ruisinger an den Austausch erf\u00fcllt. Dieser w\u00fcnschte der d\u00e4nischen Delegation neben fachlichem Input vor allem \u201einteressante Begegnungen und gute Gespr\u00e4che\u201c.<\/p>\n<p>Durch den Austausch wurde also ein weiterer Grundstein f\u00fcr eine spannende und gewinnbringende Kooperation gelegt. Die Seminaristen der n\u00e4chstj\u00e4hrigen 13. Klassen hatten bereits jetzt die M\u00f6glichkeit, die d\u00e4nischen Sch\u00fcler kennenzulernen, und werden ab Sommer an thematisch \u00e4hnlichen Projekten arbeiten, die sie dann wiederum in Kopenhagen pr\u00e4sentieren werden. Dass diese ebenso interessant und kreativ sein werden, ist zu erwarten.<\/p>\n","protected":false},"excerpt":{"rendered":"<p>Eine automatische Ballwurfmaschine, selbstaufl\u00f6sende M\u00fcllbeutel und ein Fahrraddynamo mit Handyladestation \u2013 die Projekte, die die d\u00e4nischen Sch\u00fclerinnen und Sch\u00fcler des TEC Ballerup zu Beginn ihres einw\u00f6chigen Aufenthalts in Scheyern vorstellten, erregten die Aufmerksamkeit der Zuh\u00f6rer. <a class=\"more-link\" href=\"https:\/\/bos-scheyern.de\/bo\/?p=981\">weiterlesen<span class=\"screen-reader-text\">D\u00e4nische Sch\u00fclergruppe zu Gast an der BO Scheyern<\/span><span class=\"meta-nav\">\u2192<\/span><\/a><\/p>\n","protected":false},"author":1,"featured_media":983,"comment_status":"closed","ping_status":"closed","sticky":false,"template":"","format":"standard","meta":[],"categories":[11],"tags":[],"_links":{"self":[{"href":"https:\/\/bos-scheyern.de\/bo\/index.php?rest_route=\/wp\/v2\/posts\/981"}],"collection":[{"href":"https:\/\/bos-scheyern.de\/bo\/index.php?rest_route=\/wp\/v2\/posts"}],"about":[{"href":"https:\/\/bos-scheyern.de\/bo\/index.php?rest_route=\/wp\/v2\/types\/post"}],"author":[{"embeddable":true,"href":"https:\/\/bos-scheyern.de\/bo\/index.php?rest_route=\/wp\/v2\/users\/1"}],"replies":[{"embeddable":true,"href":"https:\/\/bos-scheyern.de\/bo\/index.php?rest_route=%2Fwp%2Fv2%2Fcomments&post=981"}],"version-history":[{"count":8,"href":"https:\/\/bos-scheyern.de\/bo\/index.php?rest_route=\/wp\/v2\/posts\/981\/revisions"}],"predecessor-version":[{"id":1202,"href":"https:\/\/bos-scheyern.de\/bo\/index.php?rest_route=\/wp\/v2\/posts\/981\/revisions\/1202"}],"wp:featuredmedia":[{"embeddable":true,"href":"https:\/\/bos-scheyern.de\/bo\/index.php?rest_route=\/wp\/v2\/media\/983"}],"wp:attachment":[{"href":"https:\/\/bos-scheyern.de\/bo\/index.php?rest_route=%2Fwp%2Fv2%2Fmedia&parent=981"}],"wp:term":[{"taxonomy":"category","embeddable":true,"href":"https:\/\/bos-scheyern.de\/bo\/index.php?rest_route=%2Fwp%2Fv2%2Fcategories&post=981"},{"taxonomy":"post_tag","embeddable":true,"href":"https:\/\/bos-scheyern.de\/bo\/index.php?rest_route=%2Fwp%2Fv2%2Ftags&post=981"}],"curies":[{"name":"wp","href":"https:\/\/api.w.org\/{rel}","templated":true}]}}