{"id":1340,"date":"2015-07-24T22:59:13","date_gmt":"2015-07-24T20:59:13","guid":{"rendered":"https:\/\/bos-scheyern.de\/sz\/?p=1340"},"modified":"2015-11-28T00:20:39","modified_gmt":"2015-11-27T23:20:39","slug":"hey-da-fliegt-ne-abizeugnis","status":"publish","type":"post","link":"https:\/\/bos-scheyern.de\/sz\/?p=1340","title":{"rendered":"&#8222;Hey, da fliegt ein Abiturzeugnis!&#8220;"},"content":{"rendered":"<p>&#8222;Ey, da fliegt ein Abiturzeugnis!&#8220;. Erstaunt haben am Freitag einige Gesichter zum Himmel geblickt.<\/p>\n<p>Am Faden eines Luftballons, der in den Himmel hinauf\u00a0steigt, h\u00e4ngt offenbar ein Abiturzeugnis. &#8222;Was ist da nur los?&#8220;, oder &#8222;der hat\u00a0wohl den falschen Schnitt gehabt&#8220;, dachten sich da so einige.<br \/>\nBald entpuppte sich das Ganze nur als\u00a0 Scherz von einem der feiernden Abiturienten. Lediglich der Umschlag des Abiturzeugnisses stieg in den blau strahlenden Himmel.<\/p>\n<p>An besagtem Freitag, den 10. Juli 2015, fanden die Abiturfeierlichkeiten statt. Reges Treiben herrschte bei den Organisatoren der SMV. &#8222;Kurz vorm Abiball war bei mir Katastrophenstimmung&#8220;, gibt Eva Spornraft lachend zu Protokoll.<\/p>\n<p>Nachdem an\u00a0knapp zwei Tagen alle Sch\u00fcler zusammengeholfen haben, um ein gro\u00dfes Zelt, das Platz f\u00fcr mehr als 500 Personen bietet, aufzubauen, konnte die Party beginnen.<br \/>\nUm den Ansturm managen zu k\u00f6nnen, wurden bei der Zeugnisvergabe zun\u00e4chst FOS-Sch\u00fcler (&#8222;FOSler&#8220;) und BOS-Sch\u00fcler (&#8222;BOSler&#8220;) voneinander getrennt.<br \/>\nDie FOSler erhielten zuerst ihre Abiturzeugnisse.<br \/>\nParallel dazu fand der erste Gottesdienst statt, der von Pfarrer Schwarzer und Frater Joachim begleitet\u00a0und von den <a href=\"http:\/\/www.annagrillmeier.de\">Grillmeier<\/a> -Schwestern musikalisch ausgestaltet wurde. Anna Grillmeier, eine der S\u00e4ngerinnen, besuchte vorher selbst die Berufsoberschule in Scheyern und schwelgt in Erinnerungen \u00fcber ihre Schulzeit. &#8222;Wieder nach Scheyern zu kommen, war f\u00fcr mich ein wunderbares Gef\u00fchl. Man kann Scheyern eigentlich nicht erz\u00e4hlen, man muss dort sein, um es zu verstehen. Ich hatte dort die bisher sch\u00f6nste und pr\u00e4gendste Zeit meines Lebens. Wenn man dann noch eingeladen wird, um zur\u00fcckzukehren, gibt es kein \u00dcberlegen. Dann macht man es einfach. Danke daf\u00fcr!&#8220; (Anna Grillmeier, ehemalige BO-Sch\u00fclerin)<br \/>\nDem Anlass entsprechend, umrahmten Bilder des zur\u00fcckliegenden Schuljahres den Gottesdienst.<\/p>\n<p><a href=\"https:\/\/bos-scheyern.de\/sz\/wp-content\/uploads\/2015\/07\/6V8A5565.jpg\"><img loading=\"lazy\" decoding=\"async\" class=\"alignnone size-medium wp-image-1364\" src=\"https:\/\/bos-scheyern.de\/sz\/wp-content\/uploads\/2015\/07\/6V8A5565.jpg\" alt=\"6V8A5565\" width=\"1\" height=\"1\" \/><\/a> <a href=\"https:\/\/bos-scheyern.de\/sz\/wp-content\/uploads\/2015\/07\/bos-fos-scheyern.png\"><img loading=\"lazy\" decoding=\"async\" class=\" wp-image-1370 size-large alignright\" src=\"https:\/\/bos-scheyern.de\/sz\/wp-content\/uploads\/2015\/07\/bos-fos-scheyern-300x200.png\" alt=\"bos-fos-scheyern\" width=\"300\" height=\"200\" srcset=\"https:\/\/bos-scheyern.de\/sz\/wp-content\/uploads\/2015\/07\/bos-fos-scheyern-300x200.png 300w, https:\/\/bos-scheyern.de\/sz\/wp-content\/uploads\/2015\/07\/bos-fos-scheyern-200x133.png 200w, https:\/\/bos-scheyern.de\/sz\/wp-content\/uploads\/2015\/07\/bos-fos-scheyern-45x30.png 45w, https:\/\/bos-scheyern.de\/sz\/wp-content\/uploads\/2015\/07\/bos-fos-scheyern.png 1600w\" sizes=\"(max-width: 300px) 100vw, 300px\" \/><\/a><\/p>\n<p>Danach konnten dann auch die BOS-Sch\u00fcler ihre Zeugnisse in Empfang nehmen.<\/p>\n<p>Anschlie\u00dfend trafen sich alle FOS- und BOSler gemeinsam zum Sektempfang.<br \/>\nDie Sch\u00fcler konnten sich eigene Ziele und W\u00fcnsche setzen und diese auf ausgelegtem Papier notieren. Die Zettel konnten dann an Luftballons befestigt werden und auf Kommando des Sch\u00fclersprechers Anton Geltermeier in die Luft entlassen werden.<\/p>\n<p><img loading=\"lazy\" decoding=\"async\" class=\" wp-image-1366 size-large alignleft\" src=\"https:\/\/bos-scheyern.de\/sz\/wp-content\/uploads\/2015\/07\/bos-fos-300x200.png\" alt=\"abitur\" width=\"300\" height=\"200\" srcset=\"https:\/\/bos-scheyern.de\/sz\/wp-content\/uploads\/2015\/07\/bos-fos-300x200.png 300w, https:\/\/bos-scheyern.de\/sz\/wp-content\/uploads\/2015\/07\/bos-fos-200x133.png 200w, https:\/\/bos-scheyern.de\/sz\/wp-content\/uploads\/2015\/07\/bos-fos-45x30.png 45w, https:\/\/bos-scheyern.de\/sz\/wp-content\/uploads\/2015\/07\/bos-fos.png 1600w\" sizes=\"(max-width: 300px) 100vw, 300px\" \/><\/p>\n<p>Danach wechselten langsam alle Sch\u00fcler zu der Abifeier in das Festzelt im Seminargarten.<br \/>\nDas gro\u00dfe Fest ging dort erst richtig los. Notgedrungen halfen viele Sch\u00fcler den Bedienungen bei der Essensausgabe. Eine Tatsache, die wieder einmal beweist, dass in Scheyern alle zusammenhelfen und so ein wunderbares Miteinander erm\u00f6glicht wird.<\/p>\n<p>Besonders geehrt\u00a0f\u00fcr ihre erbrachten Leistungen und ihren Einsatz f\u00fcr die Schulgemeinschaft im vergangenen Jahr wurden Sebastiano Danielis, Fabian Fl\u00f6ssler, Anton Geltermeier, Nadine Grabmair, Philipp Hampl, Teresa Miarecki, Marina Oswald, Eva Spornraft, Franziska Summerer, Manuela Weber und Konrad Wenger. Das gro\u00dfe Fest ging dort erst richtig los. Notgedrungen halfen viele Sch\u00fcler den Bedienungen bei der Essensausgabe. Eine Tatsache, die wieder einmal beweist, dass in Scheyern alle zusammenhelfen und so ein einzigartiges Miteinander erm\u00f6glicht wird. &#8222;Man hat das Gemeinschaftsgef\u00fchl, das in Scheyern herrscht, bemerkt &#8211; weil M\u00fctter, Sch\u00fclerinnen, Lehrer und Pater zusammengeholfen (z.B. bedient) haben. &#8211; Das war echt ein Traum. Und im Nachhinein war&#8217;s echt eine gelungene Veranstaltung.&#8220;, stellt die zweite Sch\u00fclersprecherin Eva Spornraft abschlie\u00dfend fest.<\/p>\n<p>Fotos:<a href=\"http:\/\/www.kp-photographie.com\"> Philipp Kostecki<\/a><\/p>\n<div style=\"width: 620px;\" class=\"wp-video\"><!--[if lt IE 9]><script>document.createElement('video');<\/script><![endif]-->\n<video class=\"wp-video-shortcode\" id=\"video-1340-1\" width=\"620\" height=\"349\" preload=\"none\" controls=\"controls\"><source type=\"video\/mp4\" src=\"https:\/\/bos-scheyern.de\/sz\/wp-content\/uploads\/2015\/09\/Abitur-an-der-FOS-BOS-Scheyern.mp4?_=1\" \/><a href=\"https:\/\/bos-scheyern.de\/sz\/wp-content\/uploads\/2015\/09\/Abitur-an-der-FOS-BOS-Scheyern.mp4\">https:\/\/bos-scheyern.de\/sz\/wp-content\/uploads\/2015\/09\/Abitur-an-der-FOS-BOS-Scheyern.mp4<\/a><\/video><\/div>\n<p>Musik: Marc Stiglmayr<\/p>\n<p>Fotos: Philipp Kostecki<\/p>\n<div class=\"shariff\" data-services=\"facebook\" data-url=\"https%3A%2F%2Fbos-scheyern.de%2Fsz%2F%3Fp%3D1340\" data-timestamp=\"1448670039\" data-backendurl=\"?rest_route=\/shariff\/v1\/share_counts&\"><ul class=\"shariff-buttons theme-default orientation-horizontal buttonsize-medium\"><li class=\"shariff-button mastodon shariff-nocustomcolor\" style=\"background-color:#563ACC\"><a href=\"https:\/\/s2f.kytta.dev\/?text=%E2%80%9EHey%2C%20da%20fliegt%20ein%20Abiturzeugnis%21%E2%80%9C https%3A%2F%2Fbos-scheyern.de%2Fsz%2F%3Fp%3D1340\" title=\"Bei Mastodon teilen\" aria-label=\"Bei Mastodon teilen\" role=\"button\" rel=\"noopener nofollow\" class=\"shariff-link\" style=\"; background-color:#6364FF; color:#fff\" target=\"_blank\"><span class=\"shariff-icon\" style=\"\"><svg width=\"75\" height=\"79\" viewBox=\"0 0 75 79\" fill=\"none\" xmlns=\"http:\/\/www.w3.org\/2000\/svg\"><path d=\"M37.813-.025C32.462-.058 27.114.13 21.79.598c-8.544.621-17.214 5.58-20.203 13.931C-1.12 23.318.408 32.622.465 41.65c.375 7.316.943 14.78 3.392 21.73 4.365 9.465 14.781 14.537 24.782 15.385 7.64.698 15.761-.213 22.517-4.026a54.1 54.1 0 0 0 .01-6.232c-6.855 1.316-14.101 2.609-21.049 1.074-3.883-.88-6.876-4.237-7.25-8.215-1.53-3.988 3.78-.43 5.584-.883 9.048 1.224 18.282.776 27.303-.462 7.044-.837 14.26-4.788 16.65-11.833 2.263-6.135 1.215-12.79 1.698-19.177.06-3.84.09-7.692-.262-11.52C72.596 7.844 63.223.981 53.834.684a219.453 219.453 0 0 0-16.022-.71zm11.294 12.882c5.5-.067 10.801 4.143 11.67 9.653.338 1.48.471 3 .471 4.515v21.088h-8.357c-.07-7.588.153-15.182-.131-22.765-.587-4.368-7.04-5.747-9.672-2.397-2.422 3.04-1.47 7.155-1.67 10.735v6.392h-8.307c-.146-4.996.359-10.045-.404-15.002-1.108-4.218-7.809-5.565-10.094-1.666-1.685 3.046-.712 6.634-.976 9.936v14.767h-8.354c.109-8.165-.238-16.344.215-24.5.674-5.346 5.095-10.389 10.676-10.627 4.902-.739 10.103 2.038 12.053 6.631.375 1.435 1.76 1.932 1.994.084 1.844-3.704 5.501-6.739 9.785-6.771.367-.044.735-.068 1.101-.073z\"\/><defs><linearGradient id=\"paint0_linear_549_34\" x1=\"37.0692\" y1=\"0\" x2=\"37.0692\" y2=\"79\" gradientUnits=\"userSpaceOnUse\"><stop stop-color=\"#6364FF\"\/><stop offset=\"1\" stop-color=\"#563ACC\"\/><\/linearGradient><\/defs><\/svg><\/span><span class=\"shariff-text\">teilen<\/span>&nbsp;<\/a><\/li><li class=\"shariff-button facebook shariff-nocustomcolor\" style=\"background-color:#4273c8\"><a href=\"https:\/\/www.facebook.com\/sharer\/sharer.php?u=https%3A%2F%2Fbos-scheyern.de%2Fsz%2F%3Fp%3D1340\" title=\"Bei Facebook teilen\" aria-label=\"Bei Facebook teilen\" role=\"button\" rel=\"nofollow\" class=\"shariff-link\" style=\"; background-color:#3b5998; color:#fff\" target=\"_blank\"><span class=\"shariff-icon\" style=\"\"><svg width=\"32px\" height=\"20px\" xmlns=\"http:\/\/www.w3.org\/2000\/svg\" viewBox=\"0 0 18 32\"><path fill=\"#3b5998\" d=\"M17.1 0.2v4.7h-2.8q-1.5 0-2.1 0.6t-0.5 1.9v3.4h5.2l-0.7 5.3h-4.5v13.6h-5.5v-13.6h-4.5v-5.3h4.5v-3.9q0-3.3 1.9-5.2t5-1.8q2.6 0 4.1 0.2z\"\/><\/svg><\/span><span class=\"shariff-text\">teilen<\/span>&nbsp;<\/a><\/li><li class=\"shariff-button linkedin shariff-nocustomcolor\" style=\"background-color:#1488bf\"><a href=\"https:\/\/www.linkedin.com\/sharing\/share-offsite\/?url=https%3A%2F%2Fbos-scheyern.de%2Fsz%2F%3Fp%3D1340\" title=\"Bei LinkedIn teilen\" aria-label=\"Bei LinkedIn teilen\" role=\"button\" rel=\"noopener nofollow\" class=\"shariff-link\" style=\"; background-color:#0077b5; color:#fff\" target=\"_blank\"><span class=\"shariff-icon\" style=\"\"><svg width=\"32px\" height=\"20px\" xmlns=\"http:\/\/www.w3.org\/2000\/svg\" viewBox=\"0 0 27 32\"><path fill=\"#0077b5\" d=\"M6.2 11.2v17.7h-5.9v-17.7h5.9zM6.6 5.7q0 1.3-0.9 2.2t-2.4 0.9h0q-1.5 0-2.4-0.9t-0.9-2.2 0.9-2.2 2.4-0.9 2.4 0.9 0.9 2.2zM27.4 18.7v10.1h-5.9v-9.5q0-1.9-0.7-2.9t-2.3-1.1q-1.1 0-1.9 0.6t-1.2 1.5q-0.2 0.5-0.2 1.4v9.9h-5.9q0-7.1 0-11.6t0-5.3l0-0.9h5.9v2.6h0q0.4-0.6 0.7-1t1-0.9 1.6-0.8 2-0.3q3 0 4.9 2t1.9 6z\"\/><\/svg><\/span><span class=\"shariff-text\">teilen<\/span>&nbsp;<\/a><\/li><li class=\"shariff-button info shariff-nocustomcolor\" style=\"background-color:#eee\"><a href=\"http:\/\/ct.de\/-2467514\" title=\"Weitere Informationen\" aria-label=\"Weitere Informationen\" role=\"button\" rel=\"noopener \" class=\"shariff-link\" style=\"; background-color:#fff; color:#fff\" target=\"_blank\"><span class=\"shariff-icon\" style=\"\"><svg width=\"32px\" height=\"20px\" xmlns=\"http:\/\/www.w3.org\/2000\/svg\" viewBox=\"0 0 11 32\"><path fill=\"#999\" d=\"M11.4 24v2.3q0 0.5-0.3 0.8t-0.8 0.4h-9.1q-0.5 0-0.8-0.4t-0.4-0.8v-2.3q0-0.5 0.4-0.8t0.8-0.4h1.1v-6.8h-1.1q-0.5 0-0.8-0.4t-0.4-0.8v-2.3q0-0.5 0.4-0.8t0.8-0.4h6.8q0.5 0 0.8 0.4t0.4 0.8v10.3h1.1q0.5 0 0.8 0.4t0.3 0.8zM9.2 3.4v3.4q0 0.5-0.4 0.8t-0.8 0.4h-4.6q-0.4 0-0.8-0.4t-0.4-0.8v-3.4q0-0.4 0.4-0.8t0.8-0.4h4.6q0.5 0 0.8 0.4t0.4 0.8z\"\/><\/svg><\/span><\/a><\/li><\/ul><\/div>\n","protected":false},"excerpt":{"rendered":"<div class=\"mh-excerpt\"><p>Erstaunt haben am Freitag einige Gesichter zum Himmel geblickt.<\/p>\n<p>Am Faden eines Luftballons, der in den Himmel hinauf steigt, h\u00e4ngt offenbar ein Abiturzeugnis. &#8222;Was ist da nur los?&#8220; oder &#8222;der hat wohl den falschen Schnitt gehabt&#8220;, dachten sich da so einige.<br \/>\nBald entpuppte sich das Ganze nur als  Scherz von einem der feiernden Abiturienten. Lediglich der Umschlag f\u00fcr das Abiturzeugnis stieg in den blau strahlenden Himmel.<br \/>\n<br \/>\nFotos:<a href=\"http:\/\/www.kp-photographie.com\" style=\"color:#E64946\"> Philipp Kostecki<\/a><\/p>\n<\/div>","protected":false},"author":15,"featured_media":1341,"comment_status":"open","ping_status":"open","sticky":false,"template":"","format":"standard","meta":{"footnotes":""},"categories":[5,1],"tags":[],"_links":{"self":[{"href":"https:\/\/bos-scheyern.de\/sz\/index.php?rest_route=\/wp\/v2\/posts\/1340"}],"collection":[{"href":"https:\/\/bos-scheyern.de\/sz\/index.php?rest_route=\/wp\/v2\/posts"}],"about":[{"href":"https:\/\/bos-scheyern.de\/sz\/index.php?rest_route=\/wp\/v2\/types\/post"}],"author":[{"embeddable":true,"href":"https:\/\/bos-scheyern.de\/sz\/index.php?rest_route=\/wp\/v2\/users\/15"}],"replies":[{"embeddable":true,"href":"https:\/\/bos-scheyern.de\/sz\/index.php?rest_route=%2Fwp%2Fv2%2Fcomments&post=1340"}],"version-history":[{"count":21,"href":"https:\/\/bos-scheyern.de\/sz\/index.php?rest_route=\/wp\/v2\/posts\/1340\/revisions"}],"predecessor-version":[{"id":1594,"href":"https:\/\/bos-scheyern.de\/sz\/index.php?rest_route=\/wp\/v2\/posts\/1340\/revisions\/1594"}],"wp:featuredmedia":[{"embeddable":true,"href":"https:\/\/bos-scheyern.de\/sz\/index.php?rest_route=\/wp\/v2\/media\/1341"}],"wp:attachment":[{"href":"https:\/\/bos-scheyern.de\/sz\/index.php?rest_route=%2Fwp%2Fv2%2Fmedia&parent=1340"}],"wp:term":[{"taxonomy":"category","embeddable":true,"href":"https:\/\/bos-scheyern.de\/sz\/index.php?rest_route=%2Fwp%2Fv2%2Fcategories&post=1340"},{"taxonomy":"post_tag","embeddable":true,"href":"https:\/\/bos-scheyern.de\/sz\/index.php?rest_route=%2Fwp%2Fv2%2Ftags&post=1340"}],"curies":[{"name":"wp","href":"https:\/\/api.w.org\/{rel}","templated":true}]}}