{"id":1557,"date":"2015-11-11T21:50:52","date_gmt":"2015-11-11T20:50:52","guid":{"rendered":"https:\/\/bos-scheyern.de\/sz\/?p=1557"},"modified":"2015-11-27T07:26:08","modified_gmt":"2015-11-27T06:26:08","slug":"napoleon-in-bayern","status":"publish","type":"post","link":"https:\/\/bos-scheyern.de\/sz\/?p=1557","title":{"rendered":"Napoleon in Bayern"},"content":{"rendered":"<p><a href=\"https:\/\/bos-scheyern.de\/sz\/wp-content\/uploads\/2015\/11\/Foto04911.jpg\"><img loading=\"lazy\" decoding=\"async\" class=\"alignnone wp-image-1564 \" src=\"https:\/\/bos-scheyern.de\/sz\/wp-content\/uploads\/2015\/11\/Foto04911.jpg\" alt=\"Foto0491\" width=\"825\" height=\"619\" srcset=\"https:\/\/bos-scheyern.de\/sz\/wp-content\/uploads\/2015\/11\/Foto04911.jpg 1600w, https:\/\/bos-scheyern.de\/sz\/wp-content\/uploads\/2015\/11\/Foto04911-200x150.jpg 200w, https:\/\/bos-scheyern.de\/sz\/wp-content\/uploads\/2015\/11\/Foto04911-300x225.jpg 300w, https:\/\/bos-scheyern.de\/sz\/wp-content\/uploads\/2015\/11\/Foto04911-40x30.jpg 40w, https:\/\/bos-scheyern.de\/sz\/wp-content\/uploads\/2015\/11\/Foto04911-174x131.jpg 174w, https:\/\/bos-scheyern.de\/sz\/wp-content\/uploads\/2015\/11\/Foto04911-70x53.jpg 70w, https:\/\/bos-scheyern.de\/sz\/wp-content\/uploads\/2015\/11\/Foto04911-1250x938.jpg 1250w, https:\/\/bos-scheyern.de\/sz\/wp-content\/uploads\/2015\/11\/Foto04911-400x300.jpg 400w\" sizes=\"(max-width: 825px) 100vw, 825px\" \/><\/a><br \/>\nAm 6. Oktober 2015 suchte die Klasse B W12a die Landesausstellung im Bayerischen Armeemuseum in Ingolstadt auf, um herauszufinden, welche Spuren die napoleonische Zeit in Bayern hinterlassen hat und welche Auswirkungen diese Zeit sowohl auf die einfache Bev\u00f6lkerung als auch auf die bayerische Staatlichkeit hatte.<\/p>\n<p>Erw\u00e4hnenswert hierbei ist, dass das Jahr 2015 f\u00fcr eine Reise zur\u00fcck in Napoleons Zeitalter geschickt gew\u00e4hlt ist: Es j\u00e4hrt sich Napoleons endg\u00fcltige Niederlage bei Waterloo und die Verbannung auf St. Helena zum zweihundertsten Mal.<\/p>\n<p>Gleich zu Beginn der Ausstellung stie\u00dfen wir auf ein Gem\u00e4lde, das Napoleons Einzug in M\u00fcnchen im Jahre 1805 darstellt: ein erhabener Anblick, bejubelt von der Bev\u00f6lkerung. Doch der Schein ist tr\u00fcgerisch. Tats\u00e4chlich waren an diesem Tag wegen des regnerischen Wetters nur wenige Menschen auf den Stra\u00dfen. Dieses Bild war nicht das einzige Indiz f\u00fcr frankophile Propaganda, der wir im Laufe der Ausstellung begegneten. Vieles spricht daf\u00fcr, dass die damalige Bev\u00f6lkerung bei weitem nicht in dem Ausma\u00df begeistert von der politischen Lage war, wie es oftmals dargestellt wurde.<\/p>\n<p>W\u00e4hrend der F\u00fchrung wurde uns vor Augen gef\u00fchrt, welche umgreifenden Ver\u00e4nderungen durch Napoleon in Bayern angesto\u00dfen wurden:<\/p>\n<p>Die politische Landkarte ver\u00e4nderte sich zugunsten Bayerns, indem dieses Gebiete f\u00fcr sich gewinnen konnte. Bayern wurde ein K\u00f6nigreich und konnte dank Napoleon schon bald eine liberale Verfassung vorweisen.<\/p>\n<p>Doch f\u00fcr all diese Errungenschaften mussten sowohl bayerische Soldaten als auch die einfache Bev\u00f6lkerung einen hohen Preis bezahlen.<\/p>\n<p>Besonders eindrucksvoll gelang es der Ausstellung, uns anhand kleiner Figuren, die f\u00fcr Soldaten stehen, aufzuzeigen, wie viele M\u00e4nner beim Russlandfeldzug 1812 auf furchtbare Weise ihr Leben lie\u00dfen. Insgesamt trat Napoleon den Krieg mit sch\u00e4tzungsweise etwas \u00fcber 420.000 Mann, darunter 30.000 Bayern, an. Der Russlandfeldzug gilt als besonders grausamer Krieg. In diesem Jahr herrschten in Russland zun\u00e4chst ein hei\u00dfer Sommer und dann ein au\u00dfergew\u00f6hnlich kalter Winter, auf den die napoleonischen Truppen nicht vorbereitet waren. Eine Vielzahl an M\u00e4nnern erfror, verhungerte oder kam in Kriegsgefangenschaft. Insgesamt liegen Zahlen vor, die besagen, dass 400.000 Rheinbund-Soldaten bei dem Krieg ums Leben kamen. Die bayerischen Truppen wurden nahezu vollst\u00e4ndig aufgerieben.<\/p>\n<p>Kurz vor der 1813 stattfindenden V\u00f6lkerschlacht bei Leipzig lie\u00df sich Bayern zusichern, seine annektierten Gebiete behalten zu d\u00fcrfen, und verb\u00fcndete sich mit Napoleons Gegnern. Man kann in Anbetracht Napoleons Niederlage bei der Leipziger V\u00f6lkerschlacht von einem gegl\u00fcckten Lagerwechsel in der letzten Minute sprechen.<\/p>\n<p>Als sich die Ausstellung dem Ende zuneigte, widmeten wir uns schlie\u00dflich noch dem Wiener Kongress, der nach Napoleons Niederlage aus Zwecken der Restauration und des gegenseitigen Schutzes der F\u00fcrsten vor revolution\u00e4rem Gedankengut in der Bev\u00f6lkerung stattfand. Dort wurden die durch die Koalitionskriege durcheinandergebrachten Verh\u00e4ltnisse im Sinne einer \u201eheiligen Allianz\u201c neu geordnet.<\/p>\n<p>Zusammenfassend l\u00e4sst sich sagen, dass der Ausflug f\u00fcr unsere Klasse eine spannende Zeitreise war, da die napoleonische \u00c4ra in ganz Bayern umfassende Ver\u00e4nderungen hervorgebracht hat, die das Land auch noch weit nach Napoleon gepr\u00e4gt haben.<\/p>\n<p>Julia Egolf<\/p>\n<div class=\"shariff\" data-services=\"facebook\" data-url=\"https%3A%2F%2Fbos-scheyern.de%2Fsz%2F%3Fp%3D1557\" data-timestamp=\"1448609168\" data-backendurl=\"?rest_route=\/shariff\/v1\/share_counts&\"><ul class=\"shariff-buttons theme-default orientation-horizontal buttonsize-medium\"><li class=\"shariff-button mastodon shariff-nocustomcolor\" style=\"background-color:#563ACC\"><a href=\"https:\/\/s2f.kytta.dev\/?text=Napoleon%20in%20Bayern https%3A%2F%2Fbos-scheyern.de%2Fsz%2F%3Fp%3D1557\" title=\"Bei Mastodon teilen\" aria-label=\"Bei Mastodon teilen\" role=\"button\" rel=\"noopener nofollow\" class=\"shariff-link\" style=\"; background-color:#6364FF; color:#fff\" target=\"_blank\"><span class=\"shariff-icon\" style=\"\"><svg width=\"75\" height=\"79\" viewBox=\"0 0 75 79\" fill=\"none\" xmlns=\"http:\/\/www.w3.org\/2000\/svg\"><path d=\"M37.813-.025C32.462-.058 27.114.13 21.79.598c-8.544.621-17.214 5.58-20.203 13.931C-1.12 23.318.408 32.622.465 41.65c.375 7.316.943 14.78 3.392 21.73 4.365 9.465 14.781 14.537 24.782 15.385 7.64.698 15.761-.213 22.517-4.026a54.1 54.1 0 0 0 .01-6.232c-6.855 1.316-14.101 2.609-21.049 1.074-3.883-.88-6.876-4.237-7.25-8.215-1.53-3.988 3.78-.43 5.584-.883 9.048 1.224 18.282.776 27.303-.462 7.044-.837 14.26-4.788 16.65-11.833 2.263-6.135 1.215-12.79 1.698-19.177.06-3.84.09-7.692-.262-11.52C72.596 7.844 63.223.981 53.834.684a219.453 219.453 0 0 0-16.022-.71zm11.294 12.882c5.5-.067 10.801 4.143 11.67 9.653.338 1.48.471 3 .471 4.515v21.088h-8.357c-.07-7.588.153-15.182-.131-22.765-.587-4.368-7.04-5.747-9.672-2.397-2.422 3.04-1.47 7.155-1.67 10.735v6.392h-8.307c-.146-4.996.359-10.045-.404-15.002-1.108-4.218-7.809-5.565-10.094-1.666-1.685 3.046-.712 6.634-.976 9.936v14.767h-8.354c.109-8.165-.238-16.344.215-24.5.674-5.346 5.095-10.389 10.676-10.627 4.902-.739 10.103 2.038 12.053 6.631.375 1.435 1.76 1.932 1.994.084 1.844-3.704 5.501-6.739 9.785-6.771.367-.044.735-.068 1.101-.073z\"\/><defs><linearGradient id=\"paint0_linear_549_34\" x1=\"37.0692\" y1=\"0\" x2=\"37.0692\" y2=\"79\" gradientUnits=\"userSpaceOnUse\"><stop stop-color=\"#6364FF\"\/><stop offset=\"1\" stop-color=\"#563ACC\"\/><\/linearGradient><\/defs><\/svg><\/span><span class=\"shariff-text\">teilen<\/span>&nbsp;<\/a><\/li><li class=\"shariff-button facebook shariff-nocustomcolor\" style=\"background-color:#4273c8\"><a href=\"https:\/\/www.facebook.com\/sharer\/sharer.php?u=https%3A%2F%2Fbos-scheyern.de%2Fsz%2F%3Fp%3D1557\" title=\"Bei Facebook teilen\" aria-label=\"Bei Facebook teilen\" role=\"button\" rel=\"nofollow\" class=\"shariff-link\" style=\"; background-color:#3b5998; color:#fff\" target=\"_blank\"><span class=\"shariff-icon\" style=\"\"><svg width=\"32px\" height=\"20px\" xmlns=\"http:\/\/www.w3.org\/2000\/svg\" viewBox=\"0 0 18 32\"><path fill=\"#3b5998\" d=\"M17.1 0.2v4.7h-2.8q-1.5 0-2.1 0.6t-0.5 1.9v3.4h5.2l-0.7 5.3h-4.5v13.6h-5.5v-13.6h-4.5v-5.3h4.5v-3.9q0-3.3 1.9-5.2t5-1.8q2.6 0 4.1 0.2z\"\/><\/svg><\/span><span class=\"shariff-text\">teilen<\/span>&nbsp;<\/a><\/li><li class=\"shariff-button linkedin shariff-nocustomcolor\" style=\"background-color:#1488bf\"><a href=\"https:\/\/www.linkedin.com\/sharing\/share-offsite\/?url=https%3A%2F%2Fbos-scheyern.de%2Fsz%2F%3Fp%3D1557\" title=\"Bei LinkedIn teilen\" aria-label=\"Bei LinkedIn teilen\" role=\"button\" rel=\"noopener nofollow\" class=\"shariff-link\" style=\"; background-color:#0077b5; color:#fff\" target=\"_blank\"><span class=\"shariff-icon\" style=\"\"><svg width=\"32px\" height=\"20px\" xmlns=\"http:\/\/www.w3.org\/2000\/svg\" viewBox=\"0 0 27 32\"><path fill=\"#0077b5\" d=\"M6.2 11.2v17.7h-5.9v-17.7h5.9zM6.6 5.7q0 1.3-0.9 2.2t-2.4 0.9h0q-1.5 0-2.4-0.9t-0.9-2.2 0.9-2.2 2.4-0.9 2.4 0.9 0.9 2.2zM27.4 18.7v10.1h-5.9v-9.5q0-1.9-0.7-2.9t-2.3-1.1q-1.1 0-1.9 0.6t-1.2 1.5q-0.2 0.5-0.2 1.4v9.9h-5.9q0-7.1 0-11.6t0-5.3l0-0.9h5.9v2.6h0q0.4-0.6 0.7-1t1-0.9 1.6-0.8 2-0.3q3 0 4.9 2t1.9 6z\"\/><\/svg><\/span><span class=\"shariff-text\">teilen<\/span>&nbsp;<\/a><\/li><li class=\"shariff-button info shariff-nocustomcolor\" style=\"background-color:#eee\"><a href=\"http:\/\/ct.de\/-2467514\" title=\"Weitere Informationen\" aria-label=\"Weitere Informationen\" role=\"button\" rel=\"noopener \" class=\"shariff-link\" style=\"; background-color:#fff; color:#fff\" target=\"_blank\"><span class=\"shariff-icon\" style=\"\"><svg width=\"32px\" height=\"20px\" xmlns=\"http:\/\/www.w3.org\/2000\/svg\" viewBox=\"0 0 11 32\"><path fill=\"#999\" d=\"M11.4 24v2.3q0 0.5-0.3 0.8t-0.8 0.4h-9.1q-0.5 0-0.8-0.4t-0.4-0.8v-2.3q0-0.5 0.4-0.8t0.8-0.4h1.1v-6.8h-1.1q-0.5 0-0.8-0.4t-0.4-0.8v-2.3q0-0.5 0.4-0.8t0.8-0.4h6.8q0.5 0 0.8 0.4t0.4 0.8v10.3h1.1q0.5 0 0.8 0.4t0.3 0.8zM9.2 3.4v3.4q0 0.5-0.4 0.8t-0.8 0.4h-4.6q-0.4 0-0.8-0.4t-0.4-0.8v-3.4q0-0.4 0.4-0.8t0.8-0.4h4.6q0.5 0 0.8 0.4t0.4 0.8z\"\/><\/svg><\/span><\/a><\/li><\/ul><\/div>\n","protected":false},"excerpt":{"rendered":"<div class=\"mh-excerpt\"><p>Am 6. Oktober 2015 suchte die Klasse B W12a die Landesausstellung im Bayerischen Armeemuseum in Ingolstadt auf, um herauszufinden, welche Spuren die napoleonische Zeit in <a class=\"mh-excerpt-more\" href=\"https:\/\/bos-scheyern.de\/sz\/?p=1557\" title=\"Napoleon in Bayern\">[&#8230;]<\/a><\/p>\n<\/div>","protected":false},"author":19,"featured_media":1561,"comment_status":"open","ping_status":"open","sticky":false,"template":"","format":"standard","meta":{"footnotes":""},"categories":[5],"tags":[],"_links":{"self":[{"href":"https:\/\/bos-scheyern.de\/sz\/index.php?rest_route=\/wp\/v2\/posts\/1557"}],"collection":[{"href":"https:\/\/bos-scheyern.de\/sz\/index.php?rest_route=\/wp\/v2\/posts"}],"about":[{"href":"https:\/\/bos-scheyern.de\/sz\/index.php?rest_route=\/wp\/v2\/types\/post"}],"author":[{"embeddable":true,"href":"https:\/\/bos-scheyern.de\/sz\/index.php?rest_route=\/wp\/v2\/users\/19"}],"replies":[{"embeddable":true,"href":"https:\/\/bos-scheyern.de\/sz\/index.php?rest_route=%2Fwp%2Fv2%2Fcomments&post=1557"}],"version-history":[{"count":10,"href":"https:\/\/bos-scheyern.de\/sz\/index.php?rest_route=\/wp\/v2\/posts\/1557\/revisions"}],"predecessor-version":[{"id":1583,"href":"https:\/\/bos-scheyern.de\/sz\/index.php?rest_route=\/wp\/v2\/posts\/1557\/revisions\/1583"}],"wp:featuredmedia":[{"embeddable":true,"href":"https:\/\/bos-scheyern.de\/sz\/index.php?rest_route=\/wp\/v2\/media\/1561"}],"wp:attachment":[{"href":"https:\/\/bos-scheyern.de\/sz\/index.php?rest_route=%2Fwp%2Fv2%2Fmedia&parent=1557"}],"wp:term":[{"taxonomy":"category","embeddable":true,"href":"https:\/\/bos-scheyern.de\/sz\/index.php?rest_route=%2Fwp%2Fv2%2Fcategories&post=1557"},{"taxonomy":"post_tag","embeddable":true,"href":"https:\/\/bos-scheyern.de\/sz\/index.php?rest_route=%2Fwp%2Fv2%2Ftags&post=1557"}],"curies":[{"name":"wp","href":"https:\/\/api.w.org\/{rel}","templated":true}]}}