{"id":1774,"date":"2016-06-09T23:35:57","date_gmt":"2016-06-09T21:35:57","guid":{"rendered":"https:\/\/bos-scheyern.de\/sz\/?p=1774"},"modified":"2016-07-06T11:12:59","modified_gmt":"2016-07-06T09:12:59","slug":"rezension-zu-der-baader-meinhof-komplex","status":"publish","type":"post","link":"https:\/\/bos-scheyern.de\/sz\/?p=1774","title":{"rendered":"Schulkino: Der Baader Meinhof Komplex"},"content":{"rendered":"<p><i>\u201eWir sagen nat\u00fcrlich, die Bullen sind Schweine, wir sagen, der Typ in Uniform ist ein Schwein, das ist kein Mensch, und so haben wir uns mit ihm auseinanderzusetzen. Das hei\u00dft, wir haben nicht mit ihm zu reden, und es ist falsch, \u00fcberhaupt mit diesen Leuten zu reden, und nat\u00fcrlich kann geschossen werden.\u201c<\/i><\/p>\n<p>Diese Worte Ulrike Meinhofs, einer der f\u00fchrenden K\u00f6pfe der \u201eRoten Armee Fraktion\u201c (RAF), Journalistin und Mutter von zwei Kindern, geben den Ton f\u00fcr diesen rasanten Film an. Mit dem \u201eBaader Meinhof Komplex\u201c ist es dem Regisseur Uli Edel gelungen, \u00fcber ein markantes Ph\u00e4nomen in unserer Zeitgeschichte zu berichten, von dem die meisten jungen Menschen heute nicht die geringste Ahnung haben. Chronologisch vorgehend, schafft es der Regisseur mit der n\u00f6tigen Distanz, dem Zuschauer einen groben \u00dcberblick \u00fcber die damalige Situation zu verschaffen, und gibt einem die M\u00f6glichkeit, sich \u00fcber die Gef\u00fchle und Beweggr\u00fcnde der einzelnen Personen im Klaren zu werden. Nur manchmal sind die Szenen vielleicht mit zu vielen Handlungen \u00fcbers\u00e4ht, so dass dem Zuschauer die n\u00f6tige Zeit fehlt, um \u00fcber die Geschehnisse richtig nachzudenken. Gut und B\u00f6se, Recht und Unrecht, Wahrheit und L\u00fcge sind im Film nicht klar definiert, obwohl Schauspieler wie Martina Gedeck als Ulrike Meinhof oder Moritz Bleibtreu als Andreas Baader die Emotionen und Eigenheiten der Hauptpersonen sehr \u00fcberzeugend darstellen. In einer Zeit, in der die Filmproduktion jeden Krieg zu einem Feuerwerk veranschaulicht, ist der Zuschauer von zu viel Authentizit\u00e4t gelangweilt. Die Geschichte wurde ohnehin schon dutzende Male erz\u00e4hlt: Die 68er-Jahre, die Zeit der Studentenbewegung, Ermordung von Benno Ohnesorg, Anschl\u00e4ge, Verurteilungen, Befreiungen, wieder Verhaftungen, Entf\u00fchrungen, Selbstmord, Mord, Selbstgerechtigkeit. Uli Edel will mit diesem Film nicht aufkl\u00e4ren, sondern unterhalten (das w\u00e4re von einem Spielfilm von 150 Minuten Dauer auch zu viel verlangt, man will die Zuschauer ja nicht \u00fcberfordern).<br \/>\nLetzten Endes bleibt alles offen und irgendwie sinnentleert. War die Radikalisierung von jungen Menschen mit der Perspektive auf eine Revolution eine unvermeidliche Folge aus der Repression des Staates, oder war es eher umgekehrt? Die Antworten, die sich nach dem Kinobesuch auf alle im Film auftauchenden Fragen aufdr\u00e4ngen, fallen meines Erachtens sehr unterschiedlich aus. In den Anf\u00e4ngen der RAF waren noch \u00fcber 30% der deutschen Zivilbev\u00f6lkerung laut Umfragen dazu bereit, RAF-Mitglieder bei sich zu Hause zu verstecken, jedoch als sich der \u201eBefreiungskampf\u201c immer mehr zu einem Privatkrieg mit den deutschen Beh\u00f6rden entwickelte und namhafte linke Intellektuelle der RAF ihre Berechtigung absprachen, rannten die Revolution\u00e4re in eine Sackgasse. Waren ihre Vorstellungen nichts weiter als willk\u00fcrliches Wunschdenken? Tatsache ist, dass die Vision von Baader, Ensslin und Meinhof zu diesem Zeitpunkt schon gescheitert und ihr Tod quasi die letzte Konsequenz aus der Form ihres Protests war. Alles in allem ist \u201eDer Baader Meinhof Komplex\u201c ein sehr spannender und lehrreicher Film, welchen ich nur empfehlen kann. Explizit der j\u00fcngeren Generationen w\u00fcrde ich diesen Film ans Herz legen, da man so viele Ereignisse aus unserer Geschichte kennen lernt.<\/p>\n<p>Yannick Baumgartner<\/p>\n\n","protected":false},"excerpt":{"rendered":"<div class=\"mh-excerpt\"><p>\u201eWir sagen nat\u00fcrlich, die Bullen sind Schweine, wir sagen, der Typ in Uniform ist ein Schwein, das ist kein Mensch, und so haben wir uns mit ihm auseinanderzusetzen. Das hei\u00dft, wir haben nicht mit ihm zu reden, und es ist falsch, \u00fcberhaupt mit diesen Leuten zu reden, und nat\u00fcrlich kann geschossen werden.\u201c<br \/>\nFoto: Rainer Sturm\/pixelio.de<\/p>\n<\/div>","protected":false},"author":25,"featured_media":702,"comment_status":"open","ping_status":"open","sticky":false,"template":"","format":"standard","meta":{"footnotes":""},"categories":[20,7],"tags":[],"_links":{"self":[{"href":"https:\/\/bos-scheyern.de\/sz\/index.php?rest_route=\/wp\/v2\/posts\/1774"}],"collection":[{"href":"https:\/\/bos-scheyern.de\/sz\/index.php?rest_route=\/wp\/v2\/posts"}],"about":[{"href":"https:\/\/bos-scheyern.de\/sz\/index.php?rest_route=\/wp\/v2\/types\/post"}],"author":[{"embeddable":true,"href":"https:\/\/bos-scheyern.de\/sz\/index.php?rest_route=\/wp\/v2\/users\/25"}],"replies":[{"embeddable":true,"href":"https:\/\/bos-scheyern.de\/sz\/index.php?rest_route=%2Fwp%2Fv2%2Fcomments&post=1774"}],"version-history":[{"count":6,"href":"https:\/\/bos-scheyern.de\/sz\/index.php?rest_route=\/wp\/v2\/posts\/1774\/revisions"}],"predecessor-version":[{"id":1794,"href":"https:\/\/bos-scheyern.de\/sz\/index.php?rest_route=\/wp\/v2\/posts\/1774\/revisions\/1794"}],"wp:featuredmedia":[{"embeddable":true,"href":"https:\/\/bos-scheyern.de\/sz\/index.php?rest_route=\/wp\/v2\/media\/702"}],"wp:attachment":[{"href":"https:\/\/bos-scheyern.de\/sz\/index.php?rest_route=%2Fwp%2Fv2%2Fmedia&parent=1774"}],"wp:term":[{"taxonomy":"category","embeddable":true,"href":"https:\/\/bos-scheyern.de\/sz\/index.php?rest_route=%2Fwp%2Fv2%2Fcategories&post=1774"},{"taxonomy":"post_tag","embeddable":true,"href":"https:\/\/bos-scheyern.de\/sz\/index.php?rest_route=%2Fwp%2Fv2%2Ftags&post=1774"}],"curies":[{"name":"wp","href":"https:\/\/api.w.org\/{rel}","templated":true}]}}