{"id":1850,"date":"2017-02-15T20:06:48","date_gmt":"2017-02-15T19:06:48","guid":{"rendered":"https:\/\/bos-scheyern.de\/sz\/?p=1850"},"modified":"2017-02-23T20:15:37","modified_gmt":"2017-02-23T19:15:37","slug":"interview-mit-dem-pfaffenhofener-buergermeister-herrn-thomas-herker-zum-thema-soziale-medien","status":"publish","type":"post","link":"https:\/\/bos-scheyern.de\/sz\/?p=1850","title":{"rendered":"Interview mit dem Pfaffenhofener B\u00fcrgermeister, Herrn Thomas Herker, zum Thema \u201eSoziale Medien\u201c"},"content":{"rendered":"<p><em>Das Interview f\u00fchrten Gr\u00fcner Maximilian, G\u00fcntner Michael, Jocham Lena, Kluth Tobias, Vieregg Marcek (B-VKTW)<\/em><\/p>\n<p><img loading=\"lazy\" decoding=\"async\" class=\"alignnone size-full wp-image-1874\" src=\"https:\/\/bos-scheyern.de\/sz\/wp-content\/uploads\/2017\/02\/herker.jpg\" alt=\"\" width=\"600\" height=\"347\" srcset=\"https:\/\/bos-scheyern.de\/sz\/wp-content\/uploads\/2017\/02\/herker.jpg 600w, https:\/\/bos-scheyern.de\/sz\/wp-content\/uploads\/2017\/02\/herker-200x116.jpg 200w, https:\/\/bos-scheyern.de\/sz\/wp-content\/uploads\/2017\/02\/herker-300x174.jpg 300w, https:\/\/bos-scheyern.de\/sz\/wp-content\/uploads\/2017\/02\/herker-52x30.jpg 52w, https:\/\/bos-scheyern.de\/sz\/wp-content\/uploads\/2017\/02\/herker-400x231.jpg 400w\" sizes=\"(max-width: 600px) 100vw, 600px\" \/><\/p>\n<p><strong><em>Interview-Team: <\/em><\/strong><em>Herr Herker, nutzen Sie soziale Netzwerke?<\/em><\/p>\n<p><strong>Thomas Herker:<\/strong> Ja, mein erstes soziales Netzwerk war \u201ePafnet\u201c. Im Jahr 2009 bin ich dann auf \u201eFacebook\u201c umgestiegen und ich bin auch noch bei \u201eXing\u201c registriert. Des Weiteren nutze ich als moderne Kommunikationstechniken \u201eWhatsApp\u201c und den \u201eFacebook-Messenger\u201c.<\/p>\n\n<p><strong><em>Interview-Team: <\/em><\/strong><em>Haben oder hatten soziale Netzwerke Einfluss auf Ihre Karriere?<\/em><\/p>\n<p><strong>Thomas Herker:<\/strong> Ja, diese haben Einfluss auf meine Karriere als B\u00fcrgermeister gehabt. Dazu m\u00f6chte ich ein Beispiel anbringen. Im M\u00e4rz 2008 nach dem ersten Wahlgang ging ich mit meinem Amtsvorg\u00e4nger in die Stichwahl. Aufgrund einer Anfrage von \u201ePafnet\u201c drehte ich ein 3-Minuten-Video. Dieses wurde dann sehr oft angeklickt und ich m\u00f6chte sagen, es hatte wohl Einfluss zu meinen Gunsten.<\/p>\n\n<p><strong><em>Interview-Team: <\/em><\/strong><em>Haben Sie soziale Netzwerke f\u00fcr den Wahlkampf benutzt bzw. hatten Sie Einfluss auf die Wahl?<\/em><\/p>\n<p><strong>Thomas Herker:<\/strong> Ja, ich m\u00f6chte sagen, dass ich im Wahlkampf 2008, soweit ich mich erinnern kann, als Erster, aktiv \u201ePafnet\u201c f\u00fcr meinen Wahlkampf benutzt habe. Dies hat auch dazu gedient, junge Menschen zu \u00fcberzeugen, w\u00e4hlen zu gehen und ihr Kreuz bei dem \u201eHerker\u201c und der SPD zu setzen. Nach meiner Wahl zum B\u00fcrgermeister waren meine Profile bei \u201eFacebook\u201c und \u201ePafnet\u201c sehr stark besucht. Auch heute bekomme ich t\u00e4glich Anregungen von B\u00fcrgern auf \u201eFacebook\u201c.<\/p>\n\n<p><strong><em>Interview-Team: <\/em><\/strong><em>Denken Sie, dass Social Media Einfluss auf Entwicklungen innerhalb unserer Gesellschaft nimmt?<\/em><\/p>\n<p><strong>Thomas Herker:<\/strong> Ja ganz bestimmt, ein Gro\u00dfteil der Kommunikation l\u00e4uft \u00fcber soziale Netzwerke. Mittlerweile h\u00e4ngt so gut wie jeder am Handy, also zum einen wird dar\u00fcber kommuniziert und zum anderen verbreiten sich dar\u00fcber Meldungen und Informationen. Heute wei\u00df jeder alles, der fr\u00fchmorgens \u201eFacebook\u201c aufmacht. Das Gleiche gilt f\u00fcr politische Informationen und Diskussionen, man \u00fcberspitzt gerne. Aber es ist auch Vorsicht geboten.<\/p>\n\n<p><strong><em>Interview-Team: <\/em><\/strong><em>Unterst\u00fctzt Sie jemand bei Ihrer \u00d6ffentlichkeitsarbeit in den sozialen Netzwerken?<\/em><\/p>\n<p><strong>Thomas Herker:<\/strong> Also ich als B\u00fcrgermeister bin selbst auf Facebook aktiv. Dort poste ich t\u00e4glich und ich mache das selbst. F\u00fcr die st\u00e4dtische Kommunikation ist eine extra Abteilung zust\u00e4ndig. Diese k\u00fcmmert sich um das Marketing und die \u00d6ffentlichkeitsarbeit. Dort bespielen wir verschiedene Plattformen, wie zum Beispiel \u201eTwitter\u201c, \u201ePAFundDu\u201c und den \u201ePfaffenhofener B\u00fcrgermelder\u201c, in dem wir verschiedene Veranstaltungen und Organisationen posten. Das wird schon professionell gehandhabt.<\/p>\n\n<p><strong><em>Interview-Team: Wie stehen Sie zu der Aussage: <\/em><\/strong><em>\u201eImmer mehr private Daten werden durch soziale Netzwerke ver\u00f6ffentlicht sowie an Dritte weitergegeben. So wird der Nutzer dieser Netzwerke zum \u201egl\u00e4sernen\u201c B\u00fcrger?\u201c<\/em><\/p>\n<p><strong>Thomas Herker:<\/strong> Vermutlich. Ich wei\u00df nicht, mit welchen Anwendungen ich wem welchen Zugriff auf meine Daten im Detail gegeben habe. Interessant wird es immer, wenn man dann die gesammelten Daten zusammenf\u00fchren kann. Allein die Daten, die ich selbst auf \u201eFacebook\u201c gestellt habe, lassen sich auf ein gewisses Pers\u00f6nlichkeits-profil schlie\u00dfen, zum Beispiel auf meinen Wohnort und meine Hobbys. Die Geheimdienste nehmen dies dankend an und auch die Werbeindustrie verdient mit gezielter, personalisierter Reklame gutes Geld.<\/p>\n","protected":false},"excerpt":{"rendered":"<div class=\"mh-excerpt\"><p>Das Interview f\u00fchrten Gr\u00fcner Maximilian, G\u00fcntner Michael, Jocham Lena, Kluth Tobias, Vieregg Marcek (B-VKTW) Interview-Team: Herr Herker, nutzen Sie soziale Netzwerke? Thomas Herker: Ja, mein <a class=\"mh-excerpt-more\" href=\"https:\/\/bos-scheyern.de\/sz\/?p=1850\" title=\"Interview mit dem Pfaffenhofener B\u00fcrgermeister, Herrn Thomas Herker, zum Thema \u201eSoziale Medien\u201c\">[&#8230;]<\/a><\/p>\n<\/div>","protected":false},"author":1,"featured_media":1874,"comment_status":"open","ping_status":"open","sticky":false,"template":"","format":"standard","meta":{"footnotes":""},"categories":[20,9,4],"tags":[],"_links":{"self":[{"href":"https:\/\/bos-scheyern.de\/sz\/index.php?rest_route=\/wp\/v2\/posts\/1850"}],"collection":[{"href":"https:\/\/bos-scheyern.de\/sz\/index.php?rest_route=\/wp\/v2\/posts"}],"about":[{"href":"https:\/\/bos-scheyern.de\/sz\/index.php?rest_route=\/wp\/v2\/types\/post"}],"author":[{"embeddable":true,"href":"https:\/\/bos-scheyern.de\/sz\/index.php?rest_route=\/wp\/v2\/users\/1"}],"replies":[{"embeddable":true,"href":"https:\/\/bos-scheyern.de\/sz\/index.php?rest_route=%2Fwp%2Fv2%2Fcomments&post=1850"}],"version-history":[{"count":2,"href":"https:\/\/bos-scheyern.de\/sz\/index.php?rest_route=\/wp\/v2\/posts\/1850\/revisions"}],"predecessor-version":[{"id":1875,"href":"https:\/\/bos-scheyern.de\/sz\/index.php?rest_route=\/wp\/v2\/posts\/1850\/revisions\/1875"}],"wp:featuredmedia":[{"embeddable":true,"href":"https:\/\/bos-scheyern.de\/sz\/index.php?rest_route=\/wp\/v2\/media\/1874"}],"wp:attachment":[{"href":"https:\/\/bos-scheyern.de\/sz\/index.php?rest_route=%2Fwp%2Fv2%2Fmedia&parent=1850"}],"wp:term":[{"taxonomy":"category","embeddable":true,"href":"https:\/\/bos-scheyern.de\/sz\/index.php?rest_route=%2Fwp%2Fv2%2Fcategories&post=1850"},{"taxonomy":"post_tag","embeddable":true,"href":"https:\/\/bos-scheyern.de\/sz\/index.php?rest_route=%2Fwp%2Fv2%2Ftags&post=1850"}],"curies":[{"name":"wp","href":"https:\/\/api.w.org\/{rel}","templated":true}]}}