{"id":1914,"date":"2017-10-26T08:00:41","date_gmt":"2017-10-26T06:00:41","guid":{"rendered":"https:\/\/bos-scheyern.de\/sz\/?p=1914"},"modified":"2017-10-31T08:54:58","modified_gmt":"2017-10-31T07:54:58","slug":"infotag-duales-studium","status":"publish","type":"post","link":"https:\/\/bos-scheyern.de\/sz\/?p=1914","title":{"rendered":"Infotag &#8222;duales Studium&#8220;"},"content":{"rendered":"<div id=\"attachment_1915\" style=\"width: 310px\" class=\"wp-caption alignright\"><img loading=\"lazy\" decoding=\"async\" aria-describedby=\"caption-attachment-1915\" class=\"wp-image-1915 size-large\" src=\"https:\/\/bos-scheyern.de\/sz\/wp-content\/uploads\/2017\/10\/duales_studium_messe_28.09.17-300x200.jpg\" alt=\"\" width=\"300\" height=\"200\" \/><p id=\"caption-attachment-1915\" class=\"wp-caption-text\">Sch\u00fcler auf dem Infotag zum dualen Studium an der FOS\/BOS Scheyern<\/p><\/div>\n<p>Kugelschreiber, Bl\u00f6cke und ein Stressball. Neben vielen Werbegeschenken gab es <i>in<\/i> der Ausstellung zum Thema \u201eDuales Studium\u201c f\u00fcr die 11. Klassen der FOS\/BOS Scheyern am 28.09 auch einige wichtige Informationen f\u00fcr die Zukunft.<\/p>\n<p>Die ausstellenden Firmen freuten sich sehr \u00fcber den gro\u00dfen Sch\u00fclerandrang \u2013 nicht nur aus Scheyern, sondern auch aus der Oberstufe des Gymnasiums Pfaffenhofen. Zwei Vortr\u00e4ge von Melanie Wittmann und Pascal Geusch (Finanzamt Pfaffenhofen) sowie Tamira Cernko und Amor Gnanapiragaasam (Bayern LB) boten genauere Infos \u00fcber die Ausbildungs- und dualen Studienangebote ihrer Firmen, vom idyllischen Standort der Hochschulen bis hin zum maximalen Gehalt nach 30 Jahren im Betrieb. Au\u00dferdem wurde der Aufbau der dreij\u00e4hrigen Studieng\u00e4nge genau erkl\u00e4rt sowie Tipps f\u00fcr die Bewerbung und das Studium selbst gegeben.<\/p>\n<p>Danach ging es zu den St\u00e4nden, wo viele verschiedene Firmen duale Studieng\u00e4nge und Ausbildungen in alle Richtungen der Branche anboten: Als Universit\u00e4ten waren die LH M\u00fcnchen, die KU Eichst\u00e4tt sowie die TH Ingolstadt vertreten. Sie berieten Sch\u00fcler \u00fcber m\u00f6gliche Studieng\u00e4nge und deren Voraussetzungen.<\/p>\n<p>Im Bereich des \u00f6ffentlichen Dienstes waren das vorher erw\u00e4hnte Finanzamt Pfaffenhofen, die Stadtverwaltung M\u00fcnchen sowie die Deutsche Bundesbank pr\u00e4sent. Auch einige private Unternehmen berieten die Sch\u00fcler \u00fcber ihre Angebote an Ausbildungen und dualen Studieng\u00e4ngen, wie Bauer, HiPP, Airbus und Fitnexx. \u201eWir sind dieses Jahr zum ersten Mal hier und freuen uns darauf, auch in den kommenden Jahren wieder teilzunehmen.\u201c, so Anna Ullmann von Yaskawa.<\/p>\n<p>Weitere Infos zum dualen Studium gibt es auf den Internetseiten der jeweiligen Arbeitgeber oder auf Veranstaltungen zur Studienberatung (Infos werden im Gang gegen\u00fcber dem Lehrerzimmer der FOS\/BOS Scheyern ausgeh\u00e4ngt).<\/p>\n\n<p style=\"text-align: right;\">Fabian Nestele<\/p>\n","protected":false},"excerpt":{"rendered":"<div class=\"mh-excerpt\"><p>Kugelschreiber, Bl\u00f6cke und ein Stressball. Neben vielen Werbegeschenken gab es in der Ausstellung zum Thema \u201eDuales Studium\u201c f\u00fcr die 11. Klassen der FOS\/BOS Scheyern am <a class=\"mh-excerpt-more\" href=\"https:\/\/bos-scheyern.de\/sz\/?p=1914\" title=\"Infotag &#8222;duales Studium&#8220;\">[&#8230;]<\/a><\/p>\n<\/div>","protected":false},"author":29,"featured_media":1915,"comment_status":"open","ping_status":"open","sticky":false,"template":"","format":"standard","meta":{"footnotes":""},"categories":[20,5,9,1],"tags":[],"_links":{"self":[{"href":"https:\/\/bos-scheyern.de\/sz\/index.php?rest_route=\/wp\/v2\/posts\/1914"}],"collection":[{"href":"https:\/\/bos-scheyern.de\/sz\/index.php?rest_route=\/wp\/v2\/posts"}],"about":[{"href":"https:\/\/bos-scheyern.de\/sz\/index.php?rest_route=\/wp\/v2\/types\/post"}],"author":[{"embeddable":true,"href":"https:\/\/bos-scheyern.de\/sz\/index.php?rest_route=\/wp\/v2\/users\/29"}],"replies":[{"embeddable":true,"href":"https:\/\/bos-scheyern.de\/sz\/index.php?rest_route=%2Fwp%2Fv2%2Fcomments&post=1914"}],"version-history":[{"count":5,"href":"https:\/\/bos-scheyern.de\/sz\/index.php?rest_route=\/wp\/v2\/posts\/1914\/revisions"}],"predecessor-version":[{"id":1935,"href":"https:\/\/bos-scheyern.de\/sz\/index.php?rest_route=\/wp\/v2\/posts\/1914\/revisions\/1935"}],"wp:featuredmedia":[{"embeddable":true,"href":"https:\/\/bos-scheyern.de\/sz\/index.php?rest_route=\/wp\/v2\/media\/1915"}],"wp:attachment":[{"href":"https:\/\/bos-scheyern.de\/sz\/index.php?rest_route=%2Fwp%2Fv2%2Fmedia&parent=1914"}],"wp:term":[{"taxonomy":"category","embeddable":true,"href":"https:\/\/bos-scheyern.de\/sz\/index.php?rest_route=%2Fwp%2Fv2%2Fcategories&post=1914"},{"taxonomy":"post_tag","embeddable":true,"href":"https:\/\/bos-scheyern.de\/sz\/index.php?rest_route=%2Fwp%2Fv2%2Ftags&post=1914"}],"curies":[{"name":"wp","href":"https:\/\/api.w.org\/{rel}","templated":true}]}}