{"id":1924,"date":"2017-10-23T13:47:36","date_gmt":"2017-10-23T11:47:36","guid":{"rendered":"https:\/\/bos-scheyern.de\/sz\/?p=1924"},"modified":"2017-10-25T07:22:11","modified_gmt":"2017-10-25T05:22:11","slug":"interview-mit-schuelern-aus-der-fos-s11b","status":"publish","type":"post","link":"https:\/\/bos-scheyern.de\/sz\/?p=1924","title":{"rendered":"Interview mit Sch\u00fclern aus der FOS-S11B"},"content":{"rendered":"<p class=\"western\"><span style=\"font-size: medium;\">mit Birgit Thalmayr, Zoe Reiter und Martin Reisenauer<\/span><\/p>\n<p class=\"western\"><span style=\"font-size: medium;\">Interviewer: Anna-Lena Schulz und Kathrin Gottwald<\/span><\/p>\n<p class=\"western\"><span style=\"font-size: medium;\">K: \u201eWie fandet Ihr den Kennenlerntag am Freitag und hat er Euch weitergeholfen?\u201c<\/span><\/p>\n<p class=\"western\"><span style=\"font-size: medium;\">M: \u201eIch finde er hat leider sehr wenig gebracht, weil er einige Tage zu sp\u00e4t war. Au\u00dferdem war die F\u00fchrung durch das Schulhaus zu schnell. Und es war nicht wirklich ein Kennenlerntag, es h\u00e4tte mehr Zeit investiert werden sollen, einerseits um das Schulgel\u00e4nde und andererseits um die Klassenkammeraden besser kennenlernen zu k\u00f6nnen.\u201c<\/span><\/p>\n<p class=\"western\"><span style=\"font-size: medium;\">Z: \u201eIch finde auch, man h\u00e4tte viel mehr Zeit in dem Klassenzimmer mit seinen Mitsch\u00fclern verbringen sollen, um alle besser kennenlernen zu k\u00f6nnen und die Klassengemeinschaft zu st\u00e4rken. Au\u00dferdem w\u00e4re es sinnvoller gewesen, diesen Tag gleich am zweiten Schultag stattfinden zu lassen, da wir an dem Freitag eh schon wussten, wo welche R\u00e4ume zu finden sind. Aber sehr sch\u00f6n fand ich den Gottesdienst, vor allem, wie er gestaltet war.\u201c<\/span><\/p>\n<p class=\"western\"><span style=\"font-size: medium;\">B: \u201eIch schlie\u00dfe mich den beiden an, der Kennenlerntag h\u00e4tte fr\u00fcher stattfinden m\u00fcssen. Au\u00dferdem war bei der Schulhausf\u00fchrung zu viel Input bei zu geringer Zeit.\u201c<\/span><\/p>\n<p class=\"western\"><span style=\"font-size: medium;\">Z: \u201eUnd teilweise waren auch zu viele Klassen gleichzeitig an einem Ort, sodass man fast nichts von den Zust\u00e4ndigen verstehen konnte.\u201c<\/span><\/p>\n<p class=\"western\"><span style=\"font-size: medium;\">A: \u201eIst es eine gro\u00dfe Umstellung zu Euren vorherigen Schulen?\u201c<\/span><\/p>\n<p class=\"western\"><span style=\"font-size: medium;\">Z: \u201eJa, ist es. Es ist ungew\u00f6hnlich, auf einmal \u201egesiezt\u201c zu werden. Und auch der Umgang der Lehrer mit den Sch\u00fclern ist im positiven Sinn anders.\u201c<\/span><\/p>\n<p class=\"western\"><span style=\"font-size: medium;\">B: \u201eIch muss sagen, es herrscht hier ein ganz anderes Klima zwischen den Lehrern und den Sch\u00fclern. Man kann viel offener miteinander umgehen, die Lehrer schauen nicht auf einen herab und es ist eine viel lockerere Stimmung. Die Lehrer nehmen sich hier auch viel mehr Zeit und gehen auch viel mehr auf den Einzelnen ein, wenn etwas nicht verstanden wird.\u201c<\/span><\/p>\n<p class=\"western\"><span style=\"font-size: medium;\">M: \u201eIch finde auch, man hat hier ein sehr gutes Verh\u00e4ltnis zu seinen Lehrern.\u201c<\/span><\/p>\n<p class=\"western\"><span style=\"font-size: medium;\">K: \u201eHabt Ihr denn einen Unterschied beim Lernen bemerkt?\u201c<\/span><\/p>\n<p class=\"western\"><span style=\"font-size: medium;\">M: \u201eEs ist definitiv intensiver geworden, davor ging es immer eher um das Auswendiglernen und jetzt aber um das Verstehen.\u201c<\/span><\/p>\n<p class=\"western\"><span style=\"font-size: medium;\">B: \u201eJa, da ist ein ganz gro\u00dfer Unterschied. Man bekam in k\u00fcrzester Zeit zu viel reingepresst und hat das nat\u00fcrlich dann sofort wieder vergessen. Jetzt ist es so, dass die Lehrer den Stoff auch gut vermitteln und sich dabei wirklich M\u00fche geben.\u201c<\/span><\/p>\n<p class=\"western\"><span style=\"font-size: medium;\">A: \u201eBleiben wir doch gleich bei den Lehrern, wie findet Ihr sie denn?\u201c<\/span><\/p>\n<p class=\"western\"><span style=\"font-size: medium;\">M: \u201eIch bin sehr zufrieden mit meinen Lehrern. Sie sind sehr offen und auch sehr gut in Ihren jeweiligen Fachgebieten.\u201c<\/span><\/p>\n<p class=\"western\"><span style=\"font-size: medium;\">Z: \u201eSie sind alle sehr freundlich. Und vor allem in den Hauptf\u00e4chern haben wir gute Lehrer bekommen. Auch wenn wir jetzt noch ganz am Anfang stehen, unterst\u00fctzen sie uns schon so gut, wie es geht.\u201c<\/span><\/p>\n<p class=\"western\"><span style=\"font-size: medium;\">B: \u201eIch schlie\u00dfe mich an, sie nehmen sich wirklich Zeit f\u00fcr uns und erkl\u00e4ren etwas zur Not auch f\u00fcnf Mal und bleiben dabei sogar meist noch gut gelaunt.\u201c<\/span><\/p>\n<p class=\"western\"><span style=\"font-size: medium;\">K: \u201eFehlt Euch etwas an der Schule, z.B. Wahlf\u00e4cher oder \u00c4hnliches?\u201c<\/span><\/p>\n<p class=\"western\"><span style=\"font-size: medium;\">Z: \u201eNein eigentlich nicht. Ich finde es sogar gut, dass wir nur so wenige F\u00e4cher haben, da kann man sich einfach viel besser auf diese konzentrieren.\u201c<\/span><\/p>\n<p class=\"western\"><span style=\"font-size: medium;\">M: \u201eMir fehlt auch nichts.\u201c<\/span><\/p>\n<p class=\"western\"><span style=\"font-size: medium;\">B: \u201eMir geht nichts ab, da ich finde, dass man auch ohne zus\u00e4tzliche Wahlf\u00e4cher sehr gut mit anderen Sch\u00fclern aus anderen Klassen in Kontakt kommt.\u201c<\/span><\/p>\n<p class=\"western\"><span style=\"font-size: medium;\">A: \u201eSeid Ihr mit Eurer Klasse und den Klassenzimmern zufrieden?\u201c<\/span><\/p>\n<p class=\"western\"><span style=\"font-size: medium;\">M: \u201eDas passt alles, meine Klassenkameraden sind wirklich alle nett und offen.\u201c<\/span><\/p>\n<p class=\"western\"><span style=\"font-size: medium;\">B: \u201eIch bin sehr zufrieden. Vor allem auch mit den Klassenzimmern, die Ausstattungen wie die Beamer oder der Projektor sind super. Allerdings sollten die Vorh\u00e4nge und Heizungen im Altbau erneuert werden.\u201c<\/span><\/p>\n<p class=\"western\"><span style=\"font-size: medium;\">Z: \u201eAuch das ganze Schulhaus ist sehr sch\u00f6n, nicht wie gewohnt alles aus Plastik, sondern mit Holzb\u00f6den und Statuen (Altbau) &#8211; insgesamt einfach sch\u00f6ner. Au\u00dferdem muss ich wirklich die Toiletten loben, die sind renoviert und immer sauber.\u201c<\/span><\/p>\n<p class=\"western\"><span style=\"font-size: medium;\">K: \u201eLebt Ihr im Wohnheim?\u201c<\/span><\/p>\n<p class=\"western\"><span style=\"font-size: medium;\">M: \u201eNein, ich wohne daheim.\u201c<\/span><\/p>\n<p class=\"western\"><span style=\"font-size: medium;\">Z: \u201eIch auch nicht.\u201c<\/span><\/p>\n<p class=\"western\"><span style=\"font-size: medium;\">B: \u201eIch wohne dort zwar nicht, aber ich bin ziemlich oft dr\u00fcben. Das ist eine sehr nette Gemeinschaft, beispielsweise kochen und essen wir dort in den Pausen zusammen. Au\u00dferdem bin ich so auch mit anderen Sch\u00fclern in Kontakt gekommen, die sind alle super nett, es macht wirklich Spa\u00df.\u201c<\/span><\/p>\n<p class=\"western\"><span style=\"font-size: medium;\">K: \u201eHabt Ihr denn W\u00fcnsche oder seht Ihr irgendwo Verbesserungsbedarf?\u201c<\/span><\/p>\n<p class=\"western\"><span style=\"font-size: medium;\">Z: \u201eMir fehlt eigentlich ein Automat f\u00fcr Getr\u00e4nke und S\u00fc\u00dfigkeiten in der Schule. Und wie bereits gesagt, die Vorh\u00e4nge und Heizungen&#8230;\u201c<\/span><\/p>\n<p class=\"western\"><span style=\"font-size: medium;\">B: \u201eJa, in dem ein oder anderen Klassenzimmer ist es einfach zu kalt oder man kann die Heizung nicht richtig regulieren.\u201c<\/span><\/p>\n<p class=\"western\"><span style=\"font-size: medium;\">M: \u201eIch w\u00fcrde mir w\u00fcnschen, dass die Klassenzimmer in der Fr\u00fch p\u00fcnktlicher aufgesperrt werden. Wir stehen oftmals einfach viel zu lange vor den geschlossenen Klassenzimmern.\u201c<\/span><\/p>\n<p class=\"western\"><span style=\"font-size: medium;\">A: \u201eWo ist Euer Lieblingsplatz an der Schule?\u201c<\/span><\/p>\n<p class=\"western\"><span style=\"font-size: medium;\">M: \u201eGibt es eigentlich nicht, es ist eine sch\u00f6ne Gegend, vor allem im und am Kloster. Scheyern ist einfach ein sch\u00f6ner Ort finde ich.\u201c<\/span><\/p>\n<p class=\"western\"><span style=\"font-size: medium;\">Z: \u201eGanz ehrlich? Im Klassenzimmer. Ich finde es sch\u00f6n, einfach im Klassenzimmer sitzen bleiben zu k\u00f6nnen.\u201c<\/span><\/p>\n<p class=\"western\"><span style=\"font-size: medium;\">B: \u201eIch bin sehr gerne und viel im Wohnheim. Auch in der Gruft macht es immer viel Spa\u00df und es ist eine gute Gelegenheit, andere n\u00e4her kennenlernen zu k\u00f6nnen.\u201c<\/span><\/p>\n","protected":false},"excerpt":{"rendered":"<div class=\"mh-excerpt\"><p>mit Birgit Thalmayr, Zoe Reiter und Martin Reisenauer Interviewer: Anna-Lena Schulz und Kathrin Gottwald K: \u201eWie fandet Ihr den Kennenlerntag am Freitag und hat er <a class=\"mh-excerpt-more\" href=\"https:\/\/bos-scheyern.de\/sz\/?p=1924\" title=\"Interview mit Sch\u00fclern aus der FOS-S11B\">[&#8230;]<\/a><\/p>\n<\/div>","protected":false},"author":29,"featured_media":1933,"comment_status":"open","ping_status":"open","sticky":false,"template":"","format":"standard","meta":{"footnotes":""},"categories":[20,5,1,18],"tags":[],"_links":{"self":[{"href":"https:\/\/bos-scheyern.de\/sz\/index.php?rest_route=\/wp\/v2\/posts\/1924"}],"collection":[{"href":"https:\/\/bos-scheyern.de\/sz\/index.php?rest_route=\/wp\/v2\/posts"}],"about":[{"href":"https:\/\/bos-scheyern.de\/sz\/index.php?rest_route=\/wp\/v2\/types\/post"}],"author":[{"embeddable":true,"href":"https:\/\/bos-scheyern.de\/sz\/index.php?rest_route=\/wp\/v2\/users\/29"}],"replies":[{"embeddable":true,"href":"https:\/\/bos-scheyern.de\/sz\/index.php?rest_route=%2Fwp%2Fv2%2Fcomments&post=1924"}],"version-history":[{"count":2,"href":"https:\/\/bos-scheyern.de\/sz\/index.php?rest_route=\/wp\/v2\/posts\/1924\/revisions"}],"predecessor-version":[{"id":1926,"href":"https:\/\/bos-scheyern.de\/sz\/index.php?rest_route=\/wp\/v2\/posts\/1924\/revisions\/1926"}],"wp:featuredmedia":[{"embeddable":true,"href":"https:\/\/bos-scheyern.de\/sz\/index.php?rest_route=\/wp\/v2\/media\/1933"}],"wp:attachment":[{"href":"https:\/\/bos-scheyern.de\/sz\/index.php?rest_route=%2Fwp%2Fv2%2Fmedia&parent=1924"}],"wp:term":[{"taxonomy":"category","embeddable":true,"href":"https:\/\/bos-scheyern.de\/sz\/index.php?rest_route=%2Fwp%2Fv2%2Fcategories&post=1924"},{"taxonomy":"post_tag","embeddable":true,"href":"https:\/\/bos-scheyern.de\/sz\/index.php?rest_route=%2Fwp%2Fv2%2Ftags&post=1924"}],"curies":[{"name":"wp","href":"https:\/\/api.w.org\/{rel}","templated":true}]}}