{"id":2162,"date":"2018-02-19T16:08:33","date_gmt":"2018-02-19T15:08:33","guid":{"rendered":"https:\/\/bos-scheyern.de\/sz\/?p=2162"},"modified":"2018-02-19T16:08:33","modified_gmt":"2018-02-19T15:08:33","slug":"stadt-ohne-herz-stirbt-der-hauptplatz-aus","status":"publish","type":"post","link":"https:\/\/bos-scheyern.de\/sz\/?p=2162","title":{"rendered":"Stadt ohne Herz: Stirbt der Hauptplatz aus?"},"content":{"rendered":"<p>Sp\u00e4testens seit der Stadtratsversammlung am 8. November 2017 diskutiert ganz Pfaffenhofen und seine anliegenden Orte \u00fcber die Hauptplatz-Durchfahrtssperre, die aber fr\u00fchestens 2019 eingef\u00fchrt werden soll.<\/p>\n<p>Ein Thema, das uns alle betrifft, da wir alle die Innenstadt nutzen. Wir stellen uns deshalb die Frage, ob eine Verhinderung der Durchfahrt \u00fcber den Hauptplatz, den Hofberg und die Frauenstra\u00dfe sinnvoll ist.<\/p>\n<p>Die Meinung der Anwohner ist gespalten. Viele sind daf\u00fcr und begr\u00fcnden ihr Ansicht damit, dass der Hauptplatz damit f\u00fcr Fu\u00dfg\u00e4nger und Radfahrer sicherer werden w\u00fcrde. Denn einige der Autofahrer halten sich nicht an die vorgegeben Geschwindigkeitsbegrenzung von 20 km\/h und fahren mit rasanter Geschwindigkeit \u00fcber den Hauptplatz. Uns f\u00e4llt das ebenfalls regelm\u00e4\u00dfig auf und wir wundern uns, warum noch kein Unfall passiert ist. Au\u00dferdem ist vor allem letztes Jahr bei der Landesgartenschau deutlich geworden, wie wichtig der Hauptplatz als Treffpunkt f\u00fcr Jung und Alt ist, da jeder die Caf\u00e9s, B\u00e4ckereien oder Restaurants besucht. Das einzige, das diese Harmonie st\u00f6rt, ist der L\u00e4rm, den das hohe Verkehrsaufkommen verursacht. Durch den Entscheid des Stadtrates, die Durchfahrt zu sperren, k\u00f6nnte dies vermieden werden.<\/p>\n<p>Doch nicht alle sind von dieser Entscheidung begeistert. Einige sind der Meinung, dass durch die Durchfahrtsblockade das Stadtzentrum aussterben und die anliegenden Gesch\u00e4fte darunter leiden werden. Denn kann es sein, dass L\u00e4den schlie\u00dfen m\u00fcssen, da die Leute eventuell keine Lust mehr haben, auf dem toten Hauptplatz einkaufen zu gehen. Die Tatsache, dass durch die Sperre noch mehr Parkm\u00f6glichkeiten wegfallen, obwohl es davon sowieso schon zu wenige gibt, ist noch ein weiterer Aspekt, der dagegen spricht. Auch werden k\u00f6rperlich Beeintr\u00e4chtigte sowie Senioren unter diesem Beschluss leiden, da sie weiter entfernt parken und daher eine l\u00e4ngere Strecke zur\u00fccklegen m\u00fcssten, die sie aufgrund ihrer gesundheitlichen Verfassung vielleicht nicht mehr schaffen.<\/p>\n<p>Des Weiteren schrieb der Facebook Nutzer Wolfgang Staudacher unter einer Facebook-Umfrage zu diesem Thema:<\/p>\n<p><em>\u201eDas macht aus meiner Sicht keinen Sinn, da Pfaffenhofen nicht die Gr\u00f6\u00dfe von Ingolstadt oder M\u00fcnchen hat, um hier aus dem Hauptplatz eine Fu\u00dfg\u00e4ngerzone zu machen und somit die Durchfahrt zu sperren.\u201c<\/em><\/p>\n<p>Wir geben Staudacher Recht, da es sich nicht lohnt unsere Stadtmitte in eine Fu\u00dfg\u00e4ngerzone umwandeln, weil wir nur eine Kleinstadt sind und die letzten Jahre auch ohne diese Durchfahrtssperre klar gekommen sind.<\/p>\n<p>Ob die Stadtverwaltung eine alternative L\u00f6sung findet, die sowohl Chancen als auch Risiken ber\u00fccksichtigt, werden wir in naher Zukunft sehen. Au\u00dferdem hoffen wir, dass sie auf die W\u00fcnsche der B\u00fcrger eingeht und beispielsweise mehr Parkm\u00f6glichkeiten schafft.<\/p>\n<p>Elisabeth Wagner, Ariane Schechinger<\/p>\n\n","protected":false},"excerpt":{"rendered":"<div class=\"mh-excerpt\"><p>Sp\u00e4testens seit der Stadtratsversammlung am 8. November 2017 diskutiert ganz Pfaffenhofen und seine anliegenden Orte \u00fcber die Hauptplatz-Durchfahrtssperre, die aber fr\u00fchestens 2019 eingef\u00fchrt werden soll. <a class=\"mh-excerpt-more\" href=\"https:\/\/bos-scheyern.de\/sz\/?p=2162\" title=\"Stadt ohne Herz: Stirbt der Hauptplatz aus?\">[&#8230;]<\/a><\/p>\n<\/div>","protected":false},"author":34,"featured_media":2163,"comment_status":"open","ping_status":"open","sticky":false,"template":"","format":"standard","meta":{"footnotes":""},"categories":[20,5,9],"tags":[],"_links":{"self":[{"href":"https:\/\/bos-scheyern.de\/sz\/index.php?rest_route=\/wp\/v2\/posts\/2162"}],"collection":[{"href":"https:\/\/bos-scheyern.de\/sz\/index.php?rest_route=\/wp\/v2\/posts"}],"about":[{"href":"https:\/\/bos-scheyern.de\/sz\/index.php?rest_route=\/wp\/v2\/types\/post"}],"author":[{"embeddable":true,"href":"https:\/\/bos-scheyern.de\/sz\/index.php?rest_route=\/wp\/v2\/users\/34"}],"replies":[{"embeddable":true,"href":"https:\/\/bos-scheyern.de\/sz\/index.php?rest_route=%2Fwp%2Fv2%2Fcomments&post=2162"}],"version-history":[{"count":1,"href":"https:\/\/bos-scheyern.de\/sz\/index.php?rest_route=\/wp\/v2\/posts\/2162\/revisions"}],"predecessor-version":[{"id":2164,"href":"https:\/\/bos-scheyern.de\/sz\/index.php?rest_route=\/wp\/v2\/posts\/2162\/revisions\/2164"}],"wp:featuredmedia":[{"embeddable":true,"href":"https:\/\/bos-scheyern.de\/sz\/index.php?rest_route=\/wp\/v2\/media\/2163"}],"wp:attachment":[{"href":"https:\/\/bos-scheyern.de\/sz\/index.php?rest_route=%2Fwp%2Fv2%2Fmedia&parent=2162"}],"wp:term":[{"taxonomy":"category","embeddable":true,"href":"https:\/\/bos-scheyern.de\/sz\/index.php?rest_route=%2Fwp%2Fv2%2Fcategories&post=2162"},{"taxonomy":"post_tag","embeddable":true,"href":"https:\/\/bos-scheyern.de\/sz\/index.php?rest_route=%2Fwp%2Fv2%2Ftags&post=2162"}],"curies":[{"name":"wp","href":"https:\/\/api.w.org\/{rel}","templated":true}]}}