{"id":2187,"date":"2018-02-27T21:44:15","date_gmt":"2018-02-27T20:44:15","guid":{"rendered":"https:\/\/bos-scheyern.de\/sz\/?p=2187"},"modified":"2018-02-27T21:46:26","modified_gmt":"2018-02-27T20:46:26","slug":"eindruecke-vom-tag-der-offenen-schule","status":"publish","type":"post","link":"https:\/\/bos-scheyern.de\/sz\/?p=2187","title":{"rendered":"Eindr\u00fccke vom Tag der offenen Schule"},"content":{"rendered":"<p><img loading=\"lazy\" decoding=\"async\" class=\"alignnone size-full wp-image-2177\" src=\"https:\/\/bos-scheyern.de\/sz\/wp-content\/uploads\/2018\/02\/P1000061.jpg\" alt=\"\" width=\"5472\" height=\"3080\" srcset=\"https:\/\/bos-scheyern.de\/sz\/wp-content\/uploads\/2018\/02\/P1000061.jpg 5472w, https:\/\/bos-scheyern.de\/sz\/wp-content\/uploads\/2018\/02\/P1000061-200x113.jpg 200w, https:\/\/bos-scheyern.de\/sz\/wp-content\/uploads\/2018\/02\/P1000061-768x432.jpg 768w, https:\/\/bos-scheyern.de\/sz\/wp-content\/uploads\/2018\/02\/P1000061-300x169.jpg 300w, https:\/\/bos-scheyern.de\/sz\/wp-content\/uploads\/2018\/02\/P1000061-1920x1081.jpg 1920w, https:\/\/bos-scheyern.de\/sz\/wp-content\/uploads\/2018\/02\/P1000061-53x30.jpg 53w, https:\/\/bos-scheyern.de\/sz\/wp-content\/uploads\/2018\/02\/P1000061-1250x704.jpg 1250w, https:\/\/bos-scheyern.de\/sz\/wp-content\/uploads\/2018\/02\/P1000061-400x225.jpg 400w\" sizes=\"(max-width: 5472px) 100vw, 5472px\" \/><\/p>\n<p>F\u00fcr die vielen Besucher am Tag der offenen Schule gab es ein leckeres Kuchenbuffet.<\/p>\n<p><img loading=\"lazy\" decoding=\"async\" class=\"alignnone size-full wp-image-2178\" src=\"https:\/\/bos-scheyern.de\/sz\/wp-content\/uploads\/2018\/02\/P1000064.jpg\" alt=\"\" width=\"5472\" height=\"3080\" srcset=\"https:\/\/bos-scheyern.de\/sz\/wp-content\/uploads\/2018\/02\/P1000064.jpg 5472w, https:\/\/bos-scheyern.de\/sz\/wp-content\/uploads\/2018\/02\/P1000064-200x113.jpg 200w, https:\/\/bos-scheyern.de\/sz\/wp-content\/uploads\/2018\/02\/P1000064-768x432.jpg 768w, https:\/\/bos-scheyern.de\/sz\/wp-content\/uploads\/2018\/02\/P1000064-300x169.jpg 300w, https:\/\/bos-scheyern.de\/sz\/wp-content\/uploads\/2018\/02\/P1000064-1920x1081.jpg 1920w, https:\/\/bos-scheyern.de\/sz\/wp-content\/uploads\/2018\/02\/P1000064-53x30.jpg 53w, https:\/\/bos-scheyern.de\/sz\/wp-content\/uploads\/2018\/02\/P1000064-1250x704.jpg 1250w, https:\/\/bos-scheyern.de\/sz\/wp-content\/uploads\/2018\/02\/P1000064-400x225.jpg 400w\" sizes=\"(max-width: 5472px) 100vw, 5472px\" \/><\/p>\n<p>F\u00fcr Interessierte bestand die M\u00f6glichkeit, sich Vortr\u00e4ge \u00fcber die Technische Hochschule Ingolstadt oder \u00fcber die Hochschule Weihenstephan-Triesdorf anzuh\u00f6ren.<\/p>\n<p><img loading=\"lazy\" decoding=\"async\" class=\"alignnone size-full wp-image-2175\" src=\"https:\/\/bos-scheyern.de\/sz\/wp-content\/uploads\/2018\/02\/P1000057-e1519743472766.jpg\" alt=\"\" width=\"5472\" height=\"3080\" \/><\/p>\n<p>Aus erster Hand berichteten die 12. Klassen \u00fcber die Fachpraktische Ausbildung, die in der 11. Klasse absolviert wird.<\/p>\n<p><img loading=\"lazy\" decoding=\"async\" class=\"alignnone size-full wp-image-2179\" src=\"https:\/\/bos-scheyern.de\/sz\/wp-content\/uploads\/2018\/02\/P1000075.jpg\" alt=\"\" width=\"5472\" height=\"3080\" srcset=\"https:\/\/bos-scheyern.de\/sz\/wp-content\/uploads\/2018\/02\/P1000075.jpg 5472w, https:\/\/bos-scheyern.de\/sz\/wp-content\/uploads\/2018\/02\/P1000075-200x113.jpg 200w, https:\/\/bos-scheyern.de\/sz\/wp-content\/uploads\/2018\/02\/P1000075-768x432.jpg 768w, https:\/\/bos-scheyern.de\/sz\/wp-content\/uploads\/2018\/02\/P1000075-300x169.jpg 300w, https:\/\/bos-scheyern.de\/sz\/wp-content\/uploads\/2018\/02\/P1000075-1920x1081.jpg 1920w, https:\/\/bos-scheyern.de\/sz\/wp-content\/uploads\/2018\/02\/P1000075-53x30.jpg 53w, https:\/\/bos-scheyern.de\/sz\/wp-content\/uploads\/2018\/02\/P1000075-1250x704.jpg 1250w, https:\/\/bos-scheyern.de\/sz\/wp-content\/uploads\/2018\/02\/P1000075-400x225.jpg 400w\" sizes=\"(max-width: 5472px) 100vw, 5472px\" \/><\/p>\n<p>Die SMV erz\u00e4hlte \u00fcber die verschiedensten Aktionen, die unter dem Schuljahr f\u00fcr Sch\u00fcler von Sch\u00fclern organisiert werden.<\/p>\n<p><img loading=\"lazy\" decoding=\"async\" class=\"alignnone size-full wp-image-2180\" src=\"https:\/\/bos-scheyern.de\/sz\/wp-content\/uploads\/2018\/02\/P1000078.jpg\" alt=\"\" width=\"5472\" height=\"3080\" srcset=\"https:\/\/bos-scheyern.de\/sz\/wp-content\/uploads\/2018\/02\/P1000078.jpg 5472w, https:\/\/bos-scheyern.de\/sz\/wp-content\/uploads\/2018\/02\/P1000078-200x113.jpg 200w, https:\/\/bos-scheyern.de\/sz\/wp-content\/uploads\/2018\/02\/P1000078-768x432.jpg 768w, https:\/\/bos-scheyern.de\/sz\/wp-content\/uploads\/2018\/02\/P1000078-300x169.jpg 300w, https:\/\/bos-scheyern.de\/sz\/wp-content\/uploads\/2018\/02\/P1000078-1920x1081.jpg 1920w, https:\/\/bos-scheyern.de\/sz\/wp-content\/uploads\/2018\/02\/P1000078-53x30.jpg 53w, https:\/\/bos-scheyern.de\/sz\/wp-content\/uploads\/2018\/02\/P1000078-1250x704.jpg 1250w, https:\/\/bos-scheyern.de\/sz\/wp-content\/uploads\/2018\/02\/P1000078-400x225.jpg 400w\" sizes=\"(max-width: 5472px) 100vw, 5472px\" \/><\/p>\n<p>Basketball-Teams aus den verschiedenen Klassen spielten am Samstag gegeneinander.<\/p>\n<p><img loading=\"lazy\" decoding=\"async\" class=\"alignnone size-full wp-image-2181\" src=\"https:\/\/bos-scheyern.de\/sz\/wp-content\/uploads\/2018\/02\/P1000080.jpg\" alt=\"\" width=\"5472\" height=\"3080\" srcset=\"https:\/\/bos-scheyern.de\/sz\/wp-content\/uploads\/2018\/02\/P1000080.jpg 5472w, https:\/\/bos-scheyern.de\/sz\/wp-content\/uploads\/2018\/02\/P1000080-200x113.jpg 200w, https:\/\/bos-scheyern.de\/sz\/wp-content\/uploads\/2018\/02\/P1000080-768x432.jpg 768w, https:\/\/bos-scheyern.de\/sz\/wp-content\/uploads\/2018\/02\/P1000080-300x169.jpg 300w, https:\/\/bos-scheyern.de\/sz\/wp-content\/uploads\/2018\/02\/P1000080-1920x1081.jpg 1920w, https:\/\/bos-scheyern.de\/sz\/wp-content\/uploads\/2018\/02\/P1000080-53x30.jpg 53w, https:\/\/bos-scheyern.de\/sz\/wp-content\/uploads\/2018\/02\/P1000080-1250x704.jpg 1250w, https:\/\/bos-scheyern.de\/sz\/wp-content\/uploads\/2018\/02\/P1000080-400x225.jpg 400w\" sizes=\"(max-width: 5472px) 100vw, 5472px\" \/><\/p>\n<p>Die THI und Weihenstephan informierten und berieten die Sch\u00fcler auch ganz pers\u00f6nlich zu den Studienbereichen und M\u00f6glichkeiten an der jeweiligen Hochschule.<\/p>\n","protected":false},"excerpt":{"rendered":"<div class=\"mh-excerpt\"><p>F\u00fcr die vielen Besucher am Tag der offenen Schule gab es ein leckeres Kuchenbuffet. F\u00fcr Interessierte bestand die M\u00f6glichkeit, sich Vortr\u00e4ge \u00fcber die Technische Hochschule <a class=\"mh-excerpt-more\" href=\"https:\/\/bos-scheyern.de\/sz\/?p=2187\" title=\"Eindr\u00fccke vom Tag der offenen Schule\">[&#8230;]<\/a><\/p>\n<\/div>","protected":false},"author":34,"featured_media":2178,"comment_status":"open","ping_status":"open","sticky":false,"template":"","format":"standard","meta":{"footnotes":""},"categories":[8,5],"tags":[],"_links":{"self":[{"href":"https:\/\/bos-scheyern.de\/sz\/index.php?rest_route=\/wp\/v2\/posts\/2187"}],"collection":[{"href":"https:\/\/bos-scheyern.de\/sz\/index.php?rest_route=\/wp\/v2\/posts"}],"about":[{"href":"https:\/\/bos-scheyern.de\/sz\/index.php?rest_route=\/wp\/v2\/types\/post"}],"author":[{"embeddable":true,"href":"https:\/\/bos-scheyern.de\/sz\/index.php?rest_route=\/wp\/v2\/users\/34"}],"replies":[{"embeddable":true,"href":"https:\/\/bos-scheyern.de\/sz\/index.php?rest_route=%2Fwp%2Fv2%2Fcomments&post=2187"}],"version-history":[{"count":2,"href":"https:\/\/bos-scheyern.de\/sz\/index.php?rest_route=\/wp\/v2\/posts\/2187\/revisions"}],"predecessor-version":[{"id":2189,"href":"https:\/\/bos-scheyern.de\/sz\/index.php?rest_route=\/wp\/v2\/posts\/2187\/revisions\/2189"}],"wp:featuredmedia":[{"embeddable":true,"href":"https:\/\/bos-scheyern.de\/sz\/index.php?rest_route=\/wp\/v2\/media\/2178"}],"wp:attachment":[{"href":"https:\/\/bos-scheyern.de\/sz\/index.php?rest_route=%2Fwp%2Fv2%2Fmedia&parent=2187"}],"wp:term":[{"taxonomy":"category","embeddable":true,"href":"https:\/\/bos-scheyern.de\/sz\/index.php?rest_route=%2Fwp%2Fv2%2Fcategories&post=2187"},{"taxonomy":"post_tag","embeddable":true,"href":"https:\/\/bos-scheyern.de\/sz\/index.php?rest_route=%2Fwp%2Fv2%2Ftags&post=2187"}],"curies":[{"name":"wp","href":"https:\/\/api.w.org\/{rel}","templated":true}]}}