{"id":2199,"date":"2018-03-24T19:02:02","date_gmt":"2018-03-24T18:02:02","guid":{"rendered":"https:\/\/bos-scheyern.de\/sz\/?p=2199"},"modified":"2018-03-24T19:02:02","modified_gmt":"2018-03-24T18:02:02","slug":"wo-ist-das-engagement-geblieben","status":"publish","type":"post","link":"https:\/\/bos-scheyern.de\/sz\/?p=2199","title":{"rendered":"Wo ist das Engagement geblieben?"},"content":{"rendered":"<p><em>von\u00a0Babette\u00a0Jurevicius<\/em><\/p>\n<h6><\/h6>\n<p>Das diesj\u00e4hrige Starkbierfest war ein voller Erfolg! Gute Musik, gutes Bier \u2013 mehr h\u00e4tte man sich eigentlich nicht w\u00fcnschen k\u00f6nnen.<\/p>\n\n<p>Dennoch ist etwas besonders herausgestochen \u2013 an allen Ecken und Enden fehlte es an Hilfskr\u00e4ften. Die Bar war unterbesetzt und in den K\u00fcchen- und Kassenschichten hatte sich zeitweilig sogar niemand eingetragen. Nur durch die spontane Einsatzbereitschaft der SMV und ein paar hilfsbereiter Sch\u00fcler konnten diese gro\u00dfen L\u00fccken gef\u00fcllt werden. Hier noch ein gro\u00dfes Lob an diese Helfer, ohne die eine Ausf\u00fchrung des Starkbierfests letztendlich nicht m\u00f6glich gewesen w\u00e4re. Und wo ist nun das Engagement der anderen Sch\u00fcler geblieben?<\/p>\n\n<p>Die FOS\/BOS Scheyern steht doch f\u00fcr Zusammenhalt und Engagement, aber davon war am Starkbierfest leider nur an wenigen Stellen etwas zu sp\u00fcren. Mitglieder der SMV \u00e4u\u00dferten sich dazu: \u201eDie meisten Sch\u00fcler wollen eben nur feiern und haben einfach keine Lust, Schichten zu \u00fcbernehmen\u201c. Aber eben dieses Verhalten entspricht nicht dem, wof\u00fcr wir als Scheyerer Sch\u00fcler eigentlich stehen wollen, n\u00e4mlich f\u00fcr eine Einheit. Daher ist nur zu hoffen, dass sich die Sch\u00fclerschaft einen Ruck gibt und sich zuk\u00fcnftig wieder mehr bei au\u00dferschulischen Aktivit\u00e4ten engagiert, sonst k\u00f6nnte das \u201eFeiern in Scheyern\u201c schnell ein Ende nehmen.<\/p>\n","protected":false},"excerpt":{"rendered":"<div class=\"mh-excerpt\"><p>von\u00a0Babette\u00a0Jurevicius Das diesj\u00e4hrige Starkbierfest war ein voller Erfolg! Gute Musik, gutes Bier \u2013 mehr h\u00e4tte man sich eigentlich nicht w\u00fcnschen k\u00f6nnen. Dennoch ist etwas besonders <a class=\"mh-excerpt-more\" href=\"https:\/\/bos-scheyern.de\/sz\/?p=2199\" title=\"Wo ist das Engagement geblieben?\">[&#8230;]<\/a><\/p>\n<\/div>","protected":false},"author":30,"featured_media":2200,"comment_status":"open","ping_status":"open","sticky":false,"template":"","format":"standard","meta":{"footnotes":""},"categories":[20,5],"tags":[85,86,84],"_links":{"self":[{"href":"https:\/\/bos-scheyern.de\/sz\/index.php?rest_route=\/wp\/v2\/posts\/2199"}],"collection":[{"href":"https:\/\/bos-scheyern.de\/sz\/index.php?rest_route=\/wp\/v2\/posts"}],"about":[{"href":"https:\/\/bos-scheyern.de\/sz\/index.php?rest_route=\/wp\/v2\/types\/post"}],"author":[{"embeddable":true,"href":"https:\/\/bos-scheyern.de\/sz\/index.php?rest_route=\/wp\/v2\/users\/30"}],"replies":[{"embeddable":true,"href":"https:\/\/bos-scheyern.de\/sz\/index.php?rest_route=%2Fwp%2Fv2%2Fcomments&post=2199"}],"version-history":[{"count":1,"href":"https:\/\/bos-scheyern.de\/sz\/index.php?rest_route=\/wp\/v2\/posts\/2199\/revisions"}],"predecessor-version":[{"id":2201,"href":"https:\/\/bos-scheyern.de\/sz\/index.php?rest_route=\/wp\/v2\/posts\/2199\/revisions\/2201"}],"wp:featuredmedia":[{"embeddable":true,"href":"https:\/\/bos-scheyern.de\/sz\/index.php?rest_route=\/wp\/v2\/media\/2200"}],"wp:attachment":[{"href":"https:\/\/bos-scheyern.de\/sz\/index.php?rest_route=%2Fwp%2Fv2%2Fmedia&parent=2199"}],"wp:term":[{"taxonomy":"category","embeddable":true,"href":"https:\/\/bos-scheyern.de\/sz\/index.php?rest_route=%2Fwp%2Fv2%2Fcategories&post=2199"},{"taxonomy":"post_tag","embeddable":true,"href":"https:\/\/bos-scheyern.de\/sz\/index.php?rest_route=%2Fwp%2Fv2%2Ftags&post=2199"}],"curies":[{"name":"wp","href":"https:\/\/api.w.org\/{rel}","templated":true}]}}