{"id":2292,"date":"2018-04-22T11:51:04","date_gmt":"2018-04-22T09:51:04","guid":{"rendered":"https:\/\/bos-scheyern.de\/sz\/?p=2292"},"modified":"2018-04-22T11:51:04","modified_gmt":"2018-04-22T09:51:04","slug":"vom-benedictus-fest-und-den-golden-hasen-awards","status":"publish","type":"post","link":"https:\/\/bos-scheyern.de\/sz\/?p=2292","title":{"rendered":"Vom Benedictus Fest und den Golden-Hasen Awards"},"content":{"rendered":"<p>Schon seit \u00fcber zehn Jahren ist Tradition, dass die M\u00f6nche des Klosters Scheyern alle Sch\u00fcler, Lehrer und Referendare der FOS\/BOS zum Benedictus-Fest einladen. Anlass hierf\u00fcr ist der Sterbetag des Heiligen Benedict, Ordensgr\u00fcnders der Benediktiner. So trafen sich auch dieses Jahr wieder zahlreiche G\u00e4ste, um dieses besondere Hochfest zusammen zu feiern. Der Abend begann mit dem Festgottesdienst um 19:00 Uhr in der Basilika des Klosters, der vom Abt Marcus gehalten wurde.\u00a0 Hauptgedanke der Predigt waren die Spuren, die ein einzelner Mensch nach dem Tod auf der Welt hinterl\u00e4sst und welche Wirkung diese haben k\u00f6nnen. Denn eben diese Spur des Heiligen Benedict &#8211; n\u00e4mlich die Gr\u00fcndung des nach ihm benannten Ordens &#8211; ist der Grund dieser Feier. Sehr stimmungsvoll musikalisch unterlegt wurde die Messe von dem Schulchor unter der Leitung von Frau Czerny.<\/p>\n<p>Erfreulich viele G\u00e4ste begaben sich im Anschluss zum Begegnungsabend in den Pr\u00e4latensaal, wo sie sich bei H\u00e4ppchen und einer Erfrischung unterhalten konnten. Auch hierbei sorgte der Chor wieder f\u00fcr musikalische Unterhaltung. Da ergriff Herr Schaal unerwartet das Wort, um die Spuren vieler Sch\u00fcler und Sch\u00fclerinnen anzusprechen. In Anlehnung an die Oscarvergabe Anfang M\u00e4rz lie\u00df er sich die Gelegenheit nicht entgehen, unsere Filmstars und Helfer mit goldenen Schokohasen auszuzeichnen. Zur Erkl\u00e4rung sei gesagt, dass zahlreiche Kurzfilme \u00fcber die FOS\/BOS gedreht wurden, um die Schule in modernen Medien vorzustellen, f\u00fcr den neuen ABU-Zweig (Agrar-Biologie-Umwelttechnik) zu werben und das Sch\u00fclerwohnheim vorzustellen. Diese Filme konnten nur gedreht werden, weil so viele Sch\u00fcler eine sehr hohe Bereitschaft gezeigt hatten dieses Projekt zu unterst\u00fctzen. Hierbei zeigten sich vor allem der Kameramann und die Tontechniker sehr engagiert. Au\u00dferdem bedankte sich Herr Schaal auch bei den Patres des Klosters daf\u00fcr, dass sie die R\u00e4umlichkeiten und das (wundersch\u00f6ne) Gel\u00e4nde zur Verf\u00fcgung gestellt haben.<\/p>\n<p style=\"text-align: left;\">Abschlie\u00dfend sei gesagt, dass es wieder ein sehr stimmungsvolles Fest war, das bewiesen hat, wie stark die Gemeinschaft aus FOS\/BOS und den Patres des Klosters ist. Nicht zuletzt durch solche gemeinsamen Feste f\u00fchlen wir uns als Gemeinschaft. Daf\u00fcr, und f\u00fcr die Einladung, m\u00f6chten wir uns sehr herzlich bedanken.<\/p>\n\n<p style=\"text-align: right;\"><em>Kathrin Gottwald<\/em><\/p>\n","protected":false},"excerpt":{"rendered":"<div class=\"mh-excerpt\"><p>Schon seit \u00fcber zehn Jahren ist Tradition, dass die M\u00f6nche des Klosters Scheyern alle Sch\u00fcler, Lehrer und Referendare der FOS\/BOS zum Benedictus-Fest einladen. Anlass hierf\u00fcr <a class=\"mh-excerpt-more\" href=\"https:\/\/bos-scheyern.de\/sz\/?p=2292\" title=\"Vom Benedictus Fest und den Golden-Hasen Awards\">[&#8230;]<\/a><\/p>\n<\/div>","protected":false},"author":30,"featured_media":2295,"comment_status":"open","ping_status":"open","sticky":false,"template":"","format":"standard","meta":{"footnotes":""},"categories":[20,5,9],"tags":[96,94,93,95],"_links":{"self":[{"href":"https:\/\/bos-scheyern.de\/sz\/index.php?rest_route=\/wp\/v2\/posts\/2292"}],"collection":[{"href":"https:\/\/bos-scheyern.de\/sz\/index.php?rest_route=\/wp\/v2\/posts"}],"about":[{"href":"https:\/\/bos-scheyern.de\/sz\/index.php?rest_route=\/wp\/v2\/types\/post"}],"author":[{"embeddable":true,"href":"https:\/\/bos-scheyern.de\/sz\/index.php?rest_route=\/wp\/v2\/users\/30"}],"replies":[{"embeddable":true,"href":"https:\/\/bos-scheyern.de\/sz\/index.php?rest_route=%2Fwp%2Fv2%2Fcomments&post=2292"}],"version-history":[{"count":1,"href":"https:\/\/bos-scheyern.de\/sz\/index.php?rest_route=\/wp\/v2\/posts\/2292\/revisions"}],"predecessor-version":[{"id":2296,"href":"https:\/\/bos-scheyern.de\/sz\/index.php?rest_route=\/wp\/v2\/posts\/2292\/revisions\/2296"}],"wp:featuredmedia":[{"embeddable":true,"href":"https:\/\/bos-scheyern.de\/sz\/index.php?rest_route=\/wp\/v2\/media\/2295"}],"wp:attachment":[{"href":"https:\/\/bos-scheyern.de\/sz\/index.php?rest_route=%2Fwp%2Fv2%2Fmedia&parent=2292"}],"wp:term":[{"taxonomy":"category","embeddable":true,"href":"https:\/\/bos-scheyern.de\/sz\/index.php?rest_route=%2Fwp%2Fv2%2Fcategories&post=2292"},{"taxonomy":"post_tag","embeddable":true,"href":"https:\/\/bos-scheyern.de\/sz\/index.php?rest_route=%2Fwp%2Fv2%2Ftags&post=2292"}],"curies":[{"name":"wp","href":"https:\/\/api.w.org\/{rel}","templated":true}]}}