{"id":2372,"date":"2018-09-24T11:14:49","date_gmt":"2018-09-24T09:14:49","guid":{"rendered":"https:\/\/bos-scheyern.de\/sz\/?p=2372"},"modified":"2018-10-21T18:44:04","modified_gmt":"2018-10-21T16:44:04","slug":"ein-tag-bei-der-talenteschmiede","status":"publish","type":"post","link":"https:\/\/bos-scheyern.de\/sz\/?p=2372","title":{"rendered":"Ein Tag beim Talenteseminar"},"content":{"rendered":"<p>Sich selbst und seine M\u00f6glichkeiten kennenlernen \u2013<em> die Talenteschmiede<\/em><\/p>\n<p>Am Samstag, dem 14. Juli 2018 um 8.30 Uhr sa\u00dfen 39 Sch\u00fclerinnen und Sch\u00fcler der 11. Klassen der FOS Scheyern erwartungsvoll im Studiersaal. Nein, nachsitzen mussten sie an diesem Tag nicht und auch keine Arbeiten nachschreiben. Sie hatten sich freiwillig zu einem Seminar der Naturtalentstiftung angemeldet, der Talenteschmiede. In diesem Seminar sollten die Teilnehmer sich selbst, ihre Talente, Interessen und F\u00e4higkeiten besser kennenlernen, um die eigenen beruflichen M\u00f6glichkeiten und Ziele auszuloten. Im Vorfeld musste jeder mehrere Online-Tests bearbeiten, Frageb\u00f6gen ausf\u00fcllen und Freunde und Familie zu den eigenen St\u00e4rken befragen.<\/p>\n<p>Die drei Mentorinnen der Naturtalentstiftung, Heidi G\u00e4rtner, Tanja Raith und Christine Dirkorte, teilten die Anwesenden in drei Gruppen auf. In diesen kleineren Gruppen wurde anschlie\u00dfend in den Gruppenr\u00e4umen gearbeitet. Nach einer kurzen Kennenlern-Runde \u00fcbertrug jeder Teilnehmer die zu Hause vorbereiteten Seminarunterlagen auf ein gro\u00dfes Plakat, welches den ganzen Tag \u00fcber mit immer mehr Aspekten gef\u00fcllt wurde. In Kleingruppen zu dritt oder viert wurde dann \u00fcber die Interessen und Einsch\u00e4tzungen der jeweiligen Teilnehmer gesprochen und Berufsvorschl\u00e4ge und Anregungen ge\u00e4u\u00dfert. Die Atmosph\u00e4re war schnell sehr vertraut und man sprach offen \u00fcber sehr pers\u00f6nliche Dinge miteinander. Dann war Mittagspause. Zum Essen gingen alle gemeinsam in die Klosterschenke.<\/p>\n<p>Am Nachmittag kamen dann alle Kleingruppen wieder zusammen. In gro\u00dfer Runde erkl\u00e4rte die Mentorin den Hintergrund des CliftonStrenghtsFinders, eines Pers\u00f6nlichkeitstests, der die f\u00fcnf am meisten ausgepr\u00e4gten Talente einer Person ausgibt. Auch diesen Test mussten die Teilnehmer schon im Vorfeld bearbeiten. \u00dcber diese f\u00fcnf Talente und insbesondere \u00fcber das Zusammenwirken der einzelnen Talente sprachen die Teilnehmer in einem kurzen Einzelcoaching mit der Mentorin. Man hatte auch die M\u00f6glichkeit, Informationsmaterial zum CliftonStrenghtsFinder und zu den verschiedenen Talenten durchzulesen. Dann ging man wieder in die Kleingruppen und ordnete die vorher schon besprochenen Interessen und F\u00e4higkeiten den jetzt neu auf dem Plakat eingetragenen Talenten zu. Anschlie\u00dfend wurde wieder in der gro\u00dfen Gruppe \u00fcber die Ergebnisse der letzten beiden Tests gesprochen.\u00a0 Daraus ergaben sich weitere Kompetenzen und m\u00f6gliche Berufsbilder f\u00fcr jeden einzelnen. Zum Abschluss des Seminartages gab es eine Feedbackrunde f\u00fcr die Mentorin zu Ablauf und Inhalt der Talenteschmiede.<\/p>\n<p>Nach diesem Tag waren alle geistig ersch\u00f6pft, da man sehr viel an und mit sich gearbeitet hat. Die meisten Teilnehmer empfanden das Seminar aber als sehr aufschlussreich und waren mit den neu gewonnenen Erkenntnissen, Denkanst\u00f6\u00dfen und Vorschl\u00e4gen zur Berufsfindung sehr zufrieden.<\/p>\n\n<p style=\"text-align: right;\"><em>von Bettina Kleemann<\/em><\/p>\n","protected":false},"excerpt":{"rendered":"<div class=\"mh-excerpt\"><p>Sich selbst und seine M\u00f6glichkeiten kennenlernen \u2013 die Talenteschmiede Am Samstag, dem 14. Juli 2018 um 8.30 Uhr sa\u00dfen 39 Sch\u00fclerinnen und Sch\u00fcler der 11. <a class=\"mh-excerpt-more\" href=\"https:\/\/bos-scheyern.de\/sz\/?p=2372\" title=\"Ein Tag beim Talenteseminar\">[&#8230;]<\/a><\/p>\n<\/div>","protected":false},"author":30,"featured_media":2373,"comment_status":"open","ping_status":"closed","sticky":false,"template":"","format":"standard","meta":{"footnotes":""},"categories":[20,5,18],"tags":[],"_links":{"self":[{"href":"https:\/\/bos-scheyern.de\/sz\/index.php?rest_route=\/wp\/v2\/posts\/2372"}],"collection":[{"href":"https:\/\/bos-scheyern.de\/sz\/index.php?rest_route=\/wp\/v2\/posts"}],"about":[{"href":"https:\/\/bos-scheyern.de\/sz\/index.php?rest_route=\/wp\/v2\/types\/post"}],"author":[{"embeddable":true,"href":"https:\/\/bos-scheyern.de\/sz\/index.php?rest_route=\/wp\/v2\/users\/30"}],"replies":[{"embeddable":true,"href":"https:\/\/bos-scheyern.de\/sz\/index.php?rest_route=%2Fwp%2Fv2%2Fcomments&post=2372"}],"version-history":[{"count":3,"href":"https:\/\/bos-scheyern.de\/sz\/index.php?rest_route=\/wp\/v2\/posts\/2372\/revisions"}],"predecessor-version":[{"id":2377,"href":"https:\/\/bos-scheyern.de\/sz\/index.php?rest_route=\/wp\/v2\/posts\/2372\/revisions\/2377"}],"wp:featuredmedia":[{"embeddable":true,"href":"https:\/\/bos-scheyern.de\/sz\/index.php?rest_route=\/wp\/v2\/media\/2373"}],"wp:attachment":[{"href":"https:\/\/bos-scheyern.de\/sz\/index.php?rest_route=%2Fwp%2Fv2%2Fmedia&parent=2372"}],"wp:term":[{"taxonomy":"category","embeddable":true,"href":"https:\/\/bos-scheyern.de\/sz\/index.php?rest_route=%2Fwp%2Fv2%2Fcategories&post=2372"},{"taxonomy":"post_tag","embeddable":true,"href":"https:\/\/bos-scheyern.de\/sz\/index.php?rest_route=%2Fwp%2Fv2%2Ftags&post=2372"}],"curies":[{"name":"wp","href":"https:\/\/api.w.org\/{rel}","templated":true}]}}