{"id":2388,"date":"2018-11-02T02:26:19","date_gmt":"2018-11-02T01:26:19","guid":{"rendered":"https:\/\/bos-scheyern.de\/sz\/?p=2388"},"modified":"2018-11-02T02:26:19","modified_gmt":"2018-11-02T01:26:19","slug":"gespraech-mit-schuelern-aus-dem-abu-zweig","status":"publish","type":"post","link":"https:\/\/bos-scheyern.de\/sz\/?p=2388","title":{"rendered":"Gespr\u00e4ch mit Sch\u00fclern aus dem ABU-Zweig"},"content":{"rendered":"<pre><em>Interviewt wurden: Emma Blaschka, Maiken Poiler und Laura Harrer<\/em><\/pre>\n\n<h3><strong>Wie kommt Ihr in die Schule bzw. zu eurer Praktikumsstelle?<\/strong><\/h3>\n<p><em>Emma<\/em>: Normalerweise mit dem Bus. In den Praktikumsphasen kann mich ein Kollege abholen.<\/p>\n<p><em>Maiken<\/em>: Ich fahre mit meinem Bruder in die Schule. W\u00e4hrend dem Praktikum muss ich aber mit dem Bus fahren. Um in meine Praktikumsstelle in Ingolstadt zu kommen, stehe ich schon um 5 Uhr morgens auf, damit ich rechtzeitig in der Arbeit bin.<\/p>\n<p><em>Laura<\/em>: In den Praktikumsbl\u00f6cken ist das unterschiedlich, je nachdem, wer mich gerade mitnehmen kann. Meistens werde ich von meinen Eltern gefahren oder von einem Azubi mitgenommen. W\u00e4hrend der Schulzeit komme ich mit dem Bus zur FOS.<\/p>\n<h3><strong>Wieso habt Ihr Euch f\u00fcr den ABU-Zweig entschieden?<\/strong><\/h3>\n<p><em>Emma<\/em>: Ich habe mich daf\u00fcr entschieden, weil ich mich sehr f\u00fcr Naturwissenschaften interessiere und das die einzige M\u00f6glichkeit war, alle meine Interessenf\u00e4cher zu vereinen.<\/p>\n<p><em>Maiken<\/em>: Bei mir war es auch das Interesse f\u00fcr Naturwissenschaften, besonders f\u00fcr Biologie. An dieser Schule h\u00e4tte ich wahrscheinlich sonst keinen anderen Zweig gefunden, der mich begeistert.<\/p>\n<p><em>Laura<\/em>: In der Realschule hatte ich schon Wirtschaft und wollte mal was Neues machen. Den Technik-Zweig hatte ich schon von Anfang an ausgeschlossen, und da ich gut in Bio bin, hab ich mich dann f\u00fcr den ABU-Zweig entschieden.<\/p>\n<h3><strong>Wo macht Ihr Euer Praktikum und wie gef\u00e4llt es Euch dort?<\/strong><\/h3>\n<p><em>Laura<\/em>: Ich bin in einer Landwirtschaft in Eberstetten. Es ist zwar anstrengend, man verbringt schlie\u00dflich den ganzen Tag drau\u00dfen, aber die Arbeitsatmosph\u00e4re gef\u00e4llt mir dort sehr gut.<\/p>\n<p><em>Maiken<\/em>: Mein Praktikum ist im Ingolst\u00e4dter Klinikum. Momentan bin ich im Bereich der Sterilisation eingesetzt und \u00fcberpr\u00fcfe zum Beispiel, ob auf gereinigten Instrumenten noch R\u00fcckst\u00e4nde wie Blut sind.<\/p>\n<p><em>Emma<\/em>: Mein Praktikum ist im Kl\u00e4rwerk in Pfaffenhofen. Nat\u00fcrlich ist der Geruch nicht immer angenehm, aber es ist auch nicht so schlimm, wie man denkt. Haupts\u00e4chlich arbeite ich im Labor, nehme Proben und werte sie aus, was mir wirklich Spa\u00df macht.<\/p>\n<h3><strong>Euer Unterricht ist ja jetzt am Prielhof, wo Biologie und Chemie unterrichtet werden. Welche Unterschiede sind Euch zwischen dem Unterricht im B- oder G-Bau und dem Unterricht am Prielhof aufgefallen?<\/strong><\/h3>\n<p><em>Emma<\/em>: So gro\u00df ist der Unterschied nun auch wieder nicht. Wir versuchen nur, so viele Experimente wie m\u00f6glich zu machen.<\/p>\n<div id=\"attachment_2400\" style=\"width: 378px\" class=\"wp-caption alignright\"><img loading=\"lazy\" decoding=\"async\" aria-describedby=\"caption-attachment-2400\" class=\"wp-image-2400\" src=\"https:\/\/bos-scheyern.de\/sz\/wp-content\/uploads\/2018\/11\/WhatsApp-Image-2018-11-01-at-9.57.29-AM-1-1-200x184.jpeg\" alt=\"\" width=\"368\" height=\"339\" srcset=\"https:\/\/bos-scheyern.de\/sz\/wp-content\/uploads\/2018\/11\/WhatsApp-Image-2018-11-01-at-9.57.29-AM-1-1-200x184.jpeg 200w, https:\/\/bos-scheyern.de\/sz\/wp-content\/uploads\/2018\/11\/WhatsApp-Image-2018-11-01-at-9.57.29-AM-1-1-768x707.jpeg 768w, https:\/\/bos-scheyern.de\/sz\/wp-content\/uploads\/2018\/11\/WhatsApp-Image-2018-11-01-at-9.57.29-AM-1-1-300x276.jpeg 300w, https:\/\/bos-scheyern.de\/sz\/wp-content\/uploads\/2018\/11\/WhatsApp-Image-2018-11-01-at-9.57.29-AM-1-1-33x30.jpeg 33w, https:\/\/bos-scheyern.de\/sz\/wp-content\/uploads\/2018\/11\/WhatsApp-Image-2018-11-01-at-9.57.29-AM-1-1-400x368.jpeg 400w, https:\/\/bos-scheyern.de\/sz\/wp-content\/uploads\/2018\/11\/WhatsApp-Image-2018-11-01-at-9.57.29-AM-1-1.jpeg 1200w\" sizes=\"(max-width: 368px) 100vw, 368px\" \/><p id=\"caption-attachment-2400\" class=\"wp-caption-text\">Das Laboratorium im Prielhof<\/p><\/div>\n<p><em>Maiken<\/em>: Ich sehe darin tats\u00e4chlich einen gr\u00f6\u00dferen Unterschied.<\/p>\n<p><em>Emma<\/em>: Man muss eben hinlaufen.<\/p>\n<p><em>Maiken<\/em>: Das kann wirklich sehr l\u00e4stig sein. Der Unterricht ist insofern anders, als es dort sehr ruhig ist. Man ist abgeschieden von den anderen Klassen und mehr unter sich. Die Labore gefallen mir allerdings wegen ihre Gr\u00f6\u00dfe oben besser.<\/p>\n<p><em>Laura<\/em>: F\u00fcr mich ist der Weg auch sehr l\u00e4stig, weil er so viel Zeit in Anspruch nimmt. Im Winter, oder wenn es regnet, wird es vielleicht problematisch.<\/p>\n<h3><strong>Habt Ihr in Eurer Klasse schon Freunde gefunden und hat Euch der Kennenlerntag dabei geholfen?<\/strong><\/h3>\n<p><em>Emma<\/em>: Ich hab sehr schnell Freunde gefunden, aber der Kennenlerntag hat mir nichts gebracht.<\/p>\n<p><em>Laura<\/em>: Die Spiele, die wir gespielt haben, waren nicht sinnvoll gew\u00e4hlt. Wir haben beispielsweise Leute alphabetisch nach ihrem Wohnort aufgestellt. Solche Spiele sollte man in Zukunft vielleicht ersetzen oder ganz weglassen.<\/p>\n<p><em>Maiken<\/em>: Ich fand den Kennenlerntag sehr sch\u00f6n. Die Spiele an sich haben zwar nicht geholfen, aber wenn jemand noch keine Freunde gefunden hat, kann man dort welche finden. Es w\u00e4re auch interessant, so einen Tag klassen\u00fcbergreifend zu gestalten.<\/p>\n<h3><strong>Gibt es eine gro\u00dfe Umstellung von Eurer alten Schule auf die FOS?<\/strong><\/h3>\n<p><em>Emma<\/em>: Die gr\u00f6\u00dfte Umstellung ist der st\u00e4ndige Wechsel zwischen Schule und Praktikum. Die Organisation, insbesondere bei den Fahrten, hat sich auch sehr ver\u00e4ndert.<\/p>\n<p><em>Laura<\/em>: Der Nachmittagsunterricht ist f\u00fcr mich neu. An meiner fr\u00fcheren Realschule gab es sowas nicht und jetzt bin ich teilweise erst um halb Vier daheim.<\/p>\n<p><em>Maiken<\/em>: Ich finde eher, dass wir mehr Freizeit haben. Die Pausen haben sich deutlich verl\u00e4ngert und mir gef\u00e4llt der Schulalltag so. Au\u00dferdem kenne ich den Nachmittagsunterricht schon von meiner alten Schule.<\/p>\n<h3><strong>Wie findet Ihr das Angebot, im Wohnheim wohnen zu d\u00fcrfen? Wohnt schon jemand von Euch dort oder habt Ihr vor, dort hinzuziehen?<\/strong><\/h3>\n<p><em>Emma<\/em>: Wir drei wohnen zwar nicht dort, aber eine Person aus unserer Klasse schon.<\/p>\n<div id=\"attachment_2399\" style=\"width: 379px\" class=\"wp-caption alignright\"><img loading=\"lazy\" decoding=\"async\" aria-describedby=\"caption-attachment-2399\" class=\" wp-image-2399\" src=\"https:\/\/bos-scheyern.de\/sz\/wp-content\/uploads\/2018\/11\/WhatsApp-Image-2018-11-01-at-9.57.28-AM-200x182.jpeg\" alt=\"\" width=\"369\" height=\"336\" srcset=\"https:\/\/bos-scheyern.de\/sz\/wp-content\/uploads\/2018\/11\/WhatsApp-Image-2018-11-01-at-9.57.28-AM-200x182.jpeg 200w, https:\/\/bos-scheyern.de\/sz\/wp-content\/uploads\/2018\/11\/WhatsApp-Image-2018-11-01-at-9.57.28-AM-768x700.jpeg 768w, https:\/\/bos-scheyern.de\/sz\/wp-content\/uploads\/2018\/11\/WhatsApp-Image-2018-11-01-at-9.57.28-AM-300x273.jpeg 300w, https:\/\/bos-scheyern.de\/sz\/wp-content\/uploads\/2018\/11\/WhatsApp-Image-2018-11-01-at-9.57.28-AM-33x30.jpeg 33w, https:\/\/bos-scheyern.de\/sz\/wp-content\/uploads\/2018\/11\/WhatsApp-Image-2018-11-01-at-9.57.28-AM-400x364.jpeg 400w, https:\/\/bos-scheyern.de\/sz\/wp-content\/uploads\/2018\/11\/WhatsApp-Image-2018-11-01-at-9.57.28-AM.jpeg 1200w\" sizes=\"(max-width: 369px) 100vw, 369px\" \/><p id=\"caption-attachment-2399\" class=\"wp-caption-text\">Hier wird der ABU-Zweig unterrichtet<\/p><\/div>\n<p><em>Maiken<\/em>: N\u00e4chstes Jahr habe ich vor, hinzuziehen. Ich war schon \u00f6fter im Wohnheim und kenne dort Leute, die alle wahnsinnig nett sind. Mir gefallen auch die Zimmer, nur die oberen sind ein bisschen klein.<\/p>\n<p><em>Laura<\/em>: F\u00fcr mich w\u00e4re das Wohnheim keine Alternative. In der zw\u00f6lften Klasse bin ich dann 18 und kann alleine mit dem Auto in die Schule fahren. Das dauert insgesamt nur um die zehn Minuten, und das Geld f\u00fcrs Wohnheim kann ich dann anderweitig verwenden.<\/p>\n<h3><strong>Was findet Ihr bis jetzt an der FOS am besten?<\/strong><\/h3>\n<p><em>Emma<\/em>: Unseren Biologieunterricht bei Herrn Ziegler.<\/p>\n<p><em>Laura<\/em>: Ja, unsere Klasse ist w\u00e4hrend der Chemie- und Biologiestunden zweigeteilt. Wenn pl\u00f6tzlich nur noch die H\u00e4lfte der Klasse da ist, wird der Unterricht exklusiver.<\/p>\n<p><em>Maiken<\/em>: Mir gef\u00e4llt die Gemeinschaft bisher sehr gut. Ich habe bis jetzt noch niemanden getroffen, mit dem ich mich nicht verstehe. Ein gro\u00dfer Pluspunkt ist nat\u00fcrlich auch das Klostergel\u00e4nde.<\/p>\n\n<pre><em>Das Interview f\u00fchrten Bettina Kleemann und Gina Mahl.<\/em><\/pre>\n","protected":false},"excerpt":{"rendered":"<div class=\"mh-excerpt\"><p>Interviewt wurden: Emma Blaschka, Maiken Poiler und Laura Harrer Wie kommt Ihr in die Schule bzw. zu eurer Praktikumsstelle? Emma: Normalerweise mit dem Bus. In <a class=\"mh-excerpt-more\" href=\"https:\/\/bos-scheyern.de\/sz\/?p=2388\" title=\"Gespr\u00e4ch mit Sch\u00fclern aus dem ABU-Zweig\">[&#8230;]<\/a><\/p>\n<\/div>","protected":false},"author":30,"featured_media":2393,"comment_status":"open","ping_status":"closed","sticky":false,"template":"","format":"standard","meta":{"footnotes":""},"categories":[20,5,9],"tags":[104,107,105,106],"_links":{"self":[{"href":"https:\/\/bos-scheyern.de\/sz\/index.php?rest_route=\/wp\/v2\/posts\/2388"}],"collection":[{"href":"https:\/\/bos-scheyern.de\/sz\/index.php?rest_route=\/wp\/v2\/posts"}],"about":[{"href":"https:\/\/bos-scheyern.de\/sz\/index.php?rest_route=\/wp\/v2\/types\/post"}],"author":[{"embeddable":true,"href":"https:\/\/bos-scheyern.de\/sz\/index.php?rest_route=\/wp\/v2\/users\/30"}],"replies":[{"embeddable":true,"href":"https:\/\/bos-scheyern.de\/sz\/index.php?rest_route=%2Fwp%2Fv2%2Fcomments&post=2388"}],"version-history":[{"count":25,"href":"https:\/\/bos-scheyern.de\/sz\/index.php?rest_route=\/wp\/v2\/posts\/2388\/revisions"}],"predecessor-version":[{"id":2417,"href":"https:\/\/bos-scheyern.de\/sz\/index.php?rest_route=\/wp\/v2\/posts\/2388\/revisions\/2417"}],"wp:featuredmedia":[{"embeddable":true,"href":"https:\/\/bos-scheyern.de\/sz\/index.php?rest_route=\/wp\/v2\/media\/2393"}],"wp:attachment":[{"href":"https:\/\/bos-scheyern.de\/sz\/index.php?rest_route=%2Fwp%2Fv2%2Fmedia&parent=2388"}],"wp:term":[{"taxonomy":"category","embeddable":true,"href":"https:\/\/bos-scheyern.de\/sz\/index.php?rest_route=%2Fwp%2Fv2%2Fcategories&post=2388"},{"taxonomy":"post_tag","embeddable":true,"href":"https:\/\/bos-scheyern.de\/sz\/index.php?rest_route=%2Fwp%2Fv2%2Ftags&post=2388"}],"curies":[{"name":"wp","href":"https:\/\/api.w.org\/{rel}","templated":true}]}}