{"id":2530,"date":"2019-04-29T08:12:50","date_gmt":"2019-04-29T06:12:50","guid":{"rendered":"https:\/\/bos-scheyern.de\/sz\/?p=2530"},"modified":"2019-05-02T07:02:04","modified_gmt":"2019-05-02T05:02:04","slug":"generation-z-wacht-endlich-auf-oder","status":"publish","type":"post","link":"https:\/\/bos-scheyern.de\/sz\/?p=2530","title":{"rendered":"Generation Z wacht endlich auf &#8211; oder?"},"content":{"rendered":"\n<p><strong>Europaweite Proteste f\u00fcr Klimaschutz und gegen Klimawandel: Das ist das Thema, das tausende Sch\u00fcler in Deutschland zur Zeit im Rahmen der \u201cFridays for future&#8220; umtreibt und bewegt. Sie wachen auf, stehen auf, demonstrieren, schw\u00e4nzen die Schule und bekommen Aufmerksamkeit &#8211; weil es ihnen wichtig ist. Weil es um ihre Zukunft geht. Weil sie der Politik Druck machen wollen.<\/strong><\/p>\n\n\n\n<p>Eine gute Sache,\nk\u00f6nnte man meinen. Endlich findet ein umweltpolitisches Umdenken statt und die\njungen Leute setzen sich daf\u00fcr mit ganzer Kraft ein. <\/p>\n\n\n\n<p>Eine gute Sache f\u00fcr\nScheyern, k\u00f6nnte man meinen. Wohin w\u00fcrde dieser <em>spirit, <\/em>dieser <em>Geist <\/em>besser\npassen, als an die Schule, die so viel Wert auf Nachhaltigkeit legt: Ein\nordentliches M\u00fclltrennsystem, langlebige Einrichtung und Seminararbeiten zur\nReduzierung des Plastikm\u00fclls und CO2-Fu\u00dfabdrucks &#8211; um nur einiges zu nennen.\nBei eben jener Inspizierung des Plastikm\u00fclls fiel auf, dass die Einwegbeh\u00e4lter\nvom Mittagessen der Metzgerei den meisten Anteil ausmachen und es wurde\numgedacht: Eine m\u00fcllfreie Alternative musste her. Und sie kam auch. Keine\nKosten oder M\u00fchen wurden daf\u00fcr gescheut &#8211; neue Sp\u00fclmaschine, Geschirr, Besteck\nund die \u201cMensa\u201d im Studiersaal war fertig. Essen von richtigen Tellern, anstatt\naus Styropor. 20 Cent g\u00fcnstiger. <\/p>\n\n\n\n<p>Scheyern hat es geschafft,\ndas Mittagessen f\u00fcr die Sch\u00fcler und Lehrer komplett plastik- und m\u00fcllfrei im\nStudiersaal anzubieten. Genial. Oder?&nbsp; <\/p>\n\n\n\n<p>Eine Frage: Wie <em>genial<\/em> ist es, f\u00fcr die Umwelt zu\ndemonstrieren, ja zu k\u00e4mpfen, aber dann doch nur reden und nicht handeln wollen?\nDeshalb passt dieser <em>spirit<\/em> wohl doch\nnicht zu uns, zu den Sch\u00fclern aus Scheyern. Wir haben es n\u00e4mlich geschafft, die\nbequemste und genialste L\u00f6sung f\u00fcr ein m\u00fcllfreies Mittagessen gegen die Wand zu\nfahren. Keine benutzte Sp\u00fclmaschine, kein benutztes Geschirr. Leer war der\nStudiersaal. <\/p>\n\n\n\n<p>Aber wollen wir\ndas? Wollen wir das wirklich? <\/p>\n\n\n\n<p>Wir sind doch\nverantwortlich f\u00fcr unsere Zukunft! Wir k\u00f6nnen doch nicht immer so weiter machen\nund das wahre Problem ignorieren! Und dieses Problem f\u00e4ngt im Kleinen an. Mit\nkleinem Aufwand und doch gro\u00dfem Erfolg, wenn wir alle mitmachen: Ab heute\nh\u00e4ngen im Schulhaus Plakate an den W\u00e4nden, wie wir alle ein bisschen mehr\n#zerowaste sein k\u00f6nnen. <\/p>\n\n\n\n<p>Indem wir einfach einen Glas-\/Plastik-\/Alu-Beh\u00e4lter von zu Hause aus mitnehmen und unser Mittagessen dort hineinf\u00fcllen lassen. Damit kann sich jeder, der bis jetzt zweimal die Woche Essen beim Metzger geholt hat, 22 Einwegbeh\u00e4lter bis zum Schuljahresende einsparen. Und 4,40 Euro &#8211; also ein Mittagessen.  Probiert&#8217;s aus! Auch wenn es f\u00fcr euch nicht die Welt ist, f\u00fcr uns alle ist es die Welt!<\/p>\n\n\n\n<p>Johanna Bernklau <\/p>\n","protected":false},"excerpt":{"rendered":"<div class=\"mh-excerpt\"><p>Europaweite Proteste f\u00fcr Klimaschutz und gegen Klimawandel: Das ist das Thema, das tausende Sch\u00fcler in Deutschland zur Zeit im Rahmen der \u201cFridays for future&#8220; umtreibt <a class=\"mh-excerpt-more\" href=\"https:\/\/bos-scheyern.de\/sz\/?p=2530\" title=\"Generation Z wacht endlich auf &#8211; oder?\">[&#8230;]<\/a><\/p>\n<\/div>","protected":false},"author":30,"featured_media":2534,"comment_status":"open","ping_status":"closed","sticky":false,"template":"","format":"standard","meta":{"footnotes":""},"categories":[20,5,4],"tags":[126,123,124,125],"_links":{"self":[{"href":"https:\/\/bos-scheyern.de\/sz\/index.php?rest_route=\/wp\/v2\/posts\/2530"}],"collection":[{"href":"https:\/\/bos-scheyern.de\/sz\/index.php?rest_route=\/wp\/v2\/posts"}],"about":[{"href":"https:\/\/bos-scheyern.de\/sz\/index.php?rest_route=\/wp\/v2\/types\/post"}],"author":[{"embeddable":true,"href":"https:\/\/bos-scheyern.de\/sz\/index.php?rest_route=\/wp\/v2\/users\/30"}],"replies":[{"embeddable":true,"href":"https:\/\/bos-scheyern.de\/sz\/index.php?rest_route=%2Fwp%2Fv2%2Fcomments&post=2530"}],"version-history":[{"count":3,"href":"https:\/\/bos-scheyern.de\/sz\/index.php?rest_route=\/wp\/v2\/posts\/2530\/revisions"}],"predecessor-version":[{"id":2538,"href":"https:\/\/bos-scheyern.de\/sz\/index.php?rest_route=\/wp\/v2\/posts\/2530\/revisions\/2538"}],"wp:featuredmedia":[{"embeddable":true,"href":"https:\/\/bos-scheyern.de\/sz\/index.php?rest_route=\/wp\/v2\/media\/2534"}],"wp:attachment":[{"href":"https:\/\/bos-scheyern.de\/sz\/index.php?rest_route=%2Fwp%2Fv2%2Fmedia&parent=2530"}],"wp:term":[{"taxonomy":"category","embeddable":true,"href":"https:\/\/bos-scheyern.de\/sz\/index.php?rest_route=%2Fwp%2Fv2%2Fcategories&post=2530"},{"taxonomy":"post_tag","embeddable":true,"href":"https:\/\/bos-scheyern.de\/sz\/index.php?rest_route=%2Fwp%2Fv2%2Ftags&post=2530"}],"curies":[{"name":"wp","href":"https:\/\/api.w.org\/{rel}","templated":true}]}}