{"id":2589,"date":"2019-11-08T07:23:06","date_gmt":"2019-11-08T06:23:06","guid":{"rendered":"https:\/\/bos-scheyern.de\/sz\/?p=2589"},"modified":"2019-11-18T22:22:33","modified_gmt":"2019-11-18T21:22:33","slug":"fridays-for-future-demonstration-in-pfaffenhofen","status":"publish","type":"post","link":"https:\/\/bos-scheyern.de\/sz\/?p=2589","title":{"rendered":"\u201eFridays for Future\u201c-Demonstration in Pfaffenhofen"},"content":{"rendered":"\n<figure class=\"wp-block-image\"><img loading=\"lazy\" decoding=\"async\" width=\"300\" height=\"185\" src=\"https:\/\/bos-scheyern.de\/sz\/wp-content\/uploads\/2019\/11\/GQIPE0651_1-300x185.jpg\" alt=\"\" class=\"wp-image-2590\" srcset=\"https:\/\/bos-scheyern.de\/sz\/wp-content\/uploads\/2019\/11\/GQIPE0651_1-300x185.jpg 300w, https:\/\/bos-scheyern.de\/sz\/wp-content\/uploads\/2019\/11\/GQIPE0651_1-200x123.jpg 200w, https:\/\/bos-scheyern.de\/sz\/wp-content\/uploads\/2019\/11\/GQIPE0651_1-400x247.jpg 400w, https:\/\/bos-scheyern.de\/sz\/wp-content\/uploads\/2019\/11\/GQIPE0651_1.jpg 441w\" sizes=\"(max-width: 300px) 100vw, 300px\" \/><\/figure>\n\n\n\n<p>PFAFFENHOFEN A.D. ILM: Es ist Freitag, der 20.September. Gegen\n11:00 Uhr versammeln sich einige Klimaaktivisten am Pfaffenhofener Hauptplatz.\nAnlass f\u00fcr das Zusammentreffen der Demonstranten ist die Tagung des\nKlimakabinetts in Berlin sowie der anstehende UN-Gipfel in New York. Dem Aufruf\nder \u201eFridays for Future\u201c-Bewegung (FFF), sich freitags f\u00fcr Klimaschutz zu\nengagieren anstelle zur Schule zu gehen, folgten dabei nicht nur die\nPfaffenhofener, sondern ca. 4 Millionen Menschen in zahlreichen St\u00e4dten auf der\nganzen Welt. Der dritte globale Klimastreik lie\u00df jedoch nicht nur die Stimmen\nder Bef\u00fcrworter lauter werden, sondern auch die der \u201eFridays for\nFuture\u201c-Gegner. Bereits seit 2018 verweigert die damals 15-j\u00e4hrige Schwedin\nGreta Thunberg den Unterrichtsbesuch und geht stattdessen auf die Stra\u00dfe, um\nf\u00fcr das Klima zu k\u00e4mpfen. Damit wurde sie innerhalb eines Jahres zur\nSymbolfigur der heute weltbekannten \u201eFridays for Future\u201c-Bewegung und regt\nMenschen in allen L\u00e4ndern der Welt dazu an, sich besser um Natur und Umwelt zu\nk\u00fcmmern. Von Beginn der Industrialisierung im 19. Jahrhundert bis heute hat\nsich die Erde laut IPCC (Intergovernmental Panel on Climate Change) um ungef\u00e4hr\nein Grad Celsius erw\u00e4rmt. Um enorme Sch\u00e4den zu verhindern, welche die Welt\ndurch den steigenden Meeresspiegel und brennende W\u00e4lder nehmen w\u00fcrde, fordert\nGreta Thunberg: \u201eWir m\u00fcssen die fossilen Brennstoffe im Boden lassen!\u201c. Konkret\nverlangen die FFF-Unterst\u00fctzer also den Kohleausstieg bis 2030 und eine Steuer\nauf Treibhausgasemissionen und somit die Einhaltung des Pariser Abkommens aus\ndem Jahr 2015. Anl\u00e4sslich des gro\u00dfen Klimastreiks schlossen sich einige\nSch\u00fclerinnen und Sch\u00fcler der Georg-Hipp Realschule in Pfaffenhofen der FFF-Veranstaltung\nan und marschierten bereits vor Beginn der Vortr\u00e4ge lautstark mit Trommeln und\nselbst gebastelten Schildern um den Hauptplatz. Mittlerweile zeigen sich die\nmeisten Schulen im Landkreis kulant und gestatten den Sch\u00fclern das Fernbleiben\nvom Unterricht f\u00fcr die Veranstaltungen. Beispielsweise kooperiert die\nBerufliche Oberschule Scheyern mit ihren Sch\u00fclern, die im Gegenzug zur\nTeilnahme an der Demonstration ein Umweltprojekt an der Schule organisieren\nsollen. Redner waren am Freitag unter anderem auch der Veranstalter Manuel\nHummler, B\u00fcrgermeister Thomas Herker, der engagierte Vater Carsten K\u00fchnel, der\nauch einen offenen Brief an das Schyren-Gymnasium verfasste, und viele weitere.\nSelbst die J\u00fcngsten fanden den Mut, sich auf die B\u00fchne zu stellen und ihre\nMeinung preiszugeben. Neben politischen Forderungen konnte man auch\nindividuelle Verbesserungsvorschl\u00e4ge, wie beispielsweise die Nutzung \u00f6kologisch\nabbaubarer Kaffeebecher, vernehmen. Andererseits wurde in Form von unz\u00e4hligen\nHass-Kommentaren auf sozialen Netzwerken auch Kritik an der Demonstration ge\u00fcbt.\nAu\u00dferdem wurde von Autoliebhabern eine Gegengruppe namens \u201eFridays for Hubraum\u201c\ngegr\u00fcndet, welche jedoch nach wenigen Tagen auf Grund von unangemessenen\n\u00c4u\u00dferungen wieder vor\u00fcbergehend deaktiviert und bereinigt werden musste. Nutzer\nsprachen in der Gemeinschaft Morddrohungen gegen Greta Thunberg aus und schrieben:\n\u201eWas kostet eigentlich so ein Auftragsmord?\u201c, oder \u201eWenn die ganze Welt so schlecht\nist\u2026 warum geht das Kind nicht einfach sterben?\u201c Zum Ende des ereignisreichen\nTages brachte das Klimakabinett den neuen Klimafahrplan f\u00fcr die kommenden Jahre\nan die \u00d6ffentlichkeit: ein fester CO<sub>2<\/sub> -Preis (welcher ab 2021 bis\n2025 stetig steigen soll), eine h\u00f6here Pendlerpauschale (ab dem 21. Kilometer +\n5 ct pro Kilometer), die F\u00f6rderung klimafreundlicher Heizsysteme etc\u2026 Greta und\nihre Anh\u00e4nger geben sich allerdings mit diesen f\u00fcr sie unzureichenden\nVerordnungen nicht zufrieden. Mehrmals wiederholt sie in ihrer Wutrede beim\nKlimagipfel in New York \u201eHow dare you?!\u201c und appelliert so direkt an die\nversammelten Staats- und Regierungschefs, nach besseren L\u00f6sungen zu suchen. <\/p>\n\n\n\n<p>Emily Buchberger<\/p>\n\n\n\n<p>Alina Sokacz<\/p>\n","protected":false},"excerpt":{"rendered":"<div class=\"mh-excerpt\"><p>PFAFFENHOFEN A.D. ILM: Es ist Freitag, der 20.September. Gegen 11:00 Uhr versammeln sich einige Klimaaktivisten am Pfaffenhofener Hauptplatz. Anlass f\u00fcr das Zusammentreffen der Demonstranten ist <a class=\"mh-excerpt-more\" href=\"https:\/\/bos-scheyern.de\/sz\/?p=2589\" title=\"\u201eFridays for Future\u201c-Demonstration in Pfaffenhofen\">[&#8230;]<\/a><\/p>\n<\/div>","protected":false},"author":1,"featured_media":2590,"comment_status":"closed","ping_status":"closed","sticky":false,"template":"","format":"standard","meta":{"footnotes":""},"categories":[20],"tags":[],"_links":{"self":[{"href":"https:\/\/bos-scheyern.de\/sz\/index.php?rest_route=\/wp\/v2\/posts\/2589"}],"collection":[{"href":"https:\/\/bos-scheyern.de\/sz\/index.php?rest_route=\/wp\/v2\/posts"}],"about":[{"href":"https:\/\/bos-scheyern.de\/sz\/index.php?rest_route=\/wp\/v2\/types\/post"}],"author":[{"embeddable":true,"href":"https:\/\/bos-scheyern.de\/sz\/index.php?rest_route=\/wp\/v2\/users\/1"}],"replies":[{"embeddable":true,"href":"https:\/\/bos-scheyern.de\/sz\/index.php?rest_route=%2Fwp%2Fv2%2Fcomments&post=2589"}],"version-history":[{"count":2,"href":"https:\/\/bos-scheyern.de\/sz\/index.php?rest_route=\/wp\/v2\/posts\/2589\/revisions"}],"predecessor-version":[{"id":2600,"href":"https:\/\/bos-scheyern.de\/sz\/index.php?rest_route=\/wp\/v2\/posts\/2589\/revisions\/2600"}],"wp:featuredmedia":[{"embeddable":true,"href":"https:\/\/bos-scheyern.de\/sz\/index.php?rest_route=\/wp\/v2\/media\/2590"}],"wp:attachment":[{"href":"https:\/\/bos-scheyern.de\/sz\/index.php?rest_route=%2Fwp%2Fv2%2Fmedia&parent=2589"}],"wp:term":[{"taxonomy":"category","embeddable":true,"href":"https:\/\/bos-scheyern.de\/sz\/index.php?rest_route=%2Fwp%2Fv2%2Fcategories&post=2589"},{"taxonomy":"post_tag","embeddable":true,"href":"https:\/\/bos-scheyern.de\/sz\/index.php?rest_route=%2Fwp%2Fv2%2Ftags&post=2589"}],"curies":[{"name":"wp","href":"https:\/\/api.w.org\/{rel}","templated":true}]}}