{"id":2592,"date":"2019-11-08T07:33:25","date_gmt":"2019-11-08T06:33:25","guid":{"rendered":"https:\/\/bos-scheyern.de\/sz\/?p=2592"},"modified":"2019-11-08T07:33:37","modified_gmt":"2019-11-08T06:33:37","slug":"mathe-ist-nicht-mehr-wichtig-wenn-die-erde-brennt","status":"publish","type":"post","link":"https:\/\/bos-scheyern.de\/sz\/?p=2592","title":{"rendered":"Mathe ist nicht mehr wichtig, wenn die Erde brennt!"},"content":{"rendered":"\n<p>Nach den\n\u201eFriday for future\u201c-Streiks in den Gro\u00dfst\u00e4dten jetzt auch eine Demo in\nPfaffenhofen <\/p>\n\n\n\n<p>Weil die\nPolitik immer wieder versagt, eine erfolgversprechende L\u00f6sung f\u00fcr die\nUmweltproblematik zu finden, demonstrieren freitags die Jugendlichen weiter.\nAnstatt weitreichende und effektive L\u00f6sungsvorschl\u00e4ge zu liefern, r\u00fchmt sich\ndie Gro\u00dfe Koalition mit Ma\u00dfnahmen wie dem Verbot von Plastik-Trinkhalmen und Einmal-Plastikt\u00fcten.\nDer Mut f\u00fcr weitreichende Ma\u00dfnahmen fehlt der Regierung an allen Ecken und Enden.<\/p>\n\n\n\n<p>Am Freitag,\ndem 20. September wurde der Klimaschutzplan verabschiedet. Auf dieses Ereignis\nhaben tausende Demonstranten in der Bundesrepublik hingefiebert, zum Bedauern\nder \u201eAktivisten\u201c wurden sie mehr als entt\u00e4uscht. Die versprochene CO<sub>2<\/sub>-Steuer\nfiel um ein Vielfaches geringer aus als erhofft und auch sonst wurden nur\nwenige bis keine vielversprechenden L\u00f6sungsvorschl\u00e4ge vorgestellt. Sogar in\nkleinen St\u00e4dten lassen Politiker wie der Landtagsabgeordnete Karl Straub\nverlauten, zu wenig f\u00fcr den Klimaschutz getan zu haben. Bis nach Berlin dringt\ndiese Nachricht jedoch nicht vor. Das Kultusministerium schl\u00e4gt sogar vor,\njetzt noch h\u00e4rter gegen \u201eSchulschw\u00e4nzer\u201c vorzugehen. Der bayerische\nKultusminister Michael Piazolo ist der Meinung, dass die Proteste in der\nBundesrepublik schon viel erreicht haben, und dass sich die Sch\u00fcler jetzt\nwieder auf die Schule konzentrieren sollen. Damit trifft er aber nicht ins\nSchwarze, oder hat das Klimakabinett befriedigende Ma\u00dfnahmen getroffen?<\/p>\n\n\n\n<p>Trotz dieser\nEntt\u00e4uschungen und des Unverst\u00e4ndnisses vieler Schulleiter bleiben die Sch\u00fcler\nhartn\u00e4ckig. Sie nehmen Verweise und andere Disziplinarma\u00dfnahmen in Kauf, um die\nRegierung wachzur\u00fctteln. Die teilweise nur 10 Jahre alten Demonstranten\nbeweisen durch ihr Tun mehr R\u00fcckgrat als die meisten Politiker. Sie kritisieren\nsich auch selbst, anders als viele Politiker, welche sich selbst auf die\nSchulter klopfen, da sie angeblich so viel f\u00fcr den Klimaschutz getan haben. Sie\nlehnen sich auch nicht zur\u00fcck, nachdem sie ein kleines Ziel erreicht haben,\nsondern machen mit ihren Protesten weiter. Berlin sollte sich an diesen\nengagierten Sch\u00fclern ein Beispiel nehmen und Ideen f\u00fcr den Klimaschutz\nentwickeln, welche tats\u00e4chlich helfen, die Erderw\u00e4rmung nicht \u00fcber 1,5 Grad\nCelsius steigen zu lassen. <\/p>\n\n\n\n<p>Beispiele\nf\u00fcr Ma\u00dfnahmen im Kampf gegen die Klimaerw\u00e4rmung w\u00e4ren die staatliche\nUnterst\u00fctzung von Kleinbauern und der Kampf gegen Massentierhaltung und die\ndaraus resultierenden Probleme. Rinder produzieren nicht nur eine Menge Methan,\nsie ben\u00f6tigen auch sehr viel Futter, welches vor allem aus Brasilien kommt. F\u00fcr\ndie Fl\u00e4che, welche zum Anbau von Soja ben\u00f6tigt wird, werden gro\u00dfe Teile des\nAmazonas gerodet. Die gerodete Fl\u00e4che nimmt bereits 23 Millionen Hektar ein,\ndass ist ungef\u00e4hr so gro\u00df wie Gro\u00dfbritannien. Es ist also unverantwortlich,\nweiter Sojafutter aus Brasilien zu beziehen. Berlin darf nicht zulassen, dass\ndie \u201eLunge der Erde\u201c leidet, um unseren Billigfleisch-Konsum zu unterst\u00fctzen. <\/p>\n\n\n\n<p>Jonas\nBoehlkau<\/p>\n","protected":false},"excerpt":{"rendered":"<div class=\"mh-excerpt\"><p>Nach den \u201eFriday for future\u201c-Streiks in den Gro\u00dfst\u00e4dten jetzt auch eine Demo in Pfaffenhofen Weil die Politik immer wieder versagt, eine erfolgversprechende L\u00f6sung f\u00fcr die <a class=\"mh-excerpt-more\" href=\"https:\/\/bos-scheyern.de\/sz\/?p=2592\" title=\"Mathe ist nicht mehr wichtig, wenn die Erde brennt!\">[&#8230;]<\/a><\/p>\n<\/div>","protected":false},"author":1,"featured_media":2593,"comment_status":"closed","ping_status":"closed","sticky":false,"template":"","format":"standard","meta":{"footnotes":""},"categories":[20],"tags":[],"_links":{"self":[{"href":"https:\/\/bos-scheyern.de\/sz\/index.php?rest_route=\/wp\/v2\/posts\/2592"}],"collection":[{"href":"https:\/\/bos-scheyern.de\/sz\/index.php?rest_route=\/wp\/v2\/posts"}],"about":[{"href":"https:\/\/bos-scheyern.de\/sz\/index.php?rest_route=\/wp\/v2\/types\/post"}],"author":[{"embeddable":true,"href":"https:\/\/bos-scheyern.de\/sz\/index.php?rest_route=\/wp\/v2\/users\/1"}],"replies":[{"embeddable":true,"href":"https:\/\/bos-scheyern.de\/sz\/index.php?rest_route=%2Fwp%2Fv2%2Fcomments&post=2592"}],"version-history":[{"count":1,"href":"https:\/\/bos-scheyern.de\/sz\/index.php?rest_route=\/wp\/v2\/posts\/2592\/revisions"}],"predecessor-version":[{"id":2594,"href":"https:\/\/bos-scheyern.de\/sz\/index.php?rest_route=\/wp\/v2\/posts\/2592\/revisions\/2594"}],"wp:featuredmedia":[{"embeddable":true,"href":"https:\/\/bos-scheyern.de\/sz\/index.php?rest_route=\/wp\/v2\/media\/2593"}],"wp:attachment":[{"href":"https:\/\/bos-scheyern.de\/sz\/index.php?rest_route=%2Fwp%2Fv2%2Fmedia&parent=2592"}],"wp:term":[{"taxonomy":"category","embeddable":true,"href":"https:\/\/bos-scheyern.de\/sz\/index.php?rest_route=%2Fwp%2Fv2%2Fcategories&post=2592"},{"taxonomy":"post_tag","embeddable":true,"href":"https:\/\/bos-scheyern.de\/sz\/index.php?rest_route=%2Fwp%2Fv2%2Ftags&post=2592"}],"curies":[{"name":"wp","href":"https:\/\/api.w.org\/{rel}","templated":true}]}}