{"id":2601,"date":"2019-11-25T08:51:20","date_gmt":"2019-11-25T07:51:20","guid":{"rendered":"https:\/\/bos-scheyern.de\/sz\/?p=2601"},"modified":"2019-11-25T10:35:48","modified_gmt":"2019-11-25T09:35:48","slug":"auftritt-the-wilde-shamrock","status":"publish","type":"post","link":"https:\/\/bos-scheyern.de\/sz\/?p=2601","title":{"rendered":"Auftritt: \u201eThe Wilde Shamrock\u201c!"},"content":{"rendered":"\n<p><em>Theresa Wagner (FVK) hat am 24.\nOktober in der Mittagspause im Studiersaal die irischen Schauspieler interviewt\nund dabei einiges Interessante erfahren.<\/em><\/p>\n\n\n\n<p>Der Teil der Theatergruppe \u201eThe Wilde Shamrock\u201c \u2013 im Deutschen \u201edas wilde Kleeblatt\u201c \u2013 der am 24.10.2019 an der BO Scheyern gastierte, besteht aus den drei Mitgliedern Aiden, Siofra und Ciara, die uns ihr St\u00fcck \u201eThe SQ-ware\u201c vorstellten.<\/p>\n\n\n\n<figure class=\"wp-block-image is-resized\"><img loading=\"lazy\" decoding=\"async\" src=\"https:\/\/bos-scheyern.de\/sz\/wp-content\/uploads\/2019\/11\/PA240096-300x225.jpg\" alt=\"\" class=\"wp-image-2604\" width=\"358\" height=\"269\" srcset=\"https:\/\/bos-scheyern.de\/sz\/wp-content\/uploads\/2019\/11\/PA240096-300x225.jpg 300w, https:\/\/bos-scheyern.de\/sz\/wp-content\/uploads\/2019\/11\/PA240096-200x150.jpg 200w, https:\/\/bos-scheyern.de\/sz\/wp-content\/uploads\/2019\/11\/PA240096-768x576.jpg 768w, https:\/\/bos-scheyern.de\/sz\/wp-content\/uploads\/2019\/11\/PA240096-174x131.jpg 174w, https:\/\/bos-scheyern.de\/sz\/wp-content\/uploads\/2019\/11\/PA240096-70x53.jpg 70w, https:\/\/bos-scheyern.de\/sz\/wp-content\/uploads\/2019\/11\/PA240096-1250x938.jpg 1250w, https:\/\/bos-scheyern.de\/sz\/wp-content\/uploads\/2019\/11\/PA240096-400x300.jpg 400w\" sizes=\"(max-width: 358px) 100vw, 358px\" \/><\/figure>\n\n\n\n<p>Das mit 31 Jahren \u00e4lteste und erfahrenste Mitglied des Ensembles ist Aiden, der urspr\u00fcnglich aus Cork im S\u00fcden Irlands kommt, f\u00fcr seine Schauspielkarriere aber nach Dublin, in die Hauptstadt Irlands, gezogen ist. Schon als Aiden klein war, hatte er gro\u00dfes Interesse am Schauspielen, und so arbeitete er sich vom Schultheater zur Schauspielschule und zu kleineren Shows \u00fcberall in Irland nach oben. <\/p>\n\n\n\n<p>Das n\u00e4chste Mitglied der Truppe ist Ciara, die 24 Jahre alt ist und aus dem Bezirk Laois, ausgesprochen \u201eLiisch\u201c &#8211; so ziemlich in der Mitte von Irland &#8211; kommt. Sie hatte, wie auch Aiden, ihre ersten Erfahrungen des Schauspielerns in ihrer Kindheit und arbeitete sich auch bis zur Schauspielschule hinauf. <\/p>\n\n\n\n<p>Das j\u00fcngste und auch neuste Mitglied der Gruppe ist Siofra,\ndie 20 Jahre alt ist und aus dem Bezirk Clare im Westen Irlands kommt. Wie ihre\nKollegen, hatte auch sie schon fr\u00fch Interesse an der Schauspielerei, trat schon\nin Musicals auf und bewarb sich auch an einer Schauspielschule.<\/p>\n\n\n\n<p>Ein wichtiger Unterschied zwischen B\u00fchnenk\u00fcnstlern\nhierzulande und in Irland ist es, dass die Darsteller in Irland nicht wie in\nDeutschland nach der Schauspielschule in die Kartei der Zentralen B\u00fchnen- und\nFernsehvermittlungen hineinkommen. Eine solche Einrichtung gibt es in Irland\nnicht, sondern die jungen Schauspieler dort m\u00fcssen nach ihrer Ausbildung kleine\nJobs in Theaterst\u00fccken annehmen und es dauert eine ganze Weile, bis eine Firma\nsie in das B\u00fchnenk\u00fcnstler-Gesch\u00e4ft aufnimmt.&nbsp;\nEs war sehr schwierig und anstrengend f\u00fcr die drei, ihre eigene Show auf\ndie Beine zu stellen und damit auf Tour zu gehen, aber dadurch, dass sie\njahrelang gejobbt haben, verf\u00fcgen sie \u00fcber sehr viele Erfahrungen.<\/p>\n\n\n\n<figure class=\"wp-block-image is-resized\"><img loading=\"lazy\" decoding=\"async\" src=\"https:\/\/bos-scheyern.de\/sz\/wp-content\/uploads\/2019\/11\/PA240086-300x225.jpg\" alt=\"\" class=\"wp-image-2605\" width=\"410\" height=\"308\" srcset=\"https:\/\/bos-scheyern.de\/sz\/wp-content\/uploads\/2019\/11\/PA240086-300x225.jpg 300w, https:\/\/bos-scheyern.de\/sz\/wp-content\/uploads\/2019\/11\/PA240086-200x150.jpg 200w, https:\/\/bos-scheyern.de\/sz\/wp-content\/uploads\/2019\/11\/PA240086-768x576.jpg 768w, https:\/\/bos-scheyern.de\/sz\/wp-content\/uploads\/2019\/11\/PA240086-174x131.jpg 174w, https:\/\/bos-scheyern.de\/sz\/wp-content\/uploads\/2019\/11\/PA240086-70x53.jpg 70w, https:\/\/bos-scheyern.de\/sz\/wp-content\/uploads\/2019\/11\/PA240086-1250x938.jpg 1250w, https:\/\/bos-scheyern.de\/sz\/wp-content\/uploads\/2019\/11\/PA240086-400x300.jpg 400w\" sizes=\"(max-width: 410px) 100vw, 410px\" \/><\/figure>\n\n\n\n<p>Das \u201eWilde Shamrock\u201c macht Touren durch ganz Europa, von Italien nach Frankreich, D\u00e4nemark, in die Schweiz und&nbsp; nach Deutschland. Sie spielen etwa 90 Shows pro Jahr, abh\u00e4ngig von der Firma, mit der sie touren.&nbsp; Au\u00dferdem machen sie noch eine \u201eSpring Tour\u201c, die sie im Fr\u00fchling durch die EU f\u00fchrt.<\/p>\n\n\n\n<p>\u201eThe Wilde Shamrock\u201c kommt regelm\u00e4\u00dfig jedes Jahr nach\nDeutschland und auch zu uns nach Scheyern.<\/p>\n\n\n\n<p>Als die Darsteller hier nach Bayern kamen, haben sie vor allem den Herbst, der in all seinen Farben erstrahlt, genossen. Sie lieben die Natur und die Menschen in Bayern. Au\u00dferdem sind sie sehr \u00fcberrascht \u00fcber das gute Englisch, das die Sch\u00fcler der BO Scheyern sprechen. Sie meinen, dass das sehr fortschrittlich sei, und in der kurzen Zeit, in der sie unsere Schule besucht haben, fanden sie das Publikum sehr interaktiv. <\/p>\n","protected":false},"excerpt":{"rendered":"<div class=\"mh-excerpt\"><p>Theresa Wagner (FVK) hat am 24. Oktober in der Mittagspause im Studiersaal die irischen Schauspieler interviewt und dabei einiges Interessante erfahren.\ufeff<\/p>\n<\/div>","protected":false},"author":36,"featured_media":2603,"comment_status":"closed","ping_status":"closed","sticky":false,"template":"","format":"standard","meta":{"footnotes":""},"categories":[20],"tags":[],"_links":{"self":[{"href":"https:\/\/bos-scheyern.de\/sz\/index.php?rest_route=\/wp\/v2\/posts\/2601"}],"collection":[{"href":"https:\/\/bos-scheyern.de\/sz\/index.php?rest_route=\/wp\/v2\/posts"}],"about":[{"href":"https:\/\/bos-scheyern.de\/sz\/index.php?rest_route=\/wp\/v2\/types\/post"}],"author":[{"embeddable":true,"href":"https:\/\/bos-scheyern.de\/sz\/index.php?rest_route=\/wp\/v2\/users\/36"}],"replies":[{"embeddable":true,"href":"https:\/\/bos-scheyern.de\/sz\/index.php?rest_route=%2Fwp%2Fv2%2Fcomments&post=2601"}],"version-history":[{"count":3,"href":"https:\/\/bos-scheyern.de\/sz\/index.php?rest_route=\/wp\/v2\/posts\/2601\/revisions"}],"predecessor-version":[{"id":2610,"href":"https:\/\/bos-scheyern.de\/sz\/index.php?rest_route=\/wp\/v2\/posts\/2601\/revisions\/2610"}],"wp:featuredmedia":[{"embeddable":true,"href":"https:\/\/bos-scheyern.de\/sz\/index.php?rest_route=\/wp\/v2\/media\/2603"}],"wp:attachment":[{"href":"https:\/\/bos-scheyern.de\/sz\/index.php?rest_route=%2Fwp%2Fv2%2Fmedia&parent=2601"}],"wp:term":[{"taxonomy":"category","embeddable":true,"href":"https:\/\/bos-scheyern.de\/sz\/index.php?rest_route=%2Fwp%2Fv2%2Fcategories&post=2601"},{"taxonomy":"post_tag","embeddable":true,"href":"https:\/\/bos-scheyern.de\/sz\/index.php?rest_route=%2Fwp%2Fv2%2Ftags&post=2601"}],"curies":[{"name":"wp","href":"https:\/\/api.w.org\/{rel}","templated":true}]}}