{"id":2612,"date":"2020-03-02T21:50:16","date_gmt":"2020-03-02T20:50:16","guid":{"rendered":"https:\/\/bos-scheyern.de\/sz\/?p=2612"},"modified":"2020-03-02T21:50:17","modified_gmt":"2020-03-02T20:50:17","slug":"die-unag-der-fos-bos-scheyern-stellt-sich-vor","status":"publish","type":"post","link":"https:\/\/bos-scheyern.de\/sz\/?p=2612","title":{"rendered":"Die UNAG der FOS\/BOS Scheyern stellt sich vor"},"content":{"rendered":"\n<p>Wir, die Umwelt-Nachhaltigkeit-AG, sind ca. 20 Sch\u00fcler(innen) aus den Klassen 11-13, die sich mit tatkr\u00e4ftiger Unterst\u00fctzung der Lehrer(innen) das Ziel gesetzt haben, die Natur zu sch\u00fctzen und zu mehr Nachhaltigkeit beizutragen. Konkret bedeutet das, das Bewusstsein f\u00fcr vorhandene Problematiken, wie den enormen CO2-Aussto\u00df oder die Massentierhaltung, zu sch\u00e4rfen und Sch\u00fcler zu motivieren, Eigeninitiative, beispielsweise in Form von Fahrgemeinschaften oder klimagerechter Ern\u00e4hrung, zu ergreifen.<\/p>\n\n\n\n<p>Es ist besonders wichtig, klarzustellen, dass auch kleine Ver\u00e4nderungen im Leben Einzelner einen Schritt in die richtige Richtung bedeuten, denn h\u00e4ufig haben wir den Willen zu handeln, wissen jedoch nicht, wo wir ansetzen sollen. Im Zuge dessen blicken wir schon freudig auf den bevorstehenden Klimatag am 07.03.2020 als das erste gro\u00dfe Projekt der UNAG.<\/p>\n\n\n\n<div class=\"wp-block-cover has-background-dim is-layout-flow wp-block-cover-is-layout-flow\" style=\"background-image:url(https:\/\/bos-scheyern.de\/sz\/wp-content\/uploads\/2020\/03\/farbe-finger-grun-hand-886521.jpg)\"><\/div>\n","protected":false},"excerpt":{"rendered":"<div class=\"mh-excerpt\"><p>Wir, die Umwelt-Nachhaltigkeit-AG, sind ca. 20 Sch\u00fcler(innen) aus den Klassen 11-13, die sich mit tatkr\u00e4ftiger Unterst\u00fctzung der Lehrer(innen) das Ziel gesetzt haben, die Natur zu sch\u00fctzen und zu mehr Nachhaltigkeit beizutragen.<\/p>\n<\/div>","protected":false},"author":36,"featured_media":2614,"comment_status":"closed","ping_status":"closed","sticky":false,"template":"","format":"standard","meta":{"footnotes":""},"categories":[20],"tags":[],"_links":{"self":[{"href":"https:\/\/bos-scheyern.de\/sz\/index.php?rest_route=\/wp\/v2\/posts\/2612"}],"collection":[{"href":"https:\/\/bos-scheyern.de\/sz\/index.php?rest_route=\/wp\/v2\/posts"}],"about":[{"href":"https:\/\/bos-scheyern.de\/sz\/index.php?rest_route=\/wp\/v2\/types\/post"}],"author":[{"embeddable":true,"href":"https:\/\/bos-scheyern.de\/sz\/index.php?rest_route=\/wp\/v2\/users\/36"}],"replies":[{"embeddable":true,"href":"https:\/\/bos-scheyern.de\/sz\/index.php?rest_route=%2Fwp%2Fv2%2Fcomments&post=2612"}],"version-history":[{"count":3,"href":"https:\/\/bos-scheyern.de\/sz\/index.php?rest_route=\/wp\/v2\/posts\/2612\/revisions"}],"predecessor-version":[{"id":2616,"href":"https:\/\/bos-scheyern.de\/sz\/index.php?rest_route=\/wp\/v2\/posts\/2612\/revisions\/2616"}],"wp:featuredmedia":[{"embeddable":true,"href":"https:\/\/bos-scheyern.de\/sz\/index.php?rest_route=\/wp\/v2\/media\/2614"}],"wp:attachment":[{"href":"https:\/\/bos-scheyern.de\/sz\/index.php?rest_route=%2Fwp%2Fv2%2Fmedia&parent=2612"}],"wp:term":[{"taxonomy":"category","embeddable":true,"href":"https:\/\/bos-scheyern.de\/sz\/index.php?rest_route=%2Fwp%2Fv2%2Fcategories&post=2612"},{"taxonomy":"post_tag","embeddable":true,"href":"https:\/\/bos-scheyern.de\/sz\/index.php?rest_route=%2Fwp%2Fv2%2Ftags&post=2612"}],"curies":[{"name":"wp","href":"https:\/\/api.w.org\/{rel}","templated":true}]}}