{"id":2631,"date":"2020-05-27T22:00:42","date_gmt":"2020-05-27T20:00:42","guid":{"rendered":"https:\/\/bos-scheyern.de\/sz\/?p=2631"},"modified":"2020-05-27T22:00:44","modified_gmt":"2020-05-27T20:00:44","slug":"der-klima-tag-an-der-fos-bos-scheyern","status":"publish","type":"post","link":"https:\/\/bos-scheyern.de\/sz\/?p=2631","title":{"rendered":"Der Klima-Tag an der FOS\/BOS Scheyern"},"content":{"rendered":"\n<p>Warum gibt es den Klima-Tag eigentlich? Ganz klar: Damit Sch\u00fcler\/innen sich mit der Umwelt auseinandersetzen m\u00fcssen und ein Bewusstsein f\u00fcr die Klima-Problematik geschaffen wird. <\/p>\n\n\n\n<p>Daher hat die UNAG (Umwelt-Nachhaltigkeits-AG) im Rahmen des Tages der offenen T\u00fcr am 07.03.2020 ein breites Spektrum an Workshops mit verschiedensten Referenten\/innen angeboten, welche den Interessierten ihr Wissen gr\u00f6\u00dftenteils kostenfrei und mit Elan weitergegeben haben. Die Seminare der Experten\/innen haben sowohl im Schulgeb\u00e4ude als auch in Pfaffenhofen beziehungsweise rund um den Prielhof stattgefunden.<\/p>\n\n\n\n<p>Ein Vortrag \u00fcber die MiFaZ (online-Mitfahrzentrale) ist von zwei Mitgliedern der UNAG gehalten worden, so dass die Sch\u00fcler\/innen gemeinsam Mitfahrgelegenheiten erarbeiten und Angebote f\u00fcr diese erstellen konnten. Dabei ging es darum, dass die Jugendlichen sich selbst an der eigenen Nase packen und der Umwelt durch die Einsparung von CO2 etwas Gutes tun, wenn sie die MiFaZ nutzen. Auch externe Besucher\/innen haben die M\u00f6glichkeit mit Begeisterung genutzt, sich mithilfe des Standes \u00fcber die MiFaZ zu informieren. Ferner haben sich Sch\u00fcler\/innen in den Bereichen Foodsharing, Handyreparatur und erneuerbare Energien weitergebildet.<\/p>\n\n\n\n<p>Au\u00dferdem wurden praxisnahe Exkursionen von Fachleuten durchgef\u00fchrt, so auch beim Bienenhof Pausch. Dort haben die Sch\u00fcler\/innen eine F\u00fchrung durch die Imkerei erhalten, in der man \u00fcber die nachhaltige Verarbeitung von Bienenerzeugnissen aufgekl\u00e4rt wurde. Selbst das schlechte Wetter hat die Beteiligten nicht von den lehrreichen Ausfl\u00fcgen in die Natur abgehalten.<\/p>\n\n\n\n<p>Unser Res\u00fcmee: Der Tag ist f\u00fcr alle informativ gewesen und hat vielen neuen Input gegeben. Daher ein gro\u00dfes Dankesch\u00f6n an alle Mitwirkenden und an Herrn Schaal f\u00fcr die gelungene Organisation und die zeitintensive Planung. <\/p>\n\n\n\n<p><\/p>\n\n\n\n<p>von Alina Sokacz, Emily Buchberger, Amina Vilsmaier &amp; Sarah Neubauer <\/p>\n","protected":false},"excerpt":{"rendered":"<div class=\"mh-excerpt\"><p>Im Rahmen des Tages der offenen T\u00fcr am 07.03.2020 hat die UNAG (Umwelt-Nachhaltigkeits-AG) ein breites Spektrum an Workshops mit verschiedensten Referenten\/innen angeboten, damit sich Sch\u00fcler\/innen mit der Umwelt auseinandersetzen m\u00fcssen und ein Bewusstsein f\u00fcr die Klima-Problematik geschaffen wird.<\/p>\n<\/div>","protected":false},"author":36,"featured_media":2633,"comment_status":"closed","ping_status":"closed","sticky":false,"template":"","format":"standard","meta":{"footnotes":""},"categories":[20],"tags":[],"_links":{"self":[{"href":"https:\/\/bos-scheyern.de\/sz\/index.php?rest_route=\/wp\/v2\/posts\/2631"}],"collection":[{"href":"https:\/\/bos-scheyern.de\/sz\/index.php?rest_route=\/wp\/v2\/posts"}],"about":[{"href":"https:\/\/bos-scheyern.de\/sz\/index.php?rest_route=\/wp\/v2\/types\/post"}],"author":[{"embeddable":true,"href":"https:\/\/bos-scheyern.de\/sz\/index.php?rest_route=\/wp\/v2\/users\/36"}],"replies":[{"embeddable":true,"href":"https:\/\/bos-scheyern.de\/sz\/index.php?rest_route=%2Fwp%2Fv2%2Fcomments&post=2631"}],"version-history":[{"count":2,"href":"https:\/\/bos-scheyern.de\/sz\/index.php?rest_route=\/wp\/v2\/posts\/2631\/revisions"}],"predecessor-version":[{"id":2634,"href":"https:\/\/bos-scheyern.de\/sz\/index.php?rest_route=\/wp\/v2\/posts\/2631\/revisions\/2634"}],"wp:featuredmedia":[{"embeddable":true,"href":"https:\/\/bos-scheyern.de\/sz\/index.php?rest_route=\/wp\/v2\/media\/2633"}],"wp:attachment":[{"href":"https:\/\/bos-scheyern.de\/sz\/index.php?rest_route=%2Fwp%2Fv2%2Fmedia&parent=2631"}],"wp:term":[{"taxonomy":"category","embeddable":true,"href":"https:\/\/bos-scheyern.de\/sz\/index.php?rest_route=%2Fwp%2Fv2%2Fcategories&post=2631"},{"taxonomy":"post_tag","embeddable":true,"href":"https:\/\/bos-scheyern.de\/sz\/index.php?rest_route=%2Fwp%2Fv2%2Ftags&post=2631"}],"curies":[{"name":"wp","href":"https:\/\/api.w.org\/{rel}","templated":true}]}}