{"id":2636,"date":"2020-07-03T17:21:07","date_gmt":"2020-07-03T15:21:07","guid":{"rendered":"https:\/\/bos-scheyern.de\/sz\/?p=2636"},"modified":"2020-07-03T17:21:08","modified_gmt":"2020-07-03T15:21:08","slug":"gleiche-abi-chancen-fuer-alle","status":"publish","type":"post","link":"https:\/\/bos-scheyern.de\/sz\/?p=2636","title":{"rendered":"Gleiche Abi-Chancen f\u00fcr alle?"},"content":{"rendered":"\n<p>von Lukas Wiesbeck<\/p>\n\n\n\n<p>Eine Sch\u00fclerin klagte f\u00fcr eine Verschiebung des Abiturs,\nweil sie sich von der Ger\u00e4uschkulisse zuhause in der Vorbereitung gest\u00f6rt\nf\u00fchlte. Aber hier machte ihr das Berliner Gericht einen Strich durch die\nRechnung. Verst\u00e4ndnis und Mitgef\u00fchl? Fehlanzeige.<\/p>\n\n\n\n<p>Man kann es sich durchaus gut vorstellen: Man sitzt\nzuhause, will sich konzentrieren und lernen, genau dann will die nervige\nSchwester\/der nervige Bruder die Musik einfach nicht leiser machen oder die\nMama muss ausgerechnet jetzt staubsaugen. Und nun stelle man sich diese\nSituation in einer kleinen Wohnung in Berlin w\u00e4hrend der Corona-Pandemie vor.\nDas ist die Realit\u00e4t f\u00fcr eine Berliner Sch\u00fclerin, die mit ihren Eltern und\nihrem Bruder in einer kleinen 2.5 Zimmer Wohnung in Berlin wohnt. Zudem kommt\nnat\u00fcrlich in der Corona-Krise, dass immer alle zuhause sind und man keine\nAusweichm\u00f6glichkeiten hat.<\/p>\n\n\n\n<p>Einerseits kann man das Gericht schon verstehen: Man kann\nnicht f\u00fcr jeden einfach so das Abitur verschieben, blo\u00df weil es ein wenig laut\nist. Mit solchen Problemen mussten sich auch schon andere Sch\u00fcler in den\nvorherigen Jahren rumschlagen. So w\u00fcrde man ja nie mit dem Abitur fertig. <\/p>\n\n\n\n<p>Aber dieses Jahr ist alles anders und besonders schlimm,\ndank: CORONA. Denn diese Sch\u00fcler k\u00f6nnen einfach nicht ausweichen. Sie k\u00f6nnen\nnicht bei Freunden lernen. Sie k\u00f6nnen nicht in die leise Bibliothek ausweichen.\nSie k\u00f6nnen sich nicht in den friedlichen Park setzen. Sie k\u00f6nnen nicht den Lernsaal\noder die leeren Klassenzimmer in der Schule nutzen. <\/p>\n\n\n\n<p>Aber wenigstens kann die Berlinerin sich an ihren Computer setzen und mit Kopfh\u00f6rern lernen, oder? Nein, geht leider nicht, denn die Sch\u00fclerin hat nicht einmal einen eigenen Computer! Und das ist wahrscheinlich das gr\u00f6\u00dfte Versagen unseres Staates: dass nicht alle Sch\u00fcler oder wenigstens die Sch\u00fcler in sozial benachteiligten Familien einen Laptop zugeteilt bekommen. Nein, man setzt lieber Milliarden f\u00fcr einen neuen Flughafen in den Sand, als unserer Jugend wichtige Lernmittel zukommen zu lassen. Und es ist ja nicht so, als w\u00fcrde es nicht in anderen L\u00e4ndern auch klappen. In den Niederlanden zum Beispiel bekommen die Kinder schon in der Grundschule einen Laptop zugeteilt, den sie dann nach den 4 Jahren sehr g\u00fcnstig abkaufen k\u00f6nnen. Davon k\u00f6nnen unsere Abiturienten nur tr\u00e4umen, geschweige denn unsere Grundsch\u00fcler.<\/p>\n\n\n\n<p>In der Corona-Krise dringt eine Frage ans Tageslicht: Haben wirklich alle Sch\u00fcler in Deutschland die gleichen Chancen auf Bildung, wie es eigentlich im Grundgesetz verankert ist? <\/p>\n","protected":false},"excerpt":{"rendered":"<div class=\"mh-excerpt\"><p>In der Corona-Krise dringt eine Frage ans Tageslicht: Haben wirklich alle Sch\u00fcler in Deutschland die gleichen Chancen auf Bildung, wie es eigentlich im Grundgesetz verankert ist?<\/p>\n<\/div>","protected":false},"author":36,"featured_media":2637,"comment_status":"closed","ping_status":"closed","sticky":false,"template":"","format":"standard","meta":{"footnotes":""},"categories":[20],"tags":[],"_links":{"self":[{"href":"https:\/\/bos-scheyern.de\/sz\/index.php?rest_route=\/wp\/v2\/posts\/2636"}],"collection":[{"href":"https:\/\/bos-scheyern.de\/sz\/index.php?rest_route=\/wp\/v2\/posts"}],"about":[{"href":"https:\/\/bos-scheyern.de\/sz\/index.php?rest_route=\/wp\/v2\/types\/post"}],"author":[{"embeddable":true,"href":"https:\/\/bos-scheyern.de\/sz\/index.php?rest_route=\/wp\/v2\/users\/36"}],"replies":[{"embeddable":true,"href":"https:\/\/bos-scheyern.de\/sz\/index.php?rest_route=%2Fwp%2Fv2%2Fcomments&post=2636"}],"version-history":[{"count":1,"href":"https:\/\/bos-scheyern.de\/sz\/index.php?rest_route=\/wp\/v2\/posts\/2636\/revisions"}],"predecessor-version":[{"id":2638,"href":"https:\/\/bos-scheyern.de\/sz\/index.php?rest_route=\/wp\/v2\/posts\/2636\/revisions\/2638"}],"wp:featuredmedia":[{"embeddable":true,"href":"https:\/\/bos-scheyern.de\/sz\/index.php?rest_route=\/wp\/v2\/media\/2637"}],"wp:attachment":[{"href":"https:\/\/bos-scheyern.de\/sz\/index.php?rest_route=%2Fwp%2Fv2%2Fmedia&parent=2636"}],"wp:term":[{"taxonomy":"category","embeddable":true,"href":"https:\/\/bos-scheyern.de\/sz\/index.php?rest_route=%2Fwp%2Fv2%2Fcategories&post=2636"},{"taxonomy":"post_tag","embeddable":true,"href":"https:\/\/bos-scheyern.de\/sz\/index.php?rest_route=%2Fwp%2Fv2%2Ftags&post=2636"}],"curies":[{"name":"wp","href":"https:\/\/api.w.org\/{rel}","templated":true}]}}