{"id":2640,"date":"2020-09-11T08:55:37","date_gmt":"2020-09-11T06:55:37","guid":{"rendered":"https:\/\/bos-scheyern.de\/sz\/?p=2640"},"modified":"2020-11-02T16:40:31","modified_gmt":"2020-11-02T15:40:31","slug":"unag-die-umwelt-und-nachhaltigkeit-ag-an-der-fos-bos","status":"publish","type":"post","link":"https:\/\/bos-scheyern.de\/sz\/?p=2640","title":{"rendered":"UNAG &#8211; Die Umwelt und Nachhaltigkeit AG an der FOS\/ BOS"},"content":{"rendered":"\n<p><em>Die im Schuljahr 2019\/2020\ngegr\u00fcndete UNAG (Umwelt und Nachhaltigkeit AG) kommt auch dieses Jahr wieder\nmit Sch\u00fclern aller Klassenstufen sowie Lehrern zusammen.<\/em><\/p>\n\n\n\n<p>Nach dem ersten erfolgreichen\nJahr, in dem sich die AG besonders auf das formale und ihre Planung\nkonzentriert hat, sind die Mitglieder der AG bereit, neue Aktionen an der\nFOS\/BOS Scheyern in Angriff zu nehmen. Der bereits\ndurchgef\u00fchrte Klima-Tag zeigte, dass sich sowohl Sch\u00fclerinnen und Sch\u00fcler, als\nauch Lehrerinnen und Lehrer der Schule f\u00fcr die Thematik interessieren und gerne\nan den Aktionen teilnehmen. <\/p>\n\n\n\n<p>Positiv \u00e4u\u00dfert sich\nder Lehrer Otmar Schaal \u00fcber das erste Jahr und den Klima-Tag der UNAG: \u201e<em>Die\nUNAG der BO-Scheyern hat parallel zum Tag der offenen Schule f\u00fcr alle\nSch\u00fclerinnen und Sch\u00fcler einen Klima-Tag organisiert. Es wurden \u00fcber 30\nWorkshops und Exkursionen aus allen Bereichen angeboten. Die Sch\u00fcler konnten w\u00e4hlen\nzwischen Exkursionen in die Natur (Biodiversit\u00e4tspfad, Bienenhof Pausch,\nregionale klimaneutrale Landwirtschaft), Workshops zu Erneuerbaren Energien\n(Energiespeicher und Methanisierung, Windkraft, Energiespardorf), Mobilit\u00e4t\n(Workshop Mitfahrzentrale der BO-Scheyern, regionale Mobilit\u00e4tswende,\nenergieeffiziente Geb\u00e4ude) oder direkt aktiv werden im\nHandy-Reparatur-Workshop.<\/em> <em>Mit der Breite der Themen konnten die Sch\u00fcler\neinen Eindruck gewinnen, dass es viele Ans\u00e4tze f\u00fcr eine nachhaltige Lebensweise\ngibt. Zugleich wurde den Sch\u00fclern nahegebracht, dass man auch seinen eigenen\nLebensstil \u00fcberdenken muss. Das wurde besonders im Workshop\n\u201eLebensmittelverschwendung\u201c oder in der \u201eKlimafragestunde\u201c deutlich. Ich\nbedanke mich herzlich bei den Aktiven der UNAG, die vor, w\u00e4hrend und nach dem\nKlima-Tag mit sehr viel Einsatz zum Gelingen dieses Tages beigetragen haben.\nAu\u00dferdem bedanke ich mich bei der Klimareferentin des Landkreises und den\nvielen Referenten, die ihre Workshops meist ohne Honorar angeboten haben. Der Landkreis\nhat die Schule finanziell unterst\u00fctzt.\u201c <\/em><\/p>\n\n\n\n<p>&nbsp;Viele Sch\u00fcler\nkonnten sich Anfang des vergangenen Schuljahres f\u00fcr die AG begeistern. Darunter\nauch Alessia Kilian, damals in der Klasse F-S11A:<em> \u201eIch bin der UNAG\nbeigetreten, da ich es f\u00fcr eine gute M\u00f6glichkeit halte, mehr Personen \u00fcber das\nThema Umweltschutz zu informieren und unsere Schule umweltfreundlicher zu\ngestalten.\u201c<\/em> Eine weitere aktive Sch\u00fclerin, die sich unteranderem f\u00fcr den\nKlima-Tag eingesetzt hat, ist Emily Buchberger. <em>\u201eAlso bei mir war das so,\ndass ich zuvor auch schon bei Fridays-for-Future-Demos dabei war und mich\ngenerell das Thema Umwelt- und Artenschutz schon viel besch\u00e4ftigt hat. Da ich\nwei\u00df, dass es wichtig ist, dass man viele Leute darauf aufmerksam macht und\ndass wir bei dieser Challenge nur weiterkommen, wenn wir alle zusammenhelfen,\nwar f\u00fcr mich eigentlich klar, dass, wenn es eine Umwelt AG gibt, ich da dabei\nsein muss und mich da auch aktiv engagieren m\u00f6chte.\u201c<\/em><\/p>\n\n\n\n<p>Die AG freut sich auf\nneue und aktive Mitglieder, denen unsere Umwelt am Herzen liegt und die sich an\nden kommenden Aktionen beteiligen m\u00f6chten. Das bevorstehende erste Treffen im\nneuen Schuljahr findet am <strong>28.09.2020 um 15:30 Uhr im Vorlesungssaal <\/strong>&nbsp;statt. Wenn auch du dich bei der UNAG\nengagieren willst, dann besuch uns einfach bei diesem ersten Treffen oder bei\neinem unserer Online-Meetings auf Teams und werde ein Teil der AG. Bei Fragen haben interessierte\nSch\u00fclerinnen und Sch\u00fcler die M\u00f6glichkeit sich via Teams, E-Mail oder pers\u00f6nlich\nbei der Lehrkraft Marco Skiba (<a href=\"mailto:marco.skiba@fos-bos-scheyern.de\">marco.skiba@fos-bos-scheyern.de<\/a>) oder der Sch\u00fclerin Hana Besirevic (F-S12A) zu melden. <\/p>\n","protected":false},"excerpt":{"rendered":"<div class=\"mh-excerpt\"><p>Die im Schuljahr 2019\/2020 gegr\u00fcndete UNAG (Umwelt und Nachhaltigkeit AG) kommt auch dieses Jahr wieder mit Sch\u00fclern aller Klassenstufen sowie Lehrern zusammen. Nach dem ersten <a class=\"mh-excerpt-more\" href=\"https:\/\/bos-scheyern.de\/sz\/?p=2640\" title=\"UNAG &#8211; Die Umwelt und Nachhaltigkeit AG an der FOS\/ BOS\">[&#8230;]<\/a><\/p>\n<\/div>","protected":false},"author":39,"featured_media":2641,"comment_status":"closed","ping_status":"closed","sticky":false,"template":"","format":"standard","meta":{"footnotes":""},"categories":[20],"tags":[],"_links":{"self":[{"href":"https:\/\/bos-scheyern.de\/sz\/index.php?rest_route=\/wp\/v2\/posts\/2640"}],"collection":[{"href":"https:\/\/bos-scheyern.de\/sz\/index.php?rest_route=\/wp\/v2\/posts"}],"about":[{"href":"https:\/\/bos-scheyern.de\/sz\/index.php?rest_route=\/wp\/v2\/types\/post"}],"author":[{"embeddable":true,"href":"https:\/\/bos-scheyern.de\/sz\/index.php?rest_route=\/wp\/v2\/users\/39"}],"replies":[{"embeddable":true,"href":"https:\/\/bos-scheyern.de\/sz\/index.php?rest_route=%2Fwp%2Fv2%2Fcomments&post=2640"}],"version-history":[{"count":1,"href":"https:\/\/bos-scheyern.de\/sz\/index.php?rest_route=\/wp\/v2\/posts\/2640\/revisions"}],"predecessor-version":[{"id":2642,"href":"https:\/\/bos-scheyern.de\/sz\/index.php?rest_route=\/wp\/v2\/posts\/2640\/revisions\/2642"}],"wp:featuredmedia":[{"embeddable":true,"href":"https:\/\/bos-scheyern.de\/sz\/index.php?rest_route=\/wp\/v2\/media\/2641"}],"wp:attachment":[{"href":"https:\/\/bos-scheyern.de\/sz\/index.php?rest_route=%2Fwp%2Fv2%2Fmedia&parent=2640"}],"wp:term":[{"taxonomy":"category","embeddable":true,"href":"https:\/\/bos-scheyern.de\/sz\/index.php?rest_route=%2Fwp%2Fv2%2Fcategories&post=2640"},{"taxonomy":"post_tag","embeddable":true,"href":"https:\/\/bos-scheyern.de\/sz\/index.php?rest_route=%2Fwp%2Fv2%2Ftags&post=2640"}],"curies":[{"name":"wp","href":"https:\/\/api.w.org\/{rel}","templated":true}]}}