{"id":2662,"date":"2020-11-02T17:01:45","date_gmt":"2020-11-02T16:01:45","guid":{"rendered":"https:\/\/bos-scheyern.de\/sz\/?p=2662"},"modified":"2020-11-10T18:36:21","modified_gmt":"2020-11-10T17:36:21","slug":"unag-das-erste-treffen-der-umwelt-und-nachhaltigkeit-ag-an-der-fos-bos","status":"publish","type":"post","link":"https:\/\/bos-scheyern.de\/sz\/?p=2662","title":{"rendered":"UNAG- Das erste Treffen der Umwelt und Nachhaltigkeit AG an der FOS\/ BOS"},"content":{"rendered":"\n<p><em>Das neue Schuljahr startet und damit auch die UNAG. Mit neuen Mitgliedern und Ideen sieht die AG einem produktiven und aktionsreichen Jahr entgegen.<\/em><\/p>\n\n\n\n<p>Die im letzten Schuljahr gegr\u00fcndete UNAG findet sich auch dieses Jahr wieder zusammen. Mitte September wurden alle Klassen der Schule von aktuellen und ehemaligen Mitgliedern der UNAG besucht, zudem erschien in der Sch\u00fclerzeitung <em>THE EYE OF SCHEYERN<\/em>&nbsp;ein Artikel \u00fcber die AG.&nbsp;Auch ein Flyer wurde dazu von der AG designend und an Interessierte verteilt. Selbst im Lehrerzimmer lud ein kleiner Pl\u00e4tzchen-Gru\u00df (hygienisch in einzelne Portionen verpackt und mit regionalen, veganen Zutaten) <\/p>\n\n\n\n<div class=\"wp-block-image\"><figure class=\"alignright\"><img loading=\"lazy\" decoding=\"async\" width=\"270\" height=\"148\" src=\"https:\/\/bos-scheyern.de\/sz\/wp-content\/uploads\/2020\/11\/image-1.png\" alt=\"\" class=\"wp-image-2666\" srcset=\"https:\/\/bos-scheyern.de\/sz\/wp-content\/uploads\/2020\/11\/image-1.png 270w, https:\/\/bos-scheyern.de\/sz\/wp-content\/uploads\/2020\/11\/image-1-200x110.png 200w\" sizes=\"(max-width: 270px) 100vw, 270px\" \/><\/figure><\/div>\n\n\n\n<p>die Lehrkr\u00e4fte ein,&nbsp;zum&nbsp;ersten Treffen der AG einmal vorbeizuschauen.&nbsp; Beim ersten Treffen am 28.09.2020 trafen sich einige neue mit bereits vom letzten Jahr aktiven&nbsp; Mitglieder um Ideen auszutauschen und an geplanten Projekten des letzten Jahres anzukn\u00fcpfen. Die AG setzt sich zun\u00e4chst das Ziel einen Dokumentationsabend zu verwirklichen und neue Ideen f\u00fcr k\u00fcnftige Aktionen zu sammeln. Besonders wichtig f\u00fcr die Umsetzung und Einf\u00fchrung neuer und innovativer Ideen sind neue Mitglieder, so wie Ismeta Botonjic (FAS12A). \u201eIch habe mich dieses Jahr dazu entschlossen, bei der UNAG mitzumachen, da mir die Umwelt sehr am Herzen liegt. Ich finde es super, dass wir auf unserer Schule die M\u00f6glichkeit haben bei so einer AG mitzumachen. Au\u00dferdem freue ich mich auf die Projekte und die Zusammenarbeit mit den anderen Mitgliedern der UNAG.\u201c<\/p>\n\n\n\n<div class=\"wp-block-image\"><figure class=\"alignright is-resized\"><img loading=\"lazy\" decoding=\"async\" src=\"https:\/\/bos-scheyern.de\/sz\/wp-content\/uploads\/2020\/11\/image-300x192.png\" alt=\"\" class=\"wp-image-2664\" width=\"322\" height=\"206\" srcset=\"https:\/\/bos-scheyern.de\/sz\/wp-content\/uploads\/2020\/11\/image-300x192.png 300w, https:\/\/bos-scheyern.de\/sz\/wp-content\/uploads\/2020\/11\/image-200x128.png 200w, https:\/\/bos-scheyern.de\/sz\/wp-content\/uploads\/2020\/11\/image.png 320w\" sizes=\"(max-width: 322px) 100vw, 322px\" \/><\/figure><\/div>\n\n\n\n<p>Als zust\u00e4ndige Lehrkraft und\nGr\u00fcnder der AG ist Marco Skiba zuversichtlich, in ein aktionsreiches Jahr zu\nstarten. <em>\u201e<\/em><em>Liebend gerne nehmen wir\nnat\u00fcrlich auch noch neue Mitglieder auf! Wenn Sie also Interesse haben, egal ob\nSch\u00fcler\/in, Lehrer\/in oder&nbsp;anderweitiges&nbsp;Mitglied unserer\nSchulgemeinschaft, melden Sie sich einfach bei Herrn Skiba pers\u00f6nlich, oder per\nE-Mail an&nbsp;<\/em><a href=\"mailto:marco.skiba@fosbos-scheyern.de\"><em>marco.skiba@fosbos-scheyern.de<\/em><\/a><em>. Wir freuen uns auf Sie!\u201c<\/em><\/p>\n\n\n\n<p>Die AG besch\u00e4ftigt sich derzeit mit der Bildung unterschiedlicher Arbeitsgruppen, die Ihre Ergebnisse bei den monatlichen Treffen aller Mitglieder besprechen und konstruktiv diskutiert. Mit einer stolzen Mitgliederzahl von mehr als 13 aktiven Teilnehmern freuen sich die Mitglieder und zust\u00e4ndigen Lehrkr\u00e4fte darauf neue Herausforderungen anzunehmen und den Alltag der FOS\/BOS Scheyern nachhaltiger und umweltbewusster zu gestalten. <\/p>\n","protected":false},"excerpt":{"rendered":"<div class=\"mh-excerpt\"><p>Das neue Schuljahr startet und damit auch die UNAG. Mit neuen Mitgliedern und Ideen sieht die AG einem produktiven und aktionsreichen Jahr entgegen. Die im <a class=\"mh-excerpt-more\" href=\"https:\/\/bos-scheyern.de\/sz\/?p=2662\" title=\"UNAG- Das erste Treffen der Umwelt und Nachhaltigkeit AG an der FOS\/ BOS\">[&#8230;]<\/a><\/p>\n<\/div>","protected":false},"author":39,"featured_media":2663,"comment_status":"closed","ping_status":"closed","sticky":false,"template":"","format":"standard","meta":{"footnotes":""},"categories":[20],"tags":[],"_links":{"self":[{"href":"https:\/\/bos-scheyern.de\/sz\/index.php?rest_route=\/wp\/v2\/posts\/2662"}],"collection":[{"href":"https:\/\/bos-scheyern.de\/sz\/index.php?rest_route=\/wp\/v2\/posts"}],"about":[{"href":"https:\/\/bos-scheyern.de\/sz\/index.php?rest_route=\/wp\/v2\/types\/post"}],"author":[{"embeddable":true,"href":"https:\/\/bos-scheyern.de\/sz\/index.php?rest_route=\/wp\/v2\/users\/39"}],"replies":[{"embeddable":true,"href":"https:\/\/bos-scheyern.de\/sz\/index.php?rest_route=%2Fwp%2Fv2%2Fcomments&post=2662"}],"version-history":[{"count":5,"href":"https:\/\/bos-scheyern.de\/sz\/index.php?rest_route=\/wp\/v2\/posts\/2662\/revisions"}],"predecessor-version":[{"id":2671,"href":"https:\/\/bos-scheyern.de\/sz\/index.php?rest_route=\/wp\/v2\/posts\/2662\/revisions\/2671"}],"wp:featuredmedia":[{"embeddable":true,"href":"https:\/\/bos-scheyern.de\/sz\/index.php?rest_route=\/wp\/v2\/media\/2663"}],"wp:attachment":[{"href":"https:\/\/bos-scheyern.de\/sz\/index.php?rest_route=%2Fwp%2Fv2%2Fmedia&parent=2662"}],"wp:term":[{"taxonomy":"category","embeddable":true,"href":"https:\/\/bos-scheyern.de\/sz\/index.php?rest_route=%2Fwp%2Fv2%2Fcategories&post=2662"},{"taxonomy":"post_tag","embeddable":true,"href":"https:\/\/bos-scheyern.de\/sz\/index.php?rest_route=%2Fwp%2Fv2%2Ftags&post=2662"}],"curies":[{"name":"wp","href":"https:\/\/api.w.org\/{rel}","templated":true}]}}