{"id":2683,"date":"2020-11-19T17:38:48","date_gmt":"2020-11-19T16:38:48","guid":{"rendered":"https:\/\/bos-scheyern.de\/sz\/?p=2683"},"modified":"2021-04-23T14:46:52","modified_gmt":"2021-04-23T12:46:52","slug":"schulstart-an-der-fos-bos-2020","status":"publish","type":"post","link":"https:\/\/bos-scheyern.de\/sz\/?p=2683","title":{"rendered":"Scheyerns neue Gesichter"},"content":{"rendered":"\n<p><em>Das neue Schuljahr an der FOS\/ BOS beginnt und auch in diesem Jahr d\u00fcrfen wir neue Sch\u00fcler, aber auch neue Lehrkr\u00e4fte begr\u00fc\u00dfen.<\/em><\/p>\n\n\n\n<div class=\"wp-block-image\"><figure class=\"alignright\"><img loading=\"lazy\" decoding=\"async\" width=\"169\" height=\"300\" src=\"https:\/\/bos-scheyern.de\/sz\/wp-content\/uploads\/2020\/11\/LANG_FLORIAN-169x300.png\" alt=\"\" class=\"wp-image-2684\" srcset=\"https:\/\/bos-scheyern.de\/sz\/wp-content\/uploads\/2020\/11\/LANG_FLORIAN-169x300.png 169w, https:\/\/bos-scheyern.de\/sz\/wp-content\/uploads\/2020\/11\/LANG_FLORIAN-112x200.png 112w, https:\/\/bos-scheyern.de\/sz\/wp-content\/uploads\/2020\/11\/LANG_FLORIAN-400x711.png 400w, https:\/\/bos-scheyern.de\/sz\/wp-content\/uploads\/2020\/11\/LANG_FLORIAN.png 750w\" sizes=\"(max-width: 169px) 100vw, 169px\" \/><\/figure><\/div>\n\n\n\n<p>Von Hana Besirevic <\/p>\n\n\n\n<p style=\"text-align:left\">Die FOS\/BOS Scheyern freut sich<strong> Herr Lang<\/strong> wiederzusehen, er selbst hat die Schule und einige Lehrer n\u00e4mlich schon als Sch\u00fcler erleben d\u00fcrfen. Nun unterrichtet er bereits im zweiten Jahr Sport und Wirtschaft. Bevor er an die FOS\/BOS Scheyern gekommen ist, hat er an der Berufsschule Aichach unterrichtet. Doch nachdem er Scheyern als erste Priorit\u00e4t angegeben hatte, ist er nun hier. Besonders gut gef\u00e4llt ihm an Scheyern die Landschaft, die famili\u00e4ren Verh\u00e4ltnisse, der Klosterhof und die sch\u00f6ne Atmosph\u00e4re. Auch die gute Atmosph\u00e4re zwischen Lehrern und Sch\u00fclern sagt ihm zu. Seinen Kollegen und Sch\u00fclern r\u00e4t er Freude am Leben und an dem, was man macht, zu haben und in schwierigen Zeiten Durchhalteverm\u00f6gen zu beweisen. Er hofft, dass alle sportlich fit und aktiv bleiben, um die positiven gesundheitlichen Auswirkungen voll und ganz aussch\u00f6pfen zu k\u00f6nnen. Ebenso erhofft er sich einen r\u00fccksichtsvollen Umgang aller mit unserem Planeten.<\/p>\n\n\n\n<div class=\"wp-block-image\"><figure class=\"alignright\"><img loading=\"lazy\" decoding=\"async\" width=\"300\" height=\"258\" src=\"https:\/\/bos-scheyern.de\/sz\/wp-content\/uploads\/2020\/11\/Schlaffer-300x258.jpg\" alt=\"\" class=\"wp-image-2685\" srcset=\"https:\/\/bos-scheyern.de\/sz\/wp-content\/uploads\/2020\/11\/Schlaffer-300x258.jpg 300w, https:\/\/bos-scheyern.de\/sz\/wp-content\/uploads\/2020\/11\/Schlaffer-200x172.jpg 200w, https:\/\/bos-scheyern.de\/sz\/wp-content\/uploads\/2020\/11\/Schlaffer-768x661.jpg 768w, https:\/\/bos-scheyern.de\/sz\/wp-content\/uploads\/2020\/11\/Schlaffer-400x344.jpg 400w, https:\/\/bos-scheyern.de\/sz\/wp-content\/uploads\/2020\/11\/Schlaffer.jpg 945w\" sizes=\"(max-width: 300px) 100vw, 300px\" \/><\/figure><\/div>\n\n\n\n<p>Nachdem eine gemeinsame Zusammenarbeit innerhalb von zwei Tagen mit der Schulleitung vereinbart wurde, d\u00fcrfen wir nun auch <strong>Herr Schlaffer<\/strong> in Scheyern willkommen hei\u00dfen. Nach vier Jahren Lehrerfahrung unterrichtet er nun die F\u00e4cher Chemie und Mathematik an unserer Schule. Davor verbrachte er sein Lehrerdasein an drei Schulen in Ingolstadt, in Kempten in Kaufbeuren und an einer Grundschule in Vohburg. Gut gef\u00e4llt ihm an Scheyern einerseits das Klostergel\u00e4nde, aber auch die technische Ausstattung, sowie das angenehme Umfeld, das hilfsbereite Kollegium und auch mit den Sch\u00fclern kommt er gut zurecht. Den Sch\u00fclern und Kollegen empfiehlt er, sich dieses Schuljahr nicht verr\u00fcckt zu machen, auch in Bezug auf das Virus. <\/p>\n\n\n\n<div class=\"wp-block-image\"><figure class=\"alignright\"><img loading=\"lazy\" decoding=\"async\" width=\"225\" height=\"300\" src=\"https:\/\/bos-scheyern.de\/sz\/wp-content\/uploads\/2020\/11\/IMG_20201012_131052-225x300.jpg\" alt=\"\" class=\"wp-image-2691\" srcset=\"https:\/\/bos-scheyern.de\/sz\/wp-content\/uploads\/2020\/11\/IMG_20201012_131052-225x300.jpg 225w, https:\/\/bos-scheyern.de\/sz\/wp-content\/uploads\/2020\/11\/IMG_20201012_131052-150x200.jpg 150w, https:\/\/bos-scheyern.de\/sz\/wp-content\/uploads\/2020\/11\/IMG_20201012_131052-768x1024.jpg 768w, https:\/\/bos-scheyern.de\/sz\/wp-content\/uploads\/2020\/11\/IMG_20201012_131052-1250x1667.jpg 1250w, https:\/\/bos-scheyern.de\/sz\/wp-content\/uploads\/2020\/11\/IMG_20201012_131052-400x533.jpg 400w\" sizes=\"(max-width: 225px) 100vw, 225px\" \/><\/figure><\/div>\n\n\n\n<p>Seit Beginn dieses Schuljahres darf Scheyern zudem <strong>Frau Romano<\/strong> im Team begr\u00fc\u00dfen. Die Mathematikerin unterrichtet nun seit Beginn dieses Jahres zum ersten Mal. Hier an der FOS\/BOS und an der Berufsschule in Pfaffenhofen widmet sie sich den F\u00e4cher Mathematik, Naturwissenschaften und dem Fachbereich Elektro. Besonders gut gef\u00e4llt ihr an Scheyern das Gel\u00e4nde und bei dem aufgeschlossenen Kollegium und den Sch\u00fclern f\u00fchlt sie sie sich gut aufgehoben. Ein Ratschlag, den sie allen geben m\u00f6chte, ist, dass man sich nicht wegen Corona entmutigen lassen und einfach so gut arbeiten sollte, wie es unter diesen Bedingungen geht. Und ganz wichtig! \u201eNie durch 0 teilen\u201c<\/p>\n\n\n\n<p><\/p>\n\n\n\n<p><\/p>\n\n\n\n<div class=\"wp-block-image\"><figure class=\"alignright\"><img loading=\"lazy\" decoding=\"async\" width=\"225\" height=\"300\" src=\"https:\/\/bos-scheyern.de\/sz\/wp-content\/uploads\/2020\/11\/IMG_20201007_112251-225x300.jpg\" alt=\"\" class=\"wp-image-2690\" srcset=\"https:\/\/bos-scheyern.de\/sz\/wp-content\/uploads\/2020\/11\/IMG_20201007_112251-225x300.jpg 225w, https:\/\/bos-scheyern.de\/sz\/wp-content\/uploads\/2020\/11\/IMG_20201007_112251-150x200.jpg 150w, https:\/\/bos-scheyern.de\/sz\/wp-content\/uploads\/2020\/11\/IMG_20201007_112251-768x1024.jpg 768w, https:\/\/bos-scheyern.de\/sz\/wp-content\/uploads\/2020\/11\/IMG_20201007_112251-1250x1667.jpg 1250w, https:\/\/bos-scheyern.de\/sz\/wp-content\/uploads\/2020\/11\/IMG_20201007_112251-400x533.jpg 400w\" sizes=\"(max-width: 225px) 100vw, 225px\" \/><\/figure><\/div>\n\n\n\n<p>An der FOS\/BOS unterrichtet seit Beginn des Jahres<strong>Herr Sedlmaier<\/strong> Physik. Derzeit befindet er sich im zweiten Jahr seines Referendariats und verbrachte davor vier Jahre als Aushilfslehrkraft unter anderem an einer M\u00fcnchener Berufsschule f\u00fcr Elektrikerberufe in Memmingen und Kempten. Scheyern war nun aber sein erster Wunsch. Besonders gut gefallen ihm die technische Ausstattung, die Kollegen und die Sch\u00fcler. Den anderen Lehrern und Sch\u00fclern m\u00f6chte er den Ratschlag geben, sich nicht zu stressen (\u201etu ich auch nicht\u201c) und alles \u201eMit Ruhe und Gem\u00fctlichkeit\u201c anzugehen.<\/p>\n\n\n\n<p><\/p>\n\n\n\n<p><\/p>\n\n\n\n<p>Des Weiteren freuen wir uns, <strong>Frau Krajewski<\/strong> in Scheyern begr\u00fc\u00dfen zu d\u00fcrfen. Bereits seit 2016 sammelt sie Erfahrung als Lehrkraft und m\u00f6chte diese nun in Scheyern unter in dem Fach Englisch anwenden und erweitern. Ihr Zweitfach ist Sozialkunde. Bevor sie in diesem Jahr an die FOS kam, unterrichtete sie an einem Gymnasium in Neumarkt in der Oberpfalz. Die Zusammenarbeit mit den Kollegen\/ Kolleginnen in Scheyern empfindet sie als sehr angenehmen und auch die Arbeit in den Klassen bereitet ihr viel Spa\u00df. \u201eDie Motivation der Sch\u00fclerInnen ist wirklich zu sp\u00fcren\u201c, sagt sie uns. Der Ratschlag, den sie den Sch\u00fclern und Lehrern dieses Jahr geben m\u00f6chte, ist: \u201eWo ein Wille ist, ist auch ein Weg \u2013 wenn man bereit ist, sich in etwas reinzuknien, dann erreicht man auch, was man sich vornimmt. Und wenn man das dann noch gut gelaunt schafft, ist es noch viel besser.\u201c<\/p>\n\n\n\n<div class=\"wp-block-image\"><figure class=\"alignright\"><img loading=\"lazy\" decoding=\"async\" width=\"225\" height=\"300\" src=\"https:\/\/bos-scheyern.de\/sz\/wp-content\/uploads\/2020\/11\/IMG-20200402-WA0009-225x300.jpg\" alt=\"\" class=\"wp-image-2686\" srcset=\"https:\/\/bos-scheyern.de\/sz\/wp-content\/uploads\/2020\/11\/IMG-20200402-WA0009-225x300.jpg 225w, https:\/\/bos-scheyern.de\/sz\/wp-content\/uploads\/2020\/11\/IMG-20200402-WA0009-150x200.jpg 150w, https:\/\/bos-scheyern.de\/sz\/wp-content\/uploads\/2020\/11\/IMG-20200402-WA0009-400x534.jpg 400w, https:\/\/bos-scheyern.de\/sz\/wp-content\/uploads\/2020\/11\/IMG-20200402-WA0009.jpg 713w\" sizes=\"(max-width: 225px) 100vw, 225px\" \/><\/figure><\/div>\n\n\n\n<p>Ebenfalls neu an der Schule ist <strong>Herr Geneder<\/strong>. Sein Referendariat begann er 2014, absolvierte es 2016 und unterrichtet somit seit sechs Jahren. Bevor er an die FOS Scheyern kam, um hier Mathematik und katholische Religionslehre zu unterrichten, verbrachte er seine Zeit als Lehrkraft an einer FOS im mittelfrankischen Ansbach in. Nach Scheyern ist er gekommen, um hier mit seiner Familie leben zu k\u00f6nnen, besonders gut gef\u00e4llt ihm die famili\u00e4re Atmosph\u00e4re. Der Ratschlag, den er den anderen Sch\u00fclern und Lehrern geben m\u00f6chte, ist, auch wenn es stressig ist, die wichtigen Sachen nicht aus den Augen zu verlieren. <\/p>\n\n\n\n<p><\/p>\n\n\n\n<p><\/p>\n\n\n\n<p>Die FOS\/ BOS freut\nsich au\u00dferdem auf <strong>Frau Hendrich.<\/strong> Als Quereinsteigerin unterrichtet sie\nnun seit diesem Schuljahr das Wahlpflichtfach \u201eAspekte der Psychologie\u201c hier an\nder FOS\/BOS Scheyern. Urspr\u00fcnglich studierte sie Psychologie und forschte,\nbevor sie nach Scheyern kam, am Lehrstuhl f\u00fcr experimentelle Psychologie an der\nLMU in M\u00fcnchen, ging daraufhin in Elternzeit. Das Unterrichten bereitete ihr\nbereits damals viel Spa\u00df, deshalb freut sie sich, dies nun hier an der Schule\nweiterf\u00fchren zu k\u00f6nnen. Die FOS\/BOS findet sie sehr sch\u00f6n und f\u00fchlt sich auch\ngut vom Kollegium und den Sch\u00fclern aufgenommen. Als Ratschlag f\u00fcr dieses\nSchuljahr hat sie ein Zitat f\u00fcr uns: \u201eNiemand wei\u00df was er kann, bevor er es\nversucht\u201c<\/p>\n\n\n\n<div class=\"wp-block-image\"><figure class=\"alignright\"><img loading=\"lazy\" decoding=\"async\" width=\"225\" height=\"300\" src=\"https:\/\/bos-scheyern.de\/sz\/wp-content\/uploads\/2020\/11\/image0-2-225x300.jpeg\" alt=\"\" class=\"wp-image-2689\" srcset=\"https:\/\/bos-scheyern.de\/sz\/wp-content\/uploads\/2020\/11\/image0-2-225x300.jpeg 225w, https:\/\/bos-scheyern.de\/sz\/wp-content\/uploads\/2020\/11\/image0-2-150x200.jpeg 150w, https:\/\/bos-scheyern.de\/sz\/wp-content\/uploads\/2020\/11\/image0-2-768x1024.jpeg 768w, https:\/\/bos-scheyern.de\/sz\/wp-content\/uploads\/2020\/11\/image0-2-1250x1667.jpeg 1250w, https:\/\/bos-scheyern.de\/sz\/wp-content\/uploads\/2020\/11\/image0-2-400x533.jpeg 400w\" sizes=\"(max-width: 225px) 100vw, 225px\" \/><\/figure><\/div>\n\n\n\n<p>Wir begr\u00fc\u00dfen zudem <strong>Herr M\u00fcller<\/strong> an der FOS\/BOS Scheyern. Herr M\u00fcller sammelt bereits seit \u00fcber zwei Jahren Lehrerfahrung. Er studierte zehn Semester, um nun die F\u00e4cherkombination Sozialkunde und P\u00e4dagogik\/ Psychologie unterrichten zu d\u00fcrfen. Die Zeit im Studium genoss er sehr. Gut gef\u00e4llt ihm an Scheyern, wie so vielen, die famili\u00e4re und gem\u00fctliche Atmosph\u00e4re. \u201eDas zeichnet die BOS Scheyern in meinen Augen aus.\u201c Zum Schluss habe wir noch eine Anmerkung von Herrn M\u00fcller f\u00fcr euch: \u201eZuerst die Milch, dann der Kakao\u201c.<\/p>\n\n\n\n<p><\/p>\n\n\n\n<p><\/p>\n\n\n\n<p>Wir freuen uns auf das vor uns liegende Schuljahr und w\u00fcnschen allen Sch\u00fclern\/ Sch\u00fclerinnen und Lehren\/ Lehrerinnen ein erfolgreiches Jahr mit gro\u00dfartigen Ergebnissen einer erfolgreichen gemeinsamen Zusammenarbeit. <\/p>\n","protected":false},"excerpt":{"rendered":"<div class=\"mh-excerpt\"><p>Das neue Schuljahr an der FOS\/ BOS beginnt und auch in diesem Jahr d\u00fcrfen wir neue Sch\u00fcler, aber auch neue Lehrkr\u00e4fte begr\u00fc\u00dfen. Von Hana Besirevic <a class=\"mh-excerpt-more\" href=\"https:\/\/bos-scheyern.de\/sz\/?p=2683\" title=\"Scheyerns neue Gesichter\">[&#8230;]<\/a><\/p>\n<\/div>","protected":false},"author":39,"featured_media":2703,"comment_status":"closed","ping_status":"closed","sticky":false,"template":"","format":"standard","meta":{"footnotes":""},"categories":[20],"tags":[],"_links":{"self":[{"href":"https:\/\/bos-scheyern.de\/sz\/index.php?rest_route=\/wp\/v2\/posts\/2683"}],"collection":[{"href":"https:\/\/bos-scheyern.de\/sz\/index.php?rest_route=\/wp\/v2\/posts"}],"about":[{"href":"https:\/\/bos-scheyern.de\/sz\/index.php?rest_route=\/wp\/v2\/types\/post"}],"author":[{"embeddable":true,"href":"https:\/\/bos-scheyern.de\/sz\/index.php?rest_route=\/wp\/v2\/users\/39"}],"replies":[{"embeddable":true,"href":"https:\/\/bos-scheyern.de\/sz\/index.php?rest_route=%2Fwp%2Fv2%2Fcomments&post=2683"}],"version-history":[{"count":13,"href":"https:\/\/bos-scheyern.de\/sz\/index.php?rest_route=\/wp\/v2\/posts\/2683\/revisions"}],"predecessor-version":[{"id":2760,"href":"https:\/\/bos-scheyern.de\/sz\/index.php?rest_route=\/wp\/v2\/posts\/2683\/revisions\/2760"}],"wp:featuredmedia":[{"embeddable":true,"href":"https:\/\/bos-scheyern.de\/sz\/index.php?rest_route=\/wp\/v2\/media\/2703"}],"wp:attachment":[{"href":"https:\/\/bos-scheyern.de\/sz\/index.php?rest_route=%2Fwp%2Fv2%2Fmedia&parent=2683"}],"wp:term":[{"taxonomy":"category","embeddable":true,"href":"https:\/\/bos-scheyern.de\/sz\/index.php?rest_route=%2Fwp%2Fv2%2Fcategories&post=2683"},{"taxonomy":"post_tag","embeddable":true,"href":"https:\/\/bos-scheyern.de\/sz\/index.php?rest_route=%2Fwp%2Fv2%2Ftags&post=2683"}],"curies":[{"name":"wp","href":"https:\/\/api.w.org\/{rel}","templated":true}]}}